{"id":2998,"date":"2018-05-09T13:00:17","date_gmt":"2018-05-09T11:00:17","guid":{"rendered":"http:\/\/www.vibrahotels.com\/?p=2998"},"modified":"2020-03-11T12:10:31","modified_gmt":"2020-03-11T11:10:31","slug":"las-openings-2018-ya-estan-aqui","status":"publish","type":"post","link":"https:\/\/www.vibrahotels.com\/blog\/las-openings-2018-ya-estan-aqui\/","title":{"rendered":"Openings Ibiza 2018: Las aperturas de fiestas ya est\u00e1n aqu\u00ed"},"content":{"rendered":"<p>Altos decibelios, color y espect\u00e1culo; shows y coreograf\u00edas imposible; grandes espacios repletos de manos que rozan el cielo. S\u00ed se\u00f1ores, lleg\u00f3 la \u00e9poca de los <strong>Openings 2018 a Ibiza<\/strong>. Hacemos un repaso de las siguientes semanas marcadas para muchos en rojo como una cita indiscutible con la m\u00fasica electr\u00f3nica en Ibiza. \u00bfTe apuntas a alguno?<\/p>\n<p><strong>Y Pach\u00e1 reabri\u00f3 sus puertas\u2026<\/strong><br \/>\nTras una temporada marcada por el cierre de la sala m\u00e1s m\u00edtica y antigua de Ibiza, Pacha vuelve a abrir sus puertas presentado una ambiciosa reforma del local realizada por el arquitecto <strong>Juli Capella<\/strong>. Una nueva era para las dos cerezas que viene marcada por un giro en su programaci\u00f3n musical. As\u00ed, entre los DJ\u2019s protagonistas de esta temporada, repiten nombres como <strong>Solomun<\/strong>, <strong>David Guetta<\/strong> y <strong>Bob Sinclair<\/strong> pero se abren paso gigantes (con may\u00fasculas) como <strong>Sven Vath<\/strong> y <strong>Fat Boy Slim<\/strong>. Para este mes de mayo, <strong>Pacha<\/strong> propone sus sesiones <strong>All night Long<\/strong>, en la que los DJ\u2019s no solo pinchan su hora de rigor bien entrada la madrugada. As\u00ed disfrutar de una noche entera de <strong>Fat Boy Slim<\/strong>, y <strong>Solomun<\/strong> ser\u00e1 posible el 18 y el 19 de mayo respectivamente. Y por cierto, entrada gratis para residentes hasta las 02h30, \u00bfun gui\u00f1o para compensar todos estos meses de silencio?<\/p>\n<p><img loading=\"lazy\" decoding=\"async\" class=\"alignnone size-full wp-image-3001\" src=\"http:\/\/www.vibrahotels.com\/wp-content\/uploads\/2018\/05\/embedded-1525515584.jpg\" alt=\"pacha_opening_2018\" width=\"740\" height=\"494\" srcset=\"https:\/\/www.vibrahotels.com\/blog\/wp-content\/uploads\/2018\/05\/embedded-1525515584.jpg 740w, https:\/\/www.vibrahotels.com\/blog\/wp-content\/uploads\/2018\/05\/embedded-1525515584-300x200.jpg 300w\" sizes=\"auto, (max-width: 740px) 100vw, 740px\" \/><\/p>\n<p><strong>\u00a1Las hormigas al ataque!<\/strong><br \/>\n<strong>Ushua\u00efa<\/strong> pone toda la carne en el asador y presenta su fiesta <strong>ANTS \u201cDouble Weekend Takeover\u201d<\/strong> para el 19 y el 26 de mayo. Para su puesta de largo del 19, se han anunciado nombres como<strong> Andrea Oliva<\/strong>, <strong>Apollonia<\/strong> y <strong>Paco Osuna<\/strong>. Muy recomendable tambi\u00e9n es el cartel del 26 de mayo en la que se marca la diferencia con <strong>Richie Hawtin<\/strong>, <strong>Adam Beyer<\/strong> y <strong>Coles<\/strong>. La gran novedad llegar\u00e1 en el mes de junio: elrow ampl\u00eda su presencia y se traslada a la pista del <strong>Ushua\u00efa<\/strong>: con seguridad todo un espect\u00e1culo que ser\u00e1 sold out \u2013 como es costumbre para \u201cestos chavales\u201d.<\/p>\n<p><strong>Amnesia, el primero en abrir sus puertas<\/strong><br \/>\nEl popular club presenta su <strong>Opening Party<\/strong> para este s\u00e1bado 12 de mayo de la mano de <strong>Luciano<\/strong>,<strong> Davide Squillace<\/strong> y <strong>DJ Ez entre otros<\/strong>. No ser\u00e1 hasta el viernes 18 de mayo que arrancar\u00e1 la fiesta de la promotora <strong>Music On<\/strong> con grandes como <strong>Marco Carola<\/strong>, <strong>Neverdogs<\/strong> y <strong>Pullen<\/strong>. El club adem\u00e1s ha anunciado ya la fecha para una de las fiestas que m\u00e1s \u00e9xito tienen: elrow. El pr\u00f3ximo 26 de mayo es el d\u00eda escogido para el espect\u00e1culo cirquense con un All night Long de <strong>Pan-Pot<\/strong>; y <strong>Steve Lawler<\/strong>, <strong>Technasia<\/strong> y <strong>Marc Maya<\/strong> en otros en su pista Terrace. Consejo: puedes comprar consumiciones con descuento en su web al 30% de descuento.<\/p>\n<p><strong>Privilege, The world biggest club <\/strong>arranca<strong> con Faithless!<\/strong><br \/>\nLa <strong>Opening Party<\/strong> de este conocido club da el pistoletazo de salida y apuesta por un grande de la m\u00fasica electr\u00f3nica: <strong>Faithless<\/strong>. Los carteles m\u00e1s reputados del club ubicado en Sant Rafael se suceder\u00e1n en las pr\u00f3ximas semanas a la gran apertura. Es el caso de su fiesta <strong>Supermartx\u00e9<\/strong> que inicia el 7 de junio, y de <strong>Resistance Ibiza<\/strong>, que no ver\u00e1 la luz hasta el 17 de julio, fecha escogida para su opening.<\/p>\n","protected":false},"excerpt":{"rendered":"<p>Altos decibelios, color y espect\u00e1culo; shows y coreograf\u00edas imposible; grandes espacios repletos de manos que rozan el cielo. S\u00ed se\u00f1ores, lleg\u00f3 la \u00e9poca de los Openings 2018 a Ibiza. Hacemos un repaso de las siguientes semanas marcadas para muchos en&#8230;<\/p>\n","protected":false},"author":1,"featured_media":2999,"comment_status":"open","ping_status":"open","sticky":false,"template":"","format":"standard","meta":{"footnotes":""},"categories":[1311],"tags":[768,261,710],"class_list":["post-2998","post","type-post","status-publish","format-standard","has-post-thumbnail","hentry","category-planes-en-ibiza","tag-opening","tag-pacha","tag-vacaciones"],"yoast_head":"<!-- This site is optimized with the Yoast SEO plugin v27.4 - https:\/\/yoast.com\/product\/yoast-seo-wordpress\/ -->\n<title>Openings Ibiza 2018: Las aperturas de fiestas ya est\u00e1n aqu\u00ed - Islander by Vibra Hotels<\/title>\n<meta name=\"robots\" content=\"index, follow, max-snippet:-1, max-image-preview:large, max-video-preview:-1\" \/>\n<link rel=\"canonical\" href=\"https:\/\/www.vibrahotels.com\/blog\/las-openings-2018-ya-estan-aqui\/\" \/>\n<meta property=\"og:locale\" content=\"es_ES\" \/>\n<meta property=\"og:type\" content=\"article\" \/>\n<meta property=\"og:title\" content=\"Openings Ibiza 2018: Las aperturas de fiestas ya est\u00e1n aqu\u00ed - Islander by Vibra Hotels\" \/>\n<meta property=\"og:description\" content=\"Altos decibelios, color y espect\u00e1culo; shows y coreograf\u00edas imposible; grandes espacios repletos de manos que rozan el cielo. S\u00ed se\u00f1ores, lleg\u00f3 la \u00e9poca de los Openings 2018 a Ibiza. Hacemos un repaso de las siguientes semanas marcadas para muchos en...\" \/>\n<meta property=\"og:url\" content=\"https:\/\/www.vibrahotels.com\/blog\/las-openings-2018-ya-estan-aqui\/\" \/>\n<meta property=\"og:site_name\" content=\"Islander by Vibra Hotels\" \/>\n<meta property=\"article:published_time\" content=\"2018-05-09T11:00:17+00:00\" \/>\n<meta property=\"article:modified_time\" content=\"2020-03-11T11:10:31+00:00\" \/>\n<meta property=\"og:image\" content=\"https:\/\/www.vibrahotels.com\/blog\/wp-content\/uploads\/2018\/05\/arminmyo_m.jpg\" \/>\n\t<meta property=\"og:image:width\" content=\"1500\" \/>\n\t<meta property=\"og:image:height\" content=\"680\" \/>\n\t<meta property=\"og:image:type\" content=\"image\/jpeg\" \/>\n<meta name=\"author\" content=\"The Ibiza Blog\" \/>\n<meta name=\"twitter:card\" content=\"summary_large_image\" \/>\n<meta name=\"twitter:label1\" content=\"Escrito por\" \/>\n\t<meta name=\"twitter:data1\" content=\"The Ibiza Blog\" \/>\n\t<meta name=\"twitter:label2\" content=\"Tiempo de lectura\" \/>\n\t<meta name=\"twitter:data2\" content=\"3 minutos\" \/>\n<script type=\"application\/ld+json\" class=\"yoast-schema-graph\">{\"@context\":\"https:\\\/\\\/schema.org\",\"@graph\":[{\"@type\":\"Article\",\"@id\":\"https:\\\/\\\/www.vibrahotels.com\\\/blog\\\/las-openings-2018-ya-estan-aqui\\\/#article\",\"isPartOf\":{\"@id\":\"https:\\\/\\\/www.vibrahotels.com\\\/blog\\\/las-openings-2018-ya-estan-aqui\\\/\"},\"author\":{\"name\":\"The Ibiza Blog\",\"@id\":\"https:\\\/\\\/www.vibrahotels.com\\\/blog\\\/#\\\/schema\\\/person\\\/ad74f13df6e44e7081ef65424f668972\"},\"headline\":\"Openings Ibiza 2018: Las aperturas de fiestas ya est\u00e1n aqu\u00ed\",\"datePublished\":\"2018-05-09T11:00:17+00:00\",\"dateModified\":\"2020-03-11T11:10:31+00:00\",\"mainEntityOfPage\":{\"@id\":\"https:\\\/\\\/www.vibrahotels.com\\\/blog\\\/las-openings-2018-ya-estan-aqui\\\/\"},\"wordCount\":545,\"commentCount\":0,\"image\":{\"@id\":\"https:\\\/\\\/www.vibrahotels.com\\\/blog\\\/las-openings-2018-ya-estan-aqui\\\/#primaryimage\"},\"thumbnailUrl\":\"https:\\\/\\\/www.vibrahotels.com\\\/blog\\\/wp-content\\\/uploads\\\/2018\\\/05\\\/arminmyo_m.jpg\",\"keywords\":[\"opening\",\"Pacha\",\"vacaciones\"],\"articleSection\":[\"Planes en Ibiza\"],\"inLanguage\":\"es\",\"potentialAction\":[{\"@type\":\"CommentAction\",\"name\":\"Comment\",\"target\":[\"https:\\\/\\\/www.vibrahotels.com\\\/blog\\\/las-openings-2018-ya-estan-aqui\\\/#respond\"]}]},{\"@type\":\"WebPage\",\"@id\":\"https:\\\/\\\/www.vibrahotels.com\\\/blog\\\/las-openings-2018-ya-estan-aqui\\\/\",\"url\":\"https:\\\/\\\/www.vibrahotels.com\\\/blog\\\/las-openings-2018-ya-estan-aqui\\\/\",\"name\":\"Openings Ibiza 2018: Las aperturas de fiestas ya est\u00e1n aqu\u00ed - Islander by Vibra Hotels\",\"isPartOf\":{\"@id\":\"https:\\\/\\\/www.vibrahotels.com\\\/blog\\\/#website\"},\"primaryImageOfPage\":{\"@id\":\"https:\\\/\\\/www.vibrahotels.com\\\/blog\\\/las-openings-2018-ya-estan-aqui\\\/#primaryimage\"},\"image\":{\"@id\":\"https:\\\/\\\/www.vibrahotels.com\\\/blog\\\/las-openings-2018-ya-estan-aqui\\\/#primaryimage\"},\"thumbnailUrl\":\"https:\\\/\\\/www.vibrahotels.com\\\/blog\\\/wp-content\\\/uploads\\\/2018\\\/05\\\/arminmyo_m.jpg\",\"datePublished\":\"2018-05-09T11:00:17+00:00\",\"dateModified\":\"2020-03-11T11:10:31+00:00\",\"author\":{\"@id\":\"https:\\\/\\\/www.vibrahotels.com\\\/blog\\\/#\\\/schema\\\/person\\\/ad74f13df6e44e7081ef65424f668972\"},\"breadcrumb\":{\"@id\":\"https:\\\/\\\/www.vibrahotels.com\\\/blog\\\/las-openings-2018-ya-estan-aqui\\\/#breadcrumb\"},\"inLanguage\":\"es\",\"potentialAction\":[{\"@type\":\"ReadAction\",\"target\":[\"https:\\\/\\\/www.vibrahotels.com\\\/blog\\\/las-openings-2018-ya-estan-aqui\\\/\"]}]},{\"@type\":\"ImageObject\",\"inLanguage\":\"es\",\"@id\":\"https:\\\/\\\/www.vibrahotels.com\\\/blog\\\/las-openings-2018-ya-estan-aqui\\\/#primaryimage\",\"url\":\"https:\\\/\\\/www.vibrahotels.com\\\/blog\\\/wp-content\\\/uploads\\\/2018\\\/05\\\/arminmyo_m.jpg\",\"contentUrl\":\"https:\\\/\\\/www.vibrahotels.com\\\/blog\\\/wp-content\\\/uploads\\\/2018\\\/05\\\/arminmyo_m.jpg\",\"width\":1500,\"height\":680},{\"@type\":\"BreadcrumbList\",\"@id\":\"https:\\\/\\\/www.vibrahotels.com\\\/blog\\\/las-openings-2018-ya-estan-aqui\\\/#breadcrumb\",\"itemListElement\":[{\"@type\":\"ListItem\",\"position\":1,\"name\":\"Portada\",\"item\":\"https:\\\/\\\/www.vibrahotels.com\\\/blog\\\/\"},{\"@type\":\"ListItem\",\"position\":2,\"name\":\"Openings Ibiza 2018: Las aperturas de fiestas ya est\u00e1n aqu\u00ed\"}]},{\"@type\":\"WebSite\",\"@id\":\"https:\\\/\\\/www.vibrahotels.com\\\/blog\\\/#website\",\"url\":\"https:\\\/\\\/www.vibrahotels.com\\\/blog\\\/\",\"name\":\"Islander by Vibra Hotels\",\"description\":\"\",\"potentialAction\":[{\"@type\":\"SearchAction\",\"target\":{\"@type\":\"EntryPoint\",\"urlTemplate\":\"https:\\\/\\\/www.vibrahotels.com\\\/blog\\\/?s={search_term_string}\"},\"query-input\":{\"@type\":\"PropertyValueSpecification\",\"valueRequired\":true,\"valueName\":\"search_term_string\"}}],\"inLanguage\":\"es\"},{\"@type\":\"Person\",\"@id\":\"https:\\\/\\\/www.vibrahotels.com\\\/blog\\\/#\\\/schema\\\/person\\\/ad74f13df6e44e7081ef65424f668972\",\"name\":\"The Ibiza Blog\",\"image\":{\"@type\":\"ImageObject\",\"inLanguage\":\"es\",\"@id\":\"https:\\\/\\\/secure.gravatar.com\\\/avatar\\\/d172713df318fe4ba11547ee4a70ab1eae0206026db57d7a5920186b9f5ee855?s=96&d=mm&r=g\",\"url\":\"https:\\\/\\\/secure.gravatar.com\\\/avatar\\\/d172713df318fe4ba11547ee4a70ab1eae0206026db57d7a5920186b9f5ee855?s=96&d=mm&r=g\",\"contentUrl\":\"https:\\\/\\\/secure.gravatar.com\\\/avatar\\\/d172713df318fe4ba11547ee4a70ab1eae0206026db57d7a5920186b9f5ee855?s=96&d=mm&r=g\",\"caption\":\"The Ibiza Blog\"},\"url\":\"https:\\\/\\\/www.vibrahotels.com\\\/blog\\\/author\\\/the-ibiza-blog\\\/\"}]}<\/script>\n<!-- \/ Yoast SEO plugin. -->","yoast_head_json":{"title":"Openings Ibiza 2018: Las aperturas de fiestas ya est\u00e1n aqu\u00ed - Islander by Vibra Hotels","robots":{"index":"index","follow":"follow","max-snippet":"max-snippet:-1","max-image-preview":"max-image-preview:large","max-video-preview":"max-video-preview:-1"},"canonical":"https:\/\/www.vibrahotels.com\/blog\/las-openings-2018-ya-estan-aqui\/","og_locale":"es_ES","og_type":"article","og_title":"Openings Ibiza 2018: Las aperturas de fiestas ya est\u00e1n aqu\u00ed - Islander by Vibra Hotels","og_description":"Altos decibelios, color y espect\u00e1culo; shows y coreograf\u00edas imposible; grandes espacios repletos de manos que rozan el cielo. S\u00ed se\u00f1ores, lleg\u00f3 la \u00e9poca de los Openings 2018 a Ibiza. Hacemos un repaso de las siguientes semanas marcadas para muchos en...","og_url":"https:\/\/www.vibrahotels.com\/blog\/las-openings-2018-ya-estan-aqui\/","og_site_name":"Islander by Vibra Hotels","article_published_time":"2018-05-09T11:00:17+00:00","article_modified_time":"2020-03-11T11:10:31+00:00","og_image":[{"width":1500,"height":680,"url":"https:\/\/www.vibrahotels.com\/blog\/wp-content\/uploads\/2018\/05\/arminmyo_m.jpg","type":"image\/jpeg"}],"author":"The Ibiza Blog","twitter_card":"summary_large_image","twitter_misc":{"Escrito por":"The Ibiza Blog","Tiempo de lectura":"3 minutos"},"schema":{"@context":"https:\/\/schema.org","@graph":[{"@type":"Article","@id":"https:\/\/www.vibrahotels.com\/blog\/las-openings-2018-ya-estan-aqui\/#article","isPartOf":{"@id":"https:\/\/www.vibrahotels.com\/blog\/las-openings-2018-ya-estan-aqui\/"},"author":{"name":"The Ibiza Blog","@id":"https:\/\/www.vibrahotels.com\/blog\/#\/schema\/person\/ad74f13df6e44e7081ef65424f668972"},"headline":"Openings Ibiza 2018: Las aperturas de fiestas ya est\u00e1n aqu\u00ed","datePublished":"2018-05-09T11:00:17+00:00","dateModified":"2020-03-11T11:10:31+00:00","mainEntityOfPage":{"@id":"https:\/\/www.vibrahotels.com\/blog\/las-openings-2018-ya-estan-aqui\/"},"wordCount":545,"commentCount":0,"image":{"@id":"https:\/\/www.vibrahotels.com\/blog\/las-openings-2018-ya-estan-aqui\/#primaryimage"},"thumbnailUrl":"https:\/\/www.vibrahotels.com\/blog\/wp-content\/uploads\/2018\/05\/arminmyo_m.jpg","keywords":["opening","Pacha","vacaciones"],"articleSection":["Planes en Ibiza"],"inLanguage":"es","potentialAction":[{"@type":"CommentAction","name":"Comment","target":["https:\/\/www.vibrahotels.com\/blog\/las-openings-2018-ya-estan-aqui\/#respond"]}]},{"@type":"WebPage","@id":"https:\/\/www.vibrahotels.com\/blog\/las-openings-2018-ya-estan-aqui\/","url":"https:\/\/www.vibrahotels.com\/blog\/las-openings-2018-ya-estan-aqui\/","name":"Openings Ibiza 2018: Las aperturas de fiestas ya est\u00e1n aqu\u00ed - Islander by Vibra Hotels","isPartOf":{"@id":"https:\/\/www.vibrahotels.com\/blog\/#website"},"primaryImageOfPage":{"@id":"https:\/\/www.vibrahotels.com\/blog\/las-openings-2018-ya-estan-aqui\/#primaryimage"},"image":{"@id":"https:\/\/www.vibrahotels.com\/blog\/las-openings-2018-ya-estan-aqui\/#primaryimage"},"thumbnailUrl":"https:\/\/www.vibrahotels.com\/blog\/wp-content\/uploads\/2018\/05\/arminmyo_m.jpg","datePublished":"2018-05-09T11:00:17+00:00","dateModified":"2020-03-11T11:10:31+00:00","author":{"@id":"https:\/\/www.vibrahotels.com\/blog\/#\/schema\/person\/ad74f13df6e44e7081ef65424f668972"},"breadcrumb":{"@id":"https:\/\/www.vibrahotels.com\/blog\/las-openings-2018-ya-estan-aqui\/#breadcrumb"},"inLanguage":"es","potentialAction":[{"@type":"ReadAction","target":["https:\/\/www.vibrahotels.com\/blog\/las-openings-2018-ya-estan-aqui\/"]}]},{"@type":"ImageObject","inLanguage":"es","@id":"https:\/\/www.vibrahotels.com\/blog\/las-openings-2018-ya-estan-aqui\/#primaryimage","url":"https:\/\/www.vibrahotels.com\/blog\/wp-content\/uploads\/2018\/05\/arminmyo_m.jpg","contentUrl":"https:\/\/www.vibrahotels.com\/blog\/wp-content\/uploads\/2018\/05\/arminmyo_m.jpg","width":1500,"height":680},{"@type":"BreadcrumbList","@id":"https:\/\/www.vibrahotels.com\/blog\/las-openings-2018-ya-estan-aqui\/#breadcrumb","itemListElement":[{"@type":"ListItem","position":1,"name":"Portada","item":"https:\/\/www.vibrahotels.com\/blog\/"},{"@type":"ListItem","position":2,"name":"Openings Ibiza 2018: Las aperturas de fiestas ya est\u00e1n aqu\u00ed"}]},{"@type":"WebSite","@id":"https:\/\/www.vibrahotels.com\/blog\/#website","url":"https:\/\/www.vibrahotels.com\/blog\/","name":"Islander by Vibra Hotels","description":"","potentialAction":[{"@type":"SearchAction","target":{"@type":"EntryPoint","urlTemplate":"https:\/\/www.vibrahotels.com\/blog\/?s={search_term_string}"},"query-input":{"@type":"PropertyValueSpecification","valueRequired":true,"valueName":"search_term_string"}}],"inLanguage":"es"},{"@type":"Person","@id":"https:\/\/www.vibrahotels.com\/blog\/#\/schema\/person\/ad74f13df6e44e7081ef65424f668972","name":"The Ibiza Blog","image":{"@type":"ImageObject","inLanguage":"es","@id":"https:\/\/secure.gravatar.com\/avatar\/d172713df318fe4ba11547ee4a70ab1eae0206026db57d7a5920186b9f5ee855?s=96&d=mm&r=g","url":"https:\/\/secure.gravatar.com\/avatar\/d172713df318fe4ba11547ee4a70ab1eae0206026db57d7a5920186b9f5ee855?s=96&d=mm&r=g","contentUrl":"https:\/\/secure.gravatar.com\/avatar\/d172713df318fe4ba11547ee4a70ab1eae0206026db57d7a5920186b9f5ee855?s=96&d=mm&r=g","caption":"The Ibiza Blog"},"url":"https:\/\/www.vibrahotels.com\/blog\/author\/the-ibiza-blog\/"}]}},"_links":{"self":[{"href":"https:\/\/www.vibrahotels.com\/blog\/wp-json\/wp\/v2\/posts\/2998","targetHints":{"allow":["GET"]}}],"collection":[{"href":"https:\/\/www.vibrahotels.com\/blog\/wp-json\/wp\/v2\/posts"}],"about":[{"href":"https:\/\/www.vibrahotels.com\/blog\/wp-json\/wp\/v2\/types\/post"}],"author":[{"embeddable":true,"href":"https:\/\/www.vibrahotels.com\/blog\/wp-json\/wp\/v2\/users\/1"}],"replies":[{"embeddable":true,"href":"https:\/\/www.vibrahotels.com\/blog\/wp-json\/wp\/v2\/comments?post=2998"}],"version-history":[{"count":0,"href":"https:\/\/www.vibrahotels.com\/blog\/wp-json\/wp\/v2\/posts\/2998\/revisions"}],"wp:featuredmedia":[{"embeddable":true,"href":"https:\/\/www.vibrahotels.com\/blog\/wp-json\/wp\/v2\/media\/2999"}],"wp:attachment":[{"href":"https:\/\/www.vibrahotels.com\/blog\/wp-json\/wp\/v2\/media?parent=2998"}],"wp:term":[{"taxonomy":"category","embeddable":true,"href":"https:\/\/www.vibrahotels.com\/blog\/wp-json\/wp\/v2\/categories?post=2998"},{"taxonomy":"post_tag","embeddable":true,"href":"https:\/\/www.vibrahotels.com\/blog\/wp-json\/wp\/v2\/tags?post=2998"}],"curies":[{"name":"wp","href":"https:\/\/api.w.org\/{rel}","templated":true}]}}