{"id":2908,"date":"2018-03-09T18:07:17","date_gmt":"2018-03-09T17:07:17","guid":{"rendered":"http:\/\/www.vibrahotels.com\/?p=2908"},"modified":"2020-03-11T12:15:51","modified_gmt":"2020-03-11T11:15:51","slug":"los-mejores-planes-semana-santa-ibiza","status":"publish","type":"post","link":"https:\/\/www.vibrahotels.com\/blog\/los-mejores-planes-semana-santa-ibiza\/","title":{"rendered":"Planes para una Semana Santa especial en Ibiza"},"content":{"rendered":"<p>La<strong> primavera<\/strong> viene cargada de planes, empezando con la <strong>Semana Santa<\/strong>, que en<strong> Ibiza<\/strong> ya se puede sentir a flor de piel. Las temperaturas comienzan a subir, el<strong> solecito<\/strong> est\u00e1 presente durante largas horas del d\u00eda, y los jardines comienzan a tener ese brillo y olor que nos teletransportan al tan anhelado verano.<\/p>\n<p>Si est\u00e1is leyendo este post es porque sab\u00e9is que, adem\u00e1s, esta es una de las\u00a0 mejores \u00e9pocas para venir a la isla, ya que <strong>los precios son generalmente m\u00e1s bajos,<\/strong> tanto en alojamiento, como en otros servicios, como por ejemplo el coche de alquiler. Adem\u00e1s, es el momento perfecto para que puedas visitar cada rinc\u00f3n de la isla sin atascos, sin aglomeraciones en los establecimientos y playas m\u00e1s populares, y una tranquilidad casi absoluta.<\/p>\n<p>\u00bfPor qu\u00e9 venir a Ibiza en Semana Santa? \u00a1Nosotros te lo contamos!<\/p>\n<p><strong>El para\u00edso s\u00f3lo para ti\u00a0<\/strong><\/p>\n<p>Poca gente puede presumir de haberse dado un paseo desde<strong> Figueretes <\/strong>hasta <strong>Playa d\u2019en Bossa<\/strong> y no haberse cruzado con m\u00e1s de diez personas en todo el camino. En estos meses adem\u00e1s, la m\u00fasica proveniente de los <strong><a href=\"http:\/\/www.vibrahotels.com\/2018\/03\/02\/los-mejores-beach-clubs-en-ibiza\/\" target=\"_blank\" rel=\"noopener noreferrer\">beach clubs<\/a><\/strong> cede al sonido de las olas del mar rompiendo contra la arena y las gaviotas se suman a la banda sonora. El agua est\u00e1 m\u00e1s transparente que nunca, y los m\u00e1s atrevidos ya se dan los primeros ba\u00f1os de la temporada. Las playas que no puedes perderte de la geograf\u00eda ibicenca son Las Salinas, en la que encontrar\u00e1s diversos beach clubs para todos los gustos, y Figueretas, con su m\u00edtico paseo con vistas a <strong>Dalt Vila<\/strong> y a su famoso islote. Y para los que vengan motorizados, se pueden aventurar al fant\u00e1stico mundo de las calas: <strong>Cala Graci\u00f3<\/strong>, <strong>Cala Carb\u00f3, Cala Boix y Cala Mol\u00ed.<\/strong><\/p>\n<p><strong>Tradiciones en sus pueblos blancos<\/strong><\/p>\n<p>Sabemos que se acerca la primavera cuando las diferentes localidades presentan sus programas de actividades, desde la Feria des Gerret de Santa Eul\u00e1lia el pasado fin de semana. Cada localidad ibicenca se diferencia por sus tradiciones propias y por sus elementos caracter\u00edsticos de los que se sirven cada a\u00f1o, para invitar, en fechas se\u00f1aladas, a ferias gastron\u00f3micas, mercadillos, exposiciones y dem\u00e1s. Por su belleza destacamos <strong>Santa Eulalia<\/strong>,<strong> San Jos\u00e9, San Jorge, San Lorenzo, Santa In\u00e9s y San Carlos<\/strong>. Por supuesto, damos por hecho que no te perder\u00e1s la visita a <strong>Dalt Vila<\/strong>.<\/p>\n<p><a href=\"http:\/\/www.vibrahotels.com\/wp-content\/uploads\/2018\/03\/shutterstock_450527752.jpg\" rel=\"attachment wp-att-2914\" data-rel=\"lightbox-image-0\" data-rl_title=\"\" data-rl_caption=\"\" title=\"\"><img loading=\"lazy\" decoding=\"async\" class=\"alignnone size-full wp-image-2914\" src=\"http:\/\/www.vibrahotels.com\/wp-content\/uploads\/2018\/03\/shutterstock_450527752.jpg\" alt=\"church ibiza\" width=\"1000\" height=\"666\" srcset=\"https:\/\/www.vibrahotels.com\/blog\/wp-content\/uploads\/2018\/03\/shutterstock_450527752.jpg 1000w, https:\/\/www.vibrahotels.com\/blog\/wp-content\/uploads\/2018\/03\/shutterstock_450527752-300x200.jpg 300w, https:\/\/www.vibrahotels.com\/blog\/wp-content\/uploads\/2018\/03\/shutterstock_450527752-768x511.jpg 768w\" sizes=\"auto, (max-width: 1000px) 100vw, 1000px\" \/><\/a><\/p>\n<p><strong>De procesiones<\/strong><\/p>\n<p>En Semana Santa vale la pena que te acerques a conocer las <strong>procesiones y rituales<\/strong> que se siguen desde anta\u00f1o en cada pueblo, pues, a no ser que vengas de Andaluc\u00eda, su belleza y culto te sorprender\u00e1. Son caracter\u00edsticas las procesiones en las que desfilan nazarenos portando los pasos con las im\u00e1genes de cada una de las <strong>iglesias<\/strong>. La primera comienza \u00a0el<strong> Domingo de Ramos,<\/strong> a la que le siguen las del <strong>Jueves y el Viernes Santo<\/strong>.\u00a0Y por \u00faltimo, el <strong>Domingo de Resurrecci\u00f3n<\/strong>, donde tienen lugar los<strong> Encuentros.<\/strong><\/p>\n<p><strong>Alojamiento<\/strong><\/p>\n<p>Para estas fechas estar\u00e1n reci\u00e9n abiertos los hoteles<strong><a href=\"http:\/\/www.sanremohotelibiza.com\/\" target=\"_blank\" rel=\"noopener noreferrer\"> San Remo<\/a><\/strong>, <strong><a href=\"http:\/\/www.hotelmarcopoloibiza.com\/es\" target=\"_blank\" rel=\"noopener noreferrer\">Marco Polo<\/a><\/strong>, y<strong> <a href=\"http:\/\/www.marenostrumhotelibiza.com\/\" target=\"_blank\" rel=\"noopener noreferrer\">Mare Nostrum<\/a>,<\/strong> as\u00ed como los <strong><a href=\"http:\/\/www.apartamentospanoramic.com\/\" target=\"_blank\" rel=\"noopener noreferrer\">Apartamentos Panoramic<\/a><\/strong> y <a href=\"http:\/\/www.apartamentosluxmaribiza.com\/\" target=\"_blank\" rel=\"noopener noreferrer\"><strong>Luxmar<\/strong>.<\/a>\u00a0reci\u00e9n estrenados para ti. \u00bfY los que quedar\u00e1n por abrir? Estos llegan cargados de sorpresas, sobre todo para nuestros clientes m\u00e1s fieles, \u00a1as\u00ed que no te los puedes perder!<\/p>\n","protected":false},"excerpt":{"rendered":"<p>La primavera viene cargada de planes, empezando con la Semana Santa, que en Ibiza ya se puede sentir a flor de piel. Las temperaturas comienzan a subir, el solecito est\u00e1 presente durante largas horas del d\u00eda, y los jardines comienzan&#8230;<\/p>\n","protected":false},"author":1,"featured_media":2933,"comment_status":"open","ping_status":"open","sticky":false,"template":"","format":"standard","meta":{"footnotes":""},"categories":[1297],"tags":[778,950,750,710,751],"class_list":["post-2908","post","type-post","status-publish","format-standard","has-post-thumbnail","hentry","category-travel","tag-semana-santa","tag-sol","tag-travel","tag-vacaciones","tag-viajar"],"yoast_head":"<!-- This site is optimized with the Yoast SEO plugin v27.4 - https:\/\/yoast.com\/product\/yoast-seo-wordpress\/ -->\n<title>Planes para una Semana Santa especial en Ibiza - Islander by Vibra Hotels<\/title>\n<meta name=\"robots\" content=\"index, follow, max-snippet:-1, max-image-preview:large, max-video-preview:-1\" \/>\n<link rel=\"canonical\" href=\"https:\/\/www.vibrahotels.com\/blog\/los-mejores-planes-semana-santa-ibiza\/\" \/>\n<meta property=\"og:locale\" content=\"es_ES\" \/>\n<meta property=\"og:type\" content=\"article\" \/>\n<meta property=\"og:title\" content=\"Planes para una Semana Santa especial en Ibiza - Islander by Vibra Hotels\" \/>\n<meta property=\"og:description\" content=\"La primavera viene cargada de planes, empezando con la Semana Santa, que en Ibiza ya se puede sentir a flor de piel. Las temperaturas comienzan a subir, el solecito est\u00e1 presente durante largas horas del d\u00eda, y los jardines comienzan...\" \/>\n<meta property=\"og:url\" content=\"https:\/\/www.vibrahotels.com\/blog\/los-mejores-planes-semana-santa-ibiza\/\" \/>\n<meta property=\"og:site_name\" content=\"Islander by Vibra Hotels\" \/>\n<meta property=\"article:published_time\" content=\"2018-03-09T17:07:17+00:00\" \/>\n<meta property=\"article:modified_time\" content=\"2020-03-11T11:15:51+00:00\" \/>\n<meta property=\"og:image\" content=\"https:\/\/www.vibrahotels.com\/blog\/wp-content\/uploads\/2018\/03\/ibiza-town-2.jpg\" \/>\n\t<meta property=\"og:image:width\" content=\"1920\" \/>\n\t<meta property=\"og:image:height\" content=\"1080\" \/>\n\t<meta property=\"og:image:type\" content=\"image\/jpeg\" \/>\n<meta name=\"author\" content=\"The Ibiza Blog\" \/>\n<meta name=\"twitter:card\" content=\"summary_large_image\" \/>\n<meta name=\"twitter:label1\" content=\"Escrito por\" \/>\n\t<meta name=\"twitter:data1\" content=\"The Ibiza Blog\" \/>\n\t<meta name=\"twitter:label2\" content=\"Tiempo de lectura\" \/>\n\t<meta name=\"twitter:data2\" content=\"3 minutos\" \/>\n<script type=\"application\/ld+json\" class=\"yoast-schema-graph\">{\"@context\":\"https:\\\/\\\/schema.org\",\"@graph\":[{\"@type\":\"Article\",\"@id\":\"https:\\\/\\\/www.vibrahotels.com\\\/blog\\\/los-mejores-planes-semana-santa-ibiza\\\/#article\",\"isPartOf\":{\"@id\":\"https:\\\/\\\/www.vibrahotels.com\\\/blog\\\/los-mejores-planes-semana-santa-ibiza\\\/\"},\"author\":{\"name\":\"The Ibiza Blog\",\"@id\":\"https:\\\/\\\/www.vibrahotels.com\\\/blog\\\/#\\\/schema\\\/person\\\/ad74f13df6e44e7081ef65424f668972\"},\"headline\":\"Planes para una Semana Santa especial en Ibiza\",\"datePublished\":\"2018-03-09T17:07:17+00:00\",\"dateModified\":\"2020-03-11T11:15:51+00:00\",\"mainEntityOfPage\":{\"@id\":\"https:\\\/\\\/www.vibrahotels.com\\\/blog\\\/los-mejores-planes-semana-santa-ibiza\\\/\"},\"wordCount\":575,\"commentCount\":0,\"image\":{\"@id\":\"https:\\\/\\\/www.vibrahotels.com\\\/blog\\\/los-mejores-planes-semana-santa-ibiza\\\/#primaryimage\"},\"thumbnailUrl\":\"https:\\\/\\\/www.vibrahotels.com\\\/blog\\\/wp-content\\\/uploads\\\/2018\\\/03\\\/ibiza-town-2.jpg\",\"keywords\":[\"semana santa\",\"sol\",\"travel\",\"vacaciones\",\"viajar\"],\"articleSection\":[\"Travel\"],\"inLanguage\":\"es\",\"potentialAction\":[{\"@type\":\"CommentAction\",\"name\":\"Comment\",\"target\":[\"https:\\\/\\\/www.vibrahotels.com\\\/blog\\\/los-mejores-planes-semana-santa-ibiza\\\/#respond\"]}]},{\"@type\":\"WebPage\",\"@id\":\"https:\\\/\\\/www.vibrahotels.com\\\/blog\\\/los-mejores-planes-semana-santa-ibiza\\\/\",\"url\":\"https:\\\/\\\/www.vibrahotels.com\\\/blog\\\/los-mejores-planes-semana-santa-ibiza\\\/\",\"name\":\"Planes para una Semana Santa especial en Ibiza - Islander by Vibra Hotels\",\"isPartOf\":{\"@id\":\"https:\\\/\\\/www.vibrahotels.com\\\/blog\\\/#website\"},\"primaryImageOfPage\":{\"@id\":\"https:\\\/\\\/www.vibrahotels.com\\\/blog\\\/los-mejores-planes-semana-santa-ibiza\\\/#primaryimage\"},\"image\":{\"@id\":\"https:\\\/\\\/www.vibrahotels.com\\\/blog\\\/los-mejores-planes-semana-santa-ibiza\\\/#primaryimage\"},\"thumbnailUrl\":\"https:\\\/\\\/www.vibrahotels.com\\\/blog\\\/wp-content\\\/uploads\\\/2018\\\/03\\\/ibiza-town-2.jpg\",\"datePublished\":\"2018-03-09T17:07:17+00:00\",\"dateModified\":\"2020-03-11T11:15:51+00:00\",\"author\":{\"@id\":\"https:\\\/\\\/www.vibrahotels.com\\\/blog\\\/#\\\/schema\\\/person\\\/ad74f13df6e44e7081ef65424f668972\"},\"breadcrumb\":{\"@id\":\"https:\\\/\\\/www.vibrahotels.com\\\/blog\\\/los-mejores-planes-semana-santa-ibiza\\\/#breadcrumb\"},\"inLanguage\":\"es\",\"potentialAction\":[{\"@type\":\"ReadAction\",\"target\":[\"https:\\\/\\\/www.vibrahotels.com\\\/blog\\\/los-mejores-planes-semana-santa-ibiza\\\/\"]}]},{\"@type\":\"ImageObject\",\"inLanguage\":\"es\",\"@id\":\"https:\\\/\\\/www.vibrahotels.com\\\/blog\\\/los-mejores-planes-semana-santa-ibiza\\\/#primaryimage\",\"url\":\"https:\\\/\\\/www.vibrahotels.com\\\/blog\\\/wp-content\\\/uploads\\\/2018\\\/03\\\/ibiza-town-2.jpg\",\"contentUrl\":\"https:\\\/\\\/www.vibrahotels.com\\\/blog\\\/wp-content\\\/uploads\\\/2018\\\/03\\\/ibiza-town-2.jpg\",\"width\":1920,\"height\":1080},{\"@type\":\"BreadcrumbList\",\"@id\":\"https:\\\/\\\/www.vibrahotels.com\\\/blog\\\/los-mejores-planes-semana-santa-ibiza\\\/#breadcrumb\",\"itemListElement\":[{\"@type\":\"ListItem\",\"position\":1,\"name\":\"Portada\",\"item\":\"https:\\\/\\\/www.vibrahotels.com\\\/blog\\\/\"},{\"@type\":\"ListItem\",\"position\":2,\"name\":\"Planes para una Semana Santa especial en Ibiza\"}]},{\"@type\":\"WebSite\",\"@id\":\"https:\\\/\\\/www.vibrahotels.com\\\/blog\\\/#website\",\"url\":\"https:\\\/\\\/www.vibrahotels.com\\\/blog\\\/\",\"name\":\"Islander by Vibra Hotels\",\"description\":\"\",\"potentialAction\":[{\"@type\":\"SearchAction\",\"target\":{\"@type\":\"EntryPoint\",\"urlTemplate\":\"https:\\\/\\\/www.vibrahotels.com\\\/blog\\\/?s={search_term_string}\"},\"query-input\":{\"@type\":\"PropertyValueSpecification\",\"valueRequired\":true,\"valueName\":\"search_term_string\"}}],\"inLanguage\":\"es\"},{\"@type\":\"Person\",\"@id\":\"https:\\\/\\\/www.vibrahotels.com\\\/blog\\\/#\\\/schema\\\/person\\\/ad74f13df6e44e7081ef65424f668972\",\"name\":\"The Ibiza Blog\",\"image\":{\"@type\":\"ImageObject\",\"inLanguage\":\"es\",\"@id\":\"https:\\\/\\\/secure.gravatar.com\\\/avatar\\\/d172713df318fe4ba11547ee4a70ab1eae0206026db57d7a5920186b9f5ee855?s=96&d=mm&r=g\",\"url\":\"https:\\\/\\\/secure.gravatar.com\\\/avatar\\\/d172713df318fe4ba11547ee4a70ab1eae0206026db57d7a5920186b9f5ee855?s=96&d=mm&r=g\",\"contentUrl\":\"https:\\\/\\\/secure.gravatar.com\\\/avatar\\\/d172713df318fe4ba11547ee4a70ab1eae0206026db57d7a5920186b9f5ee855?s=96&d=mm&r=g\",\"caption\":\"The Ibiza Blog\"},\"url\":\"https:\\\/\\\/www.vibrahotels.com\\\/blog\\\/author\\\/the-ibiza-blog\\\/\"}]}<\/script>\n<!-- \/ Yoast SEO plugin. -->","yoast_head_json":{"title":"Planes para una Semana Santa especial en Ibiza - Islander by Vibra Hotels","robots":{"index":"index","follow":"follow","max-snippet":"max-snippet:-1","max-image-preview":"max-image-preview:large","max-video-preview":"max-video-preview:-1"},"canonical":"https:\/\/www.vibrahotels.com\/blog\/los-mejores-planes-semana-santa-ibiza\/","og_locale":"es_ES","og_type":"article","og_title":"Planes para una Semana Santa especial en Ibiza - Islander by Vibra Hotels","og_description":"La primavera viene cargada de planes, empezando con la Semana Santa, que en Ibiza ya se puede sentir a flor de piel. Las temperaturas comienzan a subir, el solecito est\u00e1 presente durante largas horas del d\u00eda, y los jardines comienzan...","og_url":"https:\/\/www.vibrahotels.com\/blog\/los-mejores-planes-semana-santa-ibiza\/","og_site_name":"Islander by Vibra Hotels","article_published_time":"2018-03-09T17:07:17+00:00","article_modified_time":"2020-03-11T11:15:51+00:00","og_image":[{"width":1920,"height":1080,"url":"https:\/\/www.vibrahotels.com\/blog\/wp-content\/uploads\/2018\/03\/ibiza-town-2.jpg","type":"image\/jpeg"}],"author":"The Ibiza Blog","twitter_card":"summary_large_image","twitter_misc":{"Escrito por":"The Ibiza Blog","Tiempo de lectura":"3 minutos"},"schema":{"@context":"https:\/\/schema.org","@graph":[{"@type":"Article","@id":"https:\/\/www.vibrahotels.com\/blog\/los-mejores-planes-semana-santa-ibiza\/#article","isPartOf":{"@id":"https:\/\/www.vibrahotels.com\/blog\/los-mejores-planes-semana-santa-ibiza\/"},"author":{"name":"The Ibiza Blog","@id":"https:\/\/www.vibrahotels.com\/blog\/#\/schema\/person\/ad74f13df6e44e7081ef65424f668972"},"headline":"Planes para una Semana Santa especial en Ibiza","datePublished":"2018-03-09T17:07:17+00:00","dateModified":"2020-03-11T11:15:51+00:00","mainEntityOfPage":{"@id":"https:\/\/www.vibrahotels.com\/blog\/los-mejores-planes-semana-santa-ibiza\/"},"wordCount":575,"commentCount":0,"image":{"@id":"https:\/\/www.vibrahotels.com\/blog\/los-mejores-planes-semana-santa-ibiza\/#primaryimage"},"thumbnailUrl":"https:\/\/www.vibrahotels.com\/blog\/wp-content\/uploads\/2018\/03\/ibiza-town-2.jpg","keywords":["semana santa","sol","travel","vacaciones","viajar"],"articleSection":["Travel"],"inLanguage":"es","potentialAction":[{"@type":"CommentAction","name":"Comment","target":["https:\/\/www.vibrahotels.com\/blog\/los-mejores-planes-semana-santa-ibiza\/#respond"]}]},{"@type":"WebPage","@id":"https:\/\/www.vibrahotels.com\/blog\/los-mejores-planes-semana-santa-ibiza\/","url":"https:\/\/www.vibrahotels.com\/blog\/los-mejores-planes-semana-santa-ibiza\/","name":"Planes para una Semana Santa especial en Ibiza - Islander by Vibra Hotels","isPartOf":{"@id":"https:\/\/www.vibrahotels.com\/blog\/#website"},"primaryImageOfPage":{"@id":"https:\/\/www.vibrahotels.com\/blog\/los-mejores-planes-semana-santa-ibiza\/#primaryimage"},"image":{"@id":"https:\/\/www.vibrahotels.com\/blog\/los-mejores-planes-semana-santa-ibiza\/#primaryimage"},"thumbnailUrl":"https:\/\/www.vibrahotels.com\/blog\/wp-content\/uploads\/2018\/03\/ibiza-town-2.jpg","datePublished":"2018-03-09T17:07:17+00:00","dateModified":"2020-03-11T11:15:51+00:00","author":{"@id":"https:\/\/www.vibrahotels.com\/blog\/#\/schema\/person\/ad74f13df6e44e7081ef65424f668972"},"breadcrumb":{"@id":"https:\/\/www.vibrahotels.com\/blog\/los-mejores-planes-semana-santa-ibiza\/#breadcrumb"},"inLanguage":"es","potentialAction":[{"@type":"ReadAction","target":["https:\/\/www.vibrahotels.com\/blog\/los-mejores-planes-semana-santa-ibiza\/"]}]},{"@type":"ImageObject","inLanguage":"es","@id":"https:\/\/www.vibrahotels.com\/blog\/los-mejores-planes-semana-santa-ibiza\/#primaryimage","url":"https:\/\/www.vibrahotels.com\/blog\/wp-content\/uploads\/2018\/03\/ibiza-town-2.jpg","contentUrl":"https:\/\/www.vibrahotels.com\/blog\/wp-content\/uploads\/2018\/03\/ibiza-town-2.jpg","width":1920,"height":1080},{"@type":"BreadcrumbList","@id":"https:\/\/www.vibrahotels.com\/blog\/los-mejores-planes-semana-santa-ibiza\/#breadcrumb","itemListElement":[{"@type":"ListItem","position":1,"name":"Portada","item":"https:\/\/www.vibrahotels.com\/blog\/"},{"@type":"ListItem","position":2,"name":"Planes para una Semana Santa especial en Ibiza"}]},{"@type":"WebSite","@id":"https:\/\/www.vibrahotels.com\/blog\/#website","url":"https:\/\/www.vibrahotels.com\/blog\/","name":"Islander by Vibra Hotels","description":"","potentialAction":[{"@type":"SearchAction","target":{"@type":"EntryPoint","urlTemplate":"https:\/\/www.vibrahotels.com\/blog\/?s={search_term_string}"},"query-input":{"@type":"PropertyValueSpecification","valueRequired":true,"valueName":"search_term_string"}}],"inLanguage":"es"},{"@type":"Person","@id":"https:\/\/www.vibrahotels.com\/blog\/#\/schema\/person\/ad74f13df6e44e7081ef65424f668972","name":"The Ibiza Blog","image":{"@type":"ImageObject","inLanguage":"es","@id":"https:\/\/secure.gravatar.com\/avatar\/d172713df318fe4ba11547ee4a70ab1eae0206026db57d7a5920186b9f5ee855?s=96&d=mm&r=g","url":"https:\/\/secure.gravatar.com\/avatar\/d172713df318fe4ba11547ee4a70ab1eae0206026db57d7a5920186b9f5ee855?s=96&d=mm&r=g","contentUrl":"https:\/\/secure.gravatar.com\/avatar\/d172713df318fe4ba11547ee4a70ab1eae0206026db57d7a5920186b9f5ee855?s=96&d=mm&r=g","caption":"The Ibiza Blog"},"url":"https:\/\/www.vibrahotels.com\/blog\/author\/the-ibiza-blog\/"}]}},"_links":{"self":[{"href":"https:\/\/www.vibrahotels.com\/blog\/wp-json\/wp\/v2\/posts\/2908","targetHints":{"allow":["GET"]}}],"collection":[{"href":"https:\/\/www.vibrahotels.com\/blog\/wp-json\/wp\/v2\/posts"}],"about":[{"href":"https:\/\/www.vibrahotels.com\/blog\/wp-json\/wp\/v2\/types\/post"}],"author":[{"embeddable":true,"href":"https:\/\/www.vibrahotels.com\/blog\/wp-json\/wp\/v2\/users\/1"}],"replies":[{"embeddable":true,"href":"https:\/\/www.vibrahotels.com\/blog\/wp-json\/wp\/v2\/comments?post=2908"}],"version-history":[{"count":0,"href":"https:\/\/www.vibrahotels.com\/blog\/wp-json\/wp\/v2\/posts\/2908\/revisions"}],"wp:featuredmedia":[{"embeddable":true,"href":"https:\/\/www.vibrahotels.com\/blog\/wp-json\/wp\/v2\/media\/2933"}],"wp:attachment":[{"href":"https:\/\/www.vibrahotels.com\/blog\/wp-json\/wp\/v2\/media?parent=2908"}],"wp:term":[{"taxonomy":"category","embeddable":true,"href":"https:\/\/www.vibrahotels.com\/blog\/wp-json\/wp\/v2\/categories?post=2908"},{"taxonomy":"post_tag","embeddable":true,"href":"https:\/\/www.vibrahotels.com\/blog\/wp-json\/wp\/v2\/tags?post=2908"}],"curies":[{"name":"wp","href":"https:\/\/api.w.org\/{rel}","templated":true}]}}