{"id":2697,"date":"2018-01-26T10:52:44","date_gmt":"2018-01-26T09:52:44","guid":{"rendered":"http:\/\/www.vibrahotels.com\/?p=2697"},"modified":"2020-03-11T12:16:54","modified_gmt":"2020-03-11T11:16:54","slug":"la-magia-de-los-almendros-en-flor-en-ibiza","status":"publish","type":"post","link":"https:\/\/www.vibrahotels.com\/blog\/la-magia-de-los-almendros-en-flor-en-ibiza\/","title":{"rendered":"La magia de los almendros en flor en Ibiza"},"content":{"rendered":"<p>A\u00fan quedan dos meses para <strong>primavera<\/strong> y la <strong>flor del almendro<\/strong> ya se viste de gala para recibirla con los p\u00e9talos abiertos. Y es que en<strong> Ibiza<\/strong> los inviernos son m\u00e1s cortos, los d\u00edas empiezan a ser m\u00e1s largos volviendo a tener al sol como protagonista, y los \u00e1rboles se animan a decorar con un manto blanco nuestros <strong>paisaje<\/strong>s, al m\u00e1s estilo <strong>ibicenco<\/strong>. Sin duda, uno de los espect\u00e1culos m\u00e1s bellos de la naturaleza en Ibiza.<\/p>\n<p>La floraci\u00f3n del almendro es un <strong>espect\u00e1culo de la naturaleza<\/strong> en todo el mundo, y Espa\u00f1a es la segunda mayor productora de almendra, s\u00f3lo por detr\u00e1s de Estados Unidos. Todos los a\u00f1os estas fechas son una cita imprescindible para los amantes de la naturaleza y la fotograf\u00eda. Y si a ello le sumas una ruta de <strong>senderismo<\/strong> o ciclismo por tierras ibicencas, para finalizar tomando unas tapas al lado de la <strong>iglesia de Santa In\u00e9s<\/strong>, el plan no puede ser m\u00e1s id\u00edlico.<\/p>\n<p>Te proponemos algunos de los mejores planes para disfrutar del espect\u00e1culo:<\/p>\n<p><strong>Ruta Valle de Corona<\/strong><\/p>\n<p>El valle de Corona se encuentra en el norte de<strong> San Antonio<\/strong>, concretamente en el municipio de <strong>Santa In\u00e9s<\/strong>. Este valle posee la ruta de los almendros m\u00e1s conocida de la isla, por su<strong> encanto rural y naturaleza campesina<\/strong>. Conforme te adentras por sus senderos te invade una sensaci\u00f3n de tranquilidad y calma total, ideal si lo que\u00a0 buscas es tu momento de paz huyendo del ajetreo invernal.<\/p>\n<p>No te extra\u00f1es si te cruzas con un reba\u00f1o de ovejas a tu paso, pues sus prados son bastante frecuentados por dichos animales cuadr\u00fapedos que completan el paisaje.<\/p>\n<p><img loading=\"lazy\" decoding=\"async\" class=\"wp-image-2704 aligncenter\" src=\"http:\/\/www.vibrahotels.com\/wp-content\/uploads\/2018\/01\/Santa-In\u00e9s.jpg\" alt=\"Santa-In\u00e9s\" width=\"839\" height=\"559\" srcset=\"https:\/\/www.vibrahotels.com\/blog\/wp-content\/uploads\/2018\/01\/Santa-In\u00e9s.jpg 1024w, https:\/\/www.vibrahotels.com\/blog\/wp-content\/uploads\/2018\/01\/Santa-In\u00e9s-300x200.jpg 300w, https:\/\/www.vibrahotels.com\/blog\/wp-content\/uploads\/2018\/01\/Santa-In\u00e9s-768x512.jpg 768w\" sizes=\"auto, (max-width: 839px) 100vw, 839px\" \/><\/p>\n<p><strong>Iglesia de Santa In\u00e9s<\/strong><\/p>\n<p>La iglesia de Santa In\u00e9s, (que da nombre a \u00e9ste peque\u00f1o municipio) es el punto de partida de la ruta senderista, desde donde adem\u00e1s salen grupos de caminantes que prefieren recorrer el camino en compa\u00f1\u00eda. \u00c9sta iglesia del m\u00e1s puro estilo ibicenco, es s\u00edmbolo identificativo de este pueblo, que se encuentra\u00a0 rodeado por altas colinas a las que sigue un verde valle. Si vas por \u00e9stas fechas, el manto verde habr\u00e1 visto cambiar su ropaje por uno blanco con reflejos rosa palo que se convierte en foco de todas las c\u00e1maras.<\/p>\n<p><strong>D\u00f3nde comer<\/strong><\/p>\n<p>Una vez all\u00ed, no puedes irte sin conocer algunos de los restaurantes locales que hay junto a la iglesia, ya sea para coger fuerza o para reponerla tras la caminata: <strong>Can Cosmi y Sa Palmera.<\/strong><\/p>\n<p><strong>Y para terminar&#8230;<\/strong><\/p>\n<p>Ac\u00e9rcate al mirador de <strong>\u201cLas Puertas del Cielo\u201d<\/strong> pues sus espectaculares vistas completar\u00e1n la experiencia y har\u00e1n que vuelvas a casa cargado de energ\u00eda positiva y deseando volver a poner los pies en estas tierras m\u00e1gicas.<\/p>\n","protected":false},"excerpt":{"rendered":"<p>A\u00fan quedan dos meses para primavera y la flor del almendro ya se viste de gala para recibirla con los p\u00e9talos abiertos. Y es que en Ibiza los inviernos son m\u00e1s cortos, los d\u00edas empiezan a ser m\u00e1s largos volviendo&#8230;<\/p>\n","protected":false},"author":1,"featured_media":2702,"comment_status":"open","ping_status":"open","sticky":false,"template":"","format":"standard","meta":{"footnotes":""},"categories":[1297],"tags":[898,570,571],"class_list":["post-2697","post","type-post","status-publish","format-standard","has-post-thumbnail","hentry","category-travel","tag-ruta","tag-rutas","tag-senderismo"],"yoast_head":"<!-- This site is optimized with the Yoast SEO plugin v27.4 - https:\/\/yoast.com\/product\/yoast-seo-wordpress\/ -->\n<title>La magia de los almendros en flor en Ibiza - Islander by Vibra Hotels<\/title>\n<meta name=\"robots\" content=\"index, follow, max-snippet:-1, max-image-preview:large, max-video-preview:-1\" \/>\n<link rel=\"canonical\" href=\"https:\/\/www.vibrahotels.com\/blog\/la-magia-de-los-almendros-en-flor-en-ibiza\/\" \/>\n<meta property=\"og:locale\" content=\"es_ES\" \/>\n<meta property=\"og:type\" content=\"article\" \/>\n<meta property=\"og:title\" content=\"La magia de los almendros en flor en Ibiza - Islander by Vibra Hotels\" \/>\n<meta property=\"og:description\" content=\"A\u00fan quedan dos meses para primavera y la flor del almendro ya se viste de gala para recibirla con los p\u00e9talos abiertos. Y es que en Ibiza los inviernos son m\u00e1s cortos, los d\u00edas empiezan a ser m\u00e1s largos volviendo...\" \/>\n<meta property=\"og:url\" content=\"https:\/\/www.vibrahotels.com\/blog\/la-magia-de-los-almendros-en-flor-en-ibiza\/\" \/>\n<meta property=\"og:site_name\" content=\"Islander by Vibra Hotels\" \/>\n<meta property=\"article:published_time\" content=\"2018-01-26T09:52:44+00:00\" \/>\n<meta property=\"article:modified_time\" content=\"2020-03-11T11:16:54+00:00\" \/>\n<meta property=\"og:image\" content=\"https:\/\/www.vibrahotels.com\/blog\/wp-content\/uploads\/2018\/01\/shutterstock_418405690-1024x683.jpg\" \/>\n\t<meta property=\"og:image:width\" content=\"1024\" \/>\n\t<meta property=\"og:image:height\" content=\"683\" \/>\n\t<meta property=\"og:image:type\" content=\"image\/jpeg\" \/>\n<meta name=\"author\" content=\"The Ibiza Blog\" \/>\n<meta name=\"twitter:card\" content=\"summary_large_image\" \/>\n<meta name=\"twitter:label1\" content=\"Escrito por\" \/>\n\t<meta name=\"twitter:data1\" content=\"The Ibiza Blog\" \/>\n\t<meta name=\"twitter:label2\" content=\"Tiempo de lectura\" \/>\n\t<meta name=\"twitter:data2\" content=\"2 minutos\" \/>\n<script type=\"application\/ld+json\" class=\"yoast-schema-graph\">{\"@context\":\"https:\\\/\\\/schema.org\",\"@graph\":[{\"@type\":\"Article\",\"@id\":\"https:\\\/\\\/www.vibrahotels.com\\\/blog\\\/la-magia-de-los-almendros-en-flor-en-ibiza\\\/#article\",\"isPartOf\":{\"@id\":\"https:\\\/\\\/www.vibrahotels.com\\\/blog\\\/la-magia-de-los-almendros-en-flor-en-ibiza\\\/\"},\"author\":{\"name\":\"The Ibiza Blog\",\"@id\":\"https:\\\/\\\/www.vibrahotels.com\\\/blog\\\/#\\\/schema\\\/person\\\/ad74f13df6e44e7081ef65424f668972\"},\"headline\":\"La magia de los almendros en flor en Ibiza\",\"datePublished\":\"2018-01-26T09:52:44+00:00\",\"dateModified\":\"2020-03-11T11:16:54+00:00\",\"mainEntityOfPage\":{\"@id\":\"https:\\\/\\\/www.vibrahotels.com\\\/blog\\\/la-magia-de-los-almendros-en-flor-en-ibiza\\\/\"},\"wordCount\":488,\"commentCount\":0,\"image\":{\"@id\":\"https:\\\/\\\/www.vibrahotels.com\\\/blog\\\/la-magia-de-los-almendros-en-flor-en-ibiza\\\/#primaryimage\"},\"thumbnailUrl\":\"https:\\\/\\\/www.vibrahotels.com\\\/blog\\\/wp-content\\\/uploads\\\/2018\\\/01\\\/shutterstock_418405690.jpg\",\"keywords\":[\"ruta\",\"rutas\",\"senderismo\"],\"articleSection\":[\"Travel\"],\"inLanguage\":\"es\",\"potentialAction\":[{\"@type\":\"CommentAction\",\"name\":\"Comment\",\"target\":[\"https:\\\/\\\/www.vibrahotels.com\\\/blog\\\/la-magia-de-los-almendros-en-flor-en-ibiza\\\/#respond\"]}]},{\"@type\":\"WebPage\",\"@id\":\"https:\\\/\\\/www.vibrahotels.com\\\/blog\\\/la-magia-de-los-almendros-en-flor-en-ibiza\\\/\",\"url\":\"https:\\\/\\\/www.vibrahotels.com\\\/blog\\\/la-magia-de-los-almendros-en-flor-en-ibiza\\\/\",\"name\":\"La magia de los almendros en flor en Ibiza - Islander by Vibra Hotels\",\"isPartOf\":{\"@id\":\"https:\\\/\\\/www.vibrahotels.com\\\/blog\\\/#website\"},\"primaryImageOfPage\":{\"@id\":\"https:\\\/\\\/www.vibrahotels.com\\\/blog\\\/la-magia-de-los-almendros-en-flor-en-ibiza\\\/#primaryimage\"},\"image\":{\"@id\":\"https:\\\/\\\/www.vibrahotels.com\\\/blog\\\/la-magia-de-los-almendros-en-flor-en-ibiza\\\/#primaryimage\"},\"thumbnailUrl\":\"https:\\\/\\\/www.vibrahotels.com\\\/blog\\\/wp-content\\\/uploads\\\/2018\\\/01\\\/shutterstock_418405690.jpg\",\"datePublished\":\"2018-01-26T09:52:44+00:00\",\"dateModified\":\"2020-03-11T11:16:54+00:00\",\"author\":{\"@id\":\"https:\\\/\\\/www.vibrahotels.com\\\/blog\\\/#\\\/schema\\\/person\\\/ad74f13df6e44e7081ef65424f668972\"},\"breadcrumb\":{\"@id\":\"https:\\\/\\\/www.vibrahotels.com\\\/blog\\\/la-magia-de-los-almendros-en-flor-en-ibiza\\\/#breadcrumb\"},\"inLanguage\":\"es\",\"potentialAction\":[{\"@type\":\"ReadAction\",\"target\":[\"https:\\\/\\\/www.vibrahotels.com\\\/blog\\\/la-magia-de-los-almendros-en-flor-en-ibiza\\\/\"]}]},{\"@type\":\"ImageObject\",\"inLanguage\":\"es\",\"@id\":\"https:\\\/\\\/www.vibrahotels.com\\\/blog\\\/la-magia-de-los-almendros-en-flor-en-ibiza\\\/#primaryimage\",\"url\":\"https:\\\/\\\/www.vibrahotels.com\\\/blog\\\/wp-content\\\/uploads\\\/2018\\\/01\\\/shutterstock_418405690.jpg\",\"contentUrl\":\"https:\\\/\\\/www.vibrahotels.com\\\/blog\\\/wp-content\\\/uploads\\\/2018\\\/01\\\/shutterstock_418405690.jpg\",\"width\":5267,\"height\":3511},{\"@type\":\"BreadcrumbList\",\"@id\":\"https:\\\/\\\/www.vibrahotels.com\\\/blog\\\/la-magia-de-los-almendros-en-flor-en-ibiza\\\/#breadcrumb\",\"itemListElement\":[{\"@type\":\"ListItem\",\"position\":1,\"name\":\"Portada\",\"item\":\"https:\\\/\\\/www.vibrahotels.com\\\/blog\\\/\"},{\"@type\":\"ListItem\",\"position\":2,\"name\":\"La magia de los almendros en flor en Ibiza\"}]},{\"@type\":\"WebSite\",\"@id\":\"https:\\\/\\\/www.vibrahotels.com\\\/blog\\\/#website\",\"url\":\"https:\\\/\\\/www.vibrahotels.com\\\/blog\\\/\",\"name\":\"Islander by Vibra Hotels\",\"description\":\"\",\"potentialAction\":[{\"@type\":\"SearchAction\",\"target\":{\"@type\":\"EntryPoint\",\"urlTemplate\":\"https:\\\/\\\/www.vibrahotels.com\\\/blog\\\/?s={search_term_string}\"},\"query-input\":{\"@type\":\"PropertyValueSpecification\",\"valueRequired\":true,\"valueName\":\"search_term_string\"}}],\"inLanguage\":\"es\"},{\"@type\":\"Person\",\"@id\":\"https:\\\/\\\/www.vibrahotels.com\\\/blog\\\/#\\\/schema\\\/person\\\/ad74f13df6e44e7081ef65424f668972\",\"name\":\"The Ibiza Blog\",\"image\":{\"@type\":\"ImageObject\",\"inLanguage\":\"es\",\"@id\":\"https:\\\/\\\/secure.gravatar.com\\\/avatar\\\/d172713df318fe4ba11547ee4a70ab1eae0206026db57d7a5920186b9f5ee855?s=96&d=mm&r=g\",\"url\":\"https:\\\/\\\/secure.gravatar.com\\\/avatar\\\/d172713df318fe4ba11547ee4a70ab1eae0206026db57d7a5920186b9f5ee855?s=96&d=mm&r=g\",\"contentUrl\":\"https:\\\/\\\/secure.gravatar.com\\\/avatar\\\/d172713df318fe4ba11547ee4a70ab1eae0206026db57d7a5920186b9f5ee855?s=96&d=mm&r=g\",\"caption\":\"The Ibiza Blog\"},\"url\":\"https:\\\/\\\/www.vibrahotels.com\\\/blog\\\/author\\\/the-ibiza-blog\\\/\"}]}<\/script>\n<!-- \/ Yoast SEO plugin. -->","yoast_head_json":{"title":"La magia de los almendros en flor en Ibiza - Islander by Vibra Hotels","robots":{"index":"index","follow":"follow","max-snippet":"max-snippet:-1","max-image-preview":"max-image-preview:large","max-video-preview":"max-video-preview:-1"},"canonical":"https:\/\/www.vibrahotels.com\/blog\/la-magia-de-los-almendros-en-flor-en-ibiza\/","og_locale":"es_ES","og_type":"article","og_title":"La magia de los almendros en flor en Ibiza - Islander by Vibra Hotels","og_description":"A\u00fan quedan dos meses para primavera y la flor del almendro ya se viste de gala para recibirla con los p\u00e9talos abiertos. Y es que en Ibiza los inviernos son m\u00e1s cortos, los d\u00edas empiezan a ser m\u00e1s largos volviendo...","og_url":"https:\/\/www.vibrahotels.com\/blog\/la-magia-de-los-almendros-en-flor-en-ibiza\/","og_site_name":"Islander by Vibra Hotels","article_published_time":"2018-01-26T09:52:44+00:00","article_modified_time":"2020-03-11T11:16:54+00:00","og_image":[{"width":1024,"height":683,"url":"https:\/\/www.vibrahotels.com\/blog\/wp-content\/uploads\/2018\/01\/shutterstock_418405690-1024x683.jpg","type":"image\/jpeg"}],"author":"The Ibiza Blog","twitter_card":"summary_large_image","twitter_misc":{"Escrito por":"The Ibiza Blog","Tiempo de lectura":"2 minutos"},"schema":{"@context":"https:\/\/schema.org","@graph":[{"@type":"Article","@id":"https:\/\/www.vibrahotels.com\/blog\/la-magia-de-los-almendros-en-flor-en-ibiza\/#article","isPartOf":{"@id":"https:\/\/www.vibrahotels.com\/blog\/la-magia-de-los-almendros-en-flor-en-ibiza\/"},"author":{"name":"The Ibiza Blog","@id":"https:\/\/www.vibrahotels.com\/blog\/#\/schema\/person\/ad74f13df6e44e7081ef65424f668972"},"headline":"La magia de los almendros en flor en Ibiza","datePublished":"2018-01-26T09:52:44+00:00","dateModified":"2020-03-11T11:16:54+00:00","mainEntityOfPage":{"@id":"https:\/\/www.vibrahotels.com\/blog\/la-magia-de-los-almendros-en-flor-en-ibiza\/"},"wordCount":488,"commentCount":0,"image":{"@id":"https:\/\/www.vibrahotels.com\/blog\/la-magia-de-los-almendros-en-flor-en-ibiza\/#primaryimage"},"thumbnailUrl":"https:\/\/www.vibrahotels.com\/blog\/wp-content\/uploads\/2018\/01\/shutterstock_418405690.jpg","keywords":["ruta","rutas","senderismo"],"articleSection":["Travel"],"inLanguage":"es","potentialAction":[{"@type":"CommentAction","name":"Comment","target":["https:\/\/www.vibrahotels.com\/blog\/la-magia-de-los-almendros-en-flor-en-ibiza\/#respond"]}]},{"@type":"WebPage","@id":"https:\/\/www.vibrahotels.com\/blog\/la-magia-de-los-almendros-en-flor-en-ibiza\/","url":"https:\/\/www.vibrahotels.com\/blog\/la-magia-de-los-almendros-en-flor-en-ibiza\/","name":"La magia de los almendros en flor en Ibiza - Islander by Vibra Hotels","isPartOf":{"@id":"https:\/\/www.vibrahotels.com\/blog\/#website"},"primaryImageOfPage":{"@id":"https:\/\/www.vibrahotels.com\/blog\/la-magia-de-los-almendros-en-flor-en-ibiza\/#primaryimage"},"image":{"@id":"https:\/\/www.vibrahotels.com\/blog\/la-magia-de-los-almendros-en-flor-en-ibiza\/#primaryimage"},"thumbnailUrl":"https:\/\/www.vibrahotels.com\/blog\/wp-content\/uploads\/2018\/01\/shutterstock_418405690.jpg","datePublished":"2018-01-26T09:52:44+00:00","dateModified":"2020-03-11T11:16:54+00:00","author":{"@id":"https:\/\/www.vibrahotels.com\/blog\/#\/schema\/person\/ad74f13df6e44e7081ef65424f668972"},"breadcrumb":{"@id":"https:\/\/www.vibrahotels.com\/blog\/la-magia-de-los-almendros-en-flor-en-ibiza\/#breadcrumb"},"inLanguage":"es","potentialAction":[{"@type":"ReadAction","target":["https:\/\/www.vibrahotels.com\/blog\/la-magia-de-los-almendros-en-flor-en-ibiza\/"]}]},{"@type":"ImageObject","inLanguage":"es","@id":"https:\/\/www.vibrahotels.com\/blog\/la-magia-de-los-almendros-en-flor-en-ibiza\/#primaryimage","url":"https:\/\/www.vibrahotels.com\/blog\/wp-content\/uploads\/2018\/01\/shutterstock_418405690.jpg","contentUrl":"https:\/\/www.vibrahotels.com\/blog\/wp-content\/uploads\/2018\/01\/shutterstock_418405690.jpg","width":5267,"height":3511},{"@type":"BreadcrumbList","@id":"https:\/\/www.vibrahotels.com\/blog\/la-magia-de-los-almendros-en-flor-en-ibiza\/#breadcrumb","itemListElement":[{"@type":"ListItem","position":1,"name":"Portada","item":"https:\/\/www.vibrahotels.com\/blog\/"},{"@type":"ListItem","position":2,"name":"La magia de los almendros en flor en Ibiza"}]},{"@type":"WebSite","@id":"https:\/\/www.vibrahotels.com\/blog\/#website","url":"https:\/\/www.vibrahotels.com\/blog\/","name":"Islander by Vibra Hotels","description":"","potentialAction":[{"@type":"SearchAction","target":{"@type":"EntryPoint","urlTemplate":"https:\/\/www.vibrahotels.com\/blog\/?s={search_term_string}"},"query-input":{"@type":"PropertyValueSpecification","valueRequired":true,"valueName":"search_term_string"}}],"inLanguage":"es"},{"@type":"Person","@id":"https:\/\/www.vibrahotels.com\/blog\/#\/schema\/person\/ad74f13df6e44e7081ef65424f668972","name":"The Ibiza Blog","image":{"@type":"ImageObject","inLanguage":"es","@id":"https:\/\/secure.gravatar.com\/avatar\/d172713df318fe4ba11547ee4a70ab1eae0206026db57d7a5920186b9f5ee855?s=96&d=mm&r=g","url":"https:\/\/secure.gravatar.com\/avatar\/d172713df318fe4ba11547ee4a70ab1eae0206026db57d7a5920186b9f5ee855?s=96&d=mm&r=g","contentUrl":"https:\/\/secure.gravatar.com\/avatar\/d172713df318fe4ba11547ee4a70ab1eae0206026db57d7a5920186b9f5ee855?s=96&d=mm&r=g","caption":"The Ibiza Blog"},"url":"https:\/\/www.vibrahotels.com\/blog\/author\/the-ibiza-blog\/"}]}},"_links":{"self":[{"href":"https:\/\/www.vibrahotels.com\/blog\/wp-json\/wp\/v2\/posts\/2697","targetHints":{"allow":["GET"]}}],"collection":[{"href":"https:\/\/www.vibrahotels.com\/blog\/wp-json\/wp\/v2\/posts"}],"about":[{"href":"https:\/\/www.vibrahotels.com\/blog\/wp-json\/wp\/v2\/types\/post"}],"author":[{"embeddable":true,"href":"https:\/\/www.vibrahotels.com\/blog\/wp-json\/wp\/v2\/users\/1"}],"replies":[{"embeddable":true,"href":"https:\/\/www.vibrahotels.com\/blog\/wp-json\/wp\/v2\/comments?post=2697"}],"version-history":[{"count":0,"href":"https:\/\/www.vibrahotels.com\/blog\/wp-json\/wp\/v2\/posts\/2697\/revisions"}],"wp:featuredmedia":[{"embeddable":true,"href":"https:\/\/www.vibrahotels.com\/blog\/wp-json\/wp\/v2\/media\/2702"}],"wp:attachment":[{"href":"https:\/\/www.vibrahotels.com\/blog\/wp-json\/wp\/v2\/media?parent=2697"}],"wp:term":[{"taxonomy":"category","embeddable":true,"href":"https:\/\/www.vibrahotels.com\/blog\/wp-json\/wp\/v2\/categories?post=2697"},{"taxonomy":"post_tag","embeddable":true,"href":"https:\/\/www.vibrahotels.com\/blog\/wp-json\/wp\/v2\/tags?post=2697"}],"curies":[{"name":"wp","href":"https:\/\/api.w.org\/{rel}","templated":true}]}}