{"id":2214,"date":"2017-05-24T10:34:35","date_gmt":"2017-05-24T08:34:35","guid":{"rendered":"http:\/\/www.vibrahotels.com\/?p=2214"},"modified":"2020-02-14T13:13:46","modified_gmt":"2020-02-14T12:13:46","slug":"amnesia-inaugura-la-mejor-temporada-historia","status":"publish","type":"post","link":"https:\/\/www.vibrahotels.com\/blog\/amnesia-inaugura-la-mejor-temporada-historia\/","title":{"rendered":"Amnesia inaugura la mejor temporada de su historia"},"content":{"rendered":"<p>Cuenta atr\u00e1s para la fiesta m\u00e1s esperada por los amantes de la m\u00fasica electr\u00f3nica. Cumpliendo 43 a\u00f1os, <a href=\"http:\/\/www.amnesia.es\/\"><strong>Amnesia<\/strong> <\/a>abrir\u00e1 sus puertas el pr\u00f3ximo <strong>27 de mayo<\/strong> en la que presume ser\u00e1 la <strong>mejor temporada de su historia<\/strong>. Y no extra\u00f1a teniendo en cuenta el arranque de m\u00e1ximo nivel que tiene preparado, con un line up que re\u00fane a los <strong>mejores DJs<\/strong> <strong>del panorama internacional<\/strong>.<\/p>\n<p>Tanto la terraza como la sala principal se llenar\u00e1n de noct\u00e1mbulos d\u00e1ndolo todo hasta el amanecer para disfrutar de un gran elenco de artistas, el cual incluye nombres como <strong>Marco Carola<\/strong>, <strong>Cuarteto B2B Mar-T<\/strong>, <strong>Claptone<\/strong>, <strong>Erick Morillo<\/strong>, <strong>Gorgon City<\/strong>, <strong>Hannah Wants<\/strong>, <strong>Les Schmitz<\/strong>, <strong>Jackmaster<\/strong>, <strong>Patrick Topping<\/strong>, <strong>Luca Donzelli<\/strong> y <strong>CAAL<\/strong>.<\/p>\n<p>No es casualidad que la<strong> Opening de <a href=\"http:\/\/www.amnesia.es\/\">Amnesia<\/a><\/strong> est\u00e9 considerada <strong>una de las grandes fiestas de apertura en Ibiza<\/strong> y que cada a\u00f1o sea una cita ineludible para los miles de <strong>clubbers<\/strong> que esperan lo mejor del <strong>techno<\/strong>, el <strong>house<\/strong> y la <strong>m\u00fasica electr\u00f3nica<\/strong> de talento, con un sonido extraordinario y una luz que te transporta a otras dimensiones. Quien la prueba asegura que es una de las experiencias que todo el mundo deber\u00eda vivir en la isla blanca.<\/p>\n<p>\u00a1Comienza la temporada amigos! \u00bfEst\u00e1is preparados?<\/p>\n<p>Nuestros consejos:<\/p>\n<ul>\n<li><strong>\u00bfC\u00f3mo llegar?<\/strong> Coge un taxi en <strong>San Antonio<\/strong>, <strong>Ibiza ciudad<\/strong> o <strong>Playa d\u2019en Bossa<\/strong> (10-20\u20ac). Tambi\u00e9n tienes a tu disposici\u00f3n autobuses gratuitos del club de ida y vuelta desde estas localizaciones.<\/li>\n<\/ul>\n<ul>\n<li><strong>\u00bfD\u00f3nde dormir?<\/strong> Busca alojamiento en San Antonio o Ibiza ciudad, ya que Amnesia se encuentra a medio camino. <strong><a href=\"https:\/\/www.playasolibizahotels.com\/\">Playasol Ibiza Hotels<\/a><\/strong> tiene una oferta muy variada con una excelente calidad precio.<\/li>\n<\/ul>\n<p><iframe loading=\"lazy\" title=\"Amnesia Ibiza Opening Party 2017: Line Up\" width=\"1140\" height=\"641\" src=\"https:\/\/www.youtube.com\/embed\/FcSOWYxA92U?feature=oembed\" frameborder=\"0\" allow=\"accelerometer; autoplay; encrypted-media; gyroscope; picture-in-picture\" allowfullscreen><\/iframe><\/p>\n","protected":false},"excerpt":{"rendered":"<p>Cuenta atr\u00e1s para la fiesta m\u00e1s esperada por los amantes de la m\u00fasica electr\u00f3nica. Cumpliendo 43 a\u00f1os, Amnesia abrir\u00e1 sus puertas el pr\u00f3ximo 27 de mayo en la que presume ser\u00e1 la mejor temporada de su historia. Y no extra\u00f1a&#8230;<\/p>\n","protected":false},"author":1,"featured_media":2215,"comment_status":"open","ping_status":"open","sticky":false,"template":"","format":"standard","meta":{"footnotes":""},"categories":[1311],"tags":[55,808],"class_list":["post-2214","post","type-post","status-publish","format-standard","has-post-thumbnail","hentry","category-planes-en-ibiza","tag-nightlife","tag-noche"],"yoast_head":"<!-- This site is optimized with the Yoast SEO plugin v27.4 - https:\/\/yoast.com\/product\/yoast-seo-wordpress\/ -->\n<title>Amnesia inaugura la mejor temporada de su historia - Islander by Vibra Hotels<\/title>\n<meta name=\"robots\" content=\"index, follow, max-snippet:-1, max-image-preview:large, max-video-preview:-1\" \/>\n<link rel=\"canonical\" href=\"https:\/\/www.vibrahotels.com\/blog\/amnesia-inaugura-la-mejor-temporada-historia\/\" \/>\n<meta property=\"og:locale\" content=\"es_ES\" \/>\n<meta property=\"og:type\" content=\"article\" \/>\n<meta property=\"og:title\" content=\"Amnesia inaugura la mejor temporada de su historia - Islander by Vibra Hotels\" \/>\n<meta property=\"og:description\" content=\"Cuenta atr\u00e1s para la fiesta m\u00e1s esperada por los amantes de la m\u00fasica electr\u00f3nica. Cumpliendo 43 a\u00f1os, Amnesia abrir\u00e1 sus puertas el pr\u00f3ximo 27 de mayo en la que presume ser\u00e1 la mejor temporada de su historia. Y no extra\u00f1a...\" \/>\n<meta property=\"og:url\" content=\"https:\/\/www.vibrahotels.com\/blog\/amnesia-inaugura-la-mejor-temporada-historia\/\" \/>\n<meta property=\"og:site_name\" content=\"Islander by Vibra Hotels\" \/>\n<meta property=\"article:published_time\" content=\"2017-05-24T08:34:35+00:00\" \/>\n<meta property=\"article:modified_time\" content=\"2020-02-14T12:13:46+00:00\" \/>\n<meta property=\"og:image\" content=\"https:\/\/www.vibrahotels.com\/blog\/wp-content\/uploads\/2017\/05\/10102016140026599342.jpg\" \/>\n\t<meta property=\"og:image:width\" content=\"850\" \/>\n\t<meta property=\"og:image:height\" content=\"567\" \/>\n\t<meta property=\"og:image:type\" content=\"image\/jpeg\" \/>\n<meta name=\"author\" content=\"The Ibiza Blog\" \/>\n<meta name=\"twitter:card\" content=\"summary_large_image\" \/>\n<meta name=\"twitter:label1\" content=\"Escrito por\" \/>\n\t<meta name=\"twitter:data1\" content=\"The Ibiza Blog\" \/>\n\t<meta name=\"twitter:label2\" content=\"Tiempo de lectura\" \/>\n\t<meta name=\"twitter:data2\" content=\"1 minuto\" \/>\n<script type=\"application\/ld+json\" class=\"yoast-schema-graph\">{\"@context\":\"https:\\\/\\\/schema.org\",\"@graph\":[{\"@type\":\"Article\",\"@id\":\"https:\\\/\\\/www.vibrahotels.com\\\/blog\\\/amnesia-inaugura-la-mejor-temporada-historia\\\/#article\",\"isPartOf\":{\"@id\":\"https:\\\/\\\/www.vibrahotels.com\\\/blog\\\/amnesia-inaugura-la-mejor-temporada-historia\\\/\"},\"author\":{\"name\":\"The Ibiza Blog\",\"@id\":\"https:\\\/\\\/www.vibrahotels.com\\\/blog\\\/#\\\/schema\\\/person\\\/ad74f13df6e44e7081ef65424f668972\"},\"headline\":\"Amnesia inaugura la mejor temporada de su historia\",\"datePublished\":\"2017-05-24T08:34:35+00:00\",\"dateModified\":\"2020-02-14T12:13:46+00:00\",\"mainEntityOfPage\":{\"@id\":\"https:\\\/\\\/www.vibrahotels.com\\\/blog\\\/amnesia-inaugura-la-mejor-temporada-historia\\\/\"},\"wordCount\":302,\"commentCount\":0,\"image\":{\"@id\":\"https:\\\/\\\/www.vibrahotels.com\\\/blog\\\/amnesia-inaugura-la-mejor-temporada-historia\\\/#primaryimage\"},\"thumbnailUrl\":\"https:\\\/\\\/www.vibrahotels.com\\\/blog\\\/wp-content\\\/uploads\\\/2017\\\/05\\\/10102016140026599342.jpg\",\"keywords\":[\"Nightlife\",\"noche\"],\"articleSection\":[\"Planes en Ibiza\"],\"inLanguage\":\"es\",\"potentialAction\":[{\"@type\":\"CommentAction\",\"name\":\"Comment\",\"target\":[\"https:\\\/\\\/www.vibrahotels.com\\\/blog\\\/amnesia-inaugura-la-mejor-temporada-historia\\\/#respond\"]}]},{\"@type\":\"WebPage\",\"@id\":\"https:\\\/\\\/www.vibrahotels.com\\\/blog\\\/amnesia-inaugura-la-mejor-temporada-historia\\\/\",\"url\":\"https:\\\/\\\/www.vibrahotels.com\\\/blog\\\/amnesia-inaugura-la-mejor-temporada-historia\\\/\",\"name\":\"Amnesia inaugura la mejor temporada de su historia - Islander by Vibra Hotels\",\"isPartOf\":{\"@id\":\"https:\\\/\\\/www.vibrahotels.com\\\/blog\\\/#website\"},\"primaryImageOfPage\":{\"@id\":\"https:\\\/\\\/www.vibrahotels.com\\\/blog\\\/amnesia-inaugura-la-mejor-temporada-historia\\\/#primaryimage\"},\"image\":{\"@id\":\"https:\\\/\\\/www.vibrahotels.com\\\/blog\\\/amnesia-inaugura-la-mejor-temporada-historia\\\/#primaryimage\"},\"thumbnailUrl\":\"https:\\\/\\\/www.vibrahotels.com\\\/blog\\\/wp-content\\\/uploads\\\/2017\\\/05\\\/10102016140026599342.jpg\",\"datePublished\":\"2017-05-24T08:34:35+00:00\",\"dateModified\":\"2020-02-14T12:13:46+00:00\",\"author\":{\"@id\":\"https:\\\/\\\/www.vibrahotels.com\\\/blog\\\/#\\\/schema\\\/person\\\/ad74f13df6e44e7081ef65424f668972\"},\"breadcrumb\":{\"@id\":\"https:\\\/\\\/www.vibrahotels.com\\\/blog\\\/amnesia-inaugura-la-mejor-temporada-historia\\\/#breadcrumb\"},\"inLanguage\":\"es\",\"potentialAction\":[{\"@type\":\"ReadAction\",\"target\":[\"https:\\\/\\\/www.vibrahotels.com\\\/blog\\\/amnesia-inaugura-la-mejor-temporada-historia\\\/\"]}]},{\"@type\":\"ImageObject\",\"inLanguage\":\"es\",\"@id\":\"https:\\\/\\\/www.vibrahotels.com\\\/blog\\\/amnesia-inaugura-la-mejor-temporada-historia\\\/#primaryimage\",\"url\":\"https:\\\/\\\/www.vibrahotels.com\\\/blog\\\/wp-content\\\/uploads\\\/2017\\\/05\\\/10102016140026599342.jpg\",\"contentUrl\":\"https:\\\/\\\/www.vibrahotels.com\\\/blog\\\/wp-content\\\/uploads\\\/2017\\\/05\\\/10102016140026599342.jpg\",\"width\":850,\"height\":567,\"caption\":\"Amnesia Ibiza\"},{\"@type\":\"BreadcrumbList\",\"@id\":\"https:\\\/\\\/www.vibrahotels.com\\\/blog\\\/amnesia-inaugura-la-mejor-temporada-historia\\\/#breadcrumb\",\"itemListElement\":[{\"@type\":\"ListItem\",\"position\":1,\"name\":\"Portada\",\"item\":\"https:\\\/\\\/www.vibrahotels.com\\\/blog\\\/\"},{\"@type\":\"ListItem\",\"position\":2,\"name\":\"Amnesia inaugura la mejor temporada de su historia\"}]},{\"@type\":\"WebSite\",\"@id\":\"https:\\\/\\\/www.vibrahotels.com\\\/blog\\\/#website\",\"url\":\"https:\\\/\\\/www.vibrahotels.com\\\/blog\\\/\",\"name\":\"Islander by Vibra Hotels\",\"description\":\"\",\"potentialAction\":[{\"@type\":\"SearchAction\",\"target\":{\"@type\":\"EntryPoint\",\"urlTemplate\":\"https:\\\/\\\/www.vibrahotels.com\\\/blog\\\/?s={search_term_string}\"},\"query-input\":{\"@type\":\"PropertyValueSpecification\",\"valueRequired\":true,\"valueName\":\"search_term_string\"}}],\"inLanguage\":\"es\"},{\"@type\":\"Person\",\"@id\":\"https:\\\/\\\/www.vibrahotels.com\\\/blog\\\/#\\\/schema\\\/person\\\/ad74f13df6e44e7081ef65424f668972\",\"name\":\"The Ibiza Blog\",\"image\":{\"@type\":\"ImageObject\",\"inLanguage\":\"es\",\"@id\":\"https:\\\/\\\/secure.gravatar.com\\\/avatar\\\/d172713df318fe4ba11547ee4a70ab1eae0206026db57d7a5920186b9f5ee855?s=96&d=mm&r=g\",\"url\":\"https:\\\/\\\/secure.gravatar.com\\\/avatar\\\/d172713df318fe4ba11547ee4a70ab1eae0206026db57d7a5920186b9f5ee855?s=96&d=mm&r=g\",\"contentUrl\":\"https:\\\/\\\/secure.gravatar.com\\\/avatar\\\/d172713df318fe4ba11547ee4a70ab1eae0206026db57d7a5920186b9f5ee855?s=96&d=mm&r=g\",\"caption\":\"The Ibiza Blog\"},\"url\":\"https:\\\/\\\/www.vibrahotels.com\\\/blog\\\/author\\\/the-ibiza-blog\\\/\"}]}<\/script>\n<!-- \/ Yoast SEO plugin. -->","yoast_head_json":{"title":"Amnesia inaugura la mejor temporada de su historia - Islander by Vibra Hotels","robots":{"index":"index","follow":"follow","max-snippet":"max-snippet:-1","max-image-preview":"max-image-preview:large","max-video-preview":"max-video-preview:-1"},"canonical":"https:\/\/www.vibrahotels.com\/blog\/amnesia-inaugura-la-mejor-temporada-historia\/","og_locale":"es_ES","og_type":"article","og_title":"Amnesia inaugura la mejor temporada de su historia - Islander by Vibra Hotels","og_description":"Cuenta atr\u00e1s para la fiesta m\u00e1s esperada por los amantes de la m\u00fasica electr\u00f3nica. Cumpliendo 43 a\u00f1os, Amnesia abrir\u00e1 sus puertas el pr\u00f3ximo 27 de mayo en la que presume ser\u00e1 la mejor temporada de su historia. Y no extra\u00f1a...","og_url":"https:\/\/www.vibrahotels.com\/blog\/amnesia-inaugura-la-mejor-temporada-historia\/","og_site_name":"Islander by Vibra Hotels","article_published_time":"2017-05-24T08:34:35+00:00","article_modified_time":"2020-02-14T12:13:46+00:00","og_image":[{"width":850,"height":567,"url":"https:\/\/www.vibrahotels.com\/blog\/wp-content\/uploads\/2017\/05\/10102016140026599342.jpg","type":"image\/jpeg"}],"author":"The Ibiza Blog","twitter_card":"summary_large_image","twitter_misc":{"Escrito por":"The Ibiza Blog","Tiempo de lectura":"1 minuto"},"schema":{"@context":"https:\/\/schema.org","@graph":[{"@type":"Article","@id":"https:\/\/www.vibrahotels.com\/blog\/amnesia-inaugura-la-mejor-temporada-historia\/#article","isPartOf":{"@id":"https:\/\/www.vibrahotels.com\/blog\/amnesia-inaugura-la-mejor-temporada-historia\/"},"author":{"name":"The Ibiza Blog","@id":"https:\/\/www.vibrahotels.com\/blog\/#\/schema\/person\/ad74f13df6e44e7081ef65424f668972"},"headline":"Amnesia inaugura la mejor temporada de su historia","datePublished":"2017-05-24T08:34:35+00:00","dateModified":"2020-02-14T12:13:46+00:00","mainEntityOfPage":{"@id":"https:\/\/www.vibrahotels.com\/blog\/amnesia-inaugura-la-mejor-temporada-historia\/"},"wordCount":302,"commentCount":0,"image":{"@id":"https:\/\/www.vibrahotels.com\/blog\/amnesia-inaugura-la-mejor-temporada-historia\/#primaryimage"},"thumbnailUrl":"https:\/\/www.vibrahotels.com\/blog\/wp-content\/uploads\/2017\/05\/10102016140026599342.jpg","keywords":["Nightlife","noche"],"articleSection":["Planes en Ibiza"],"inLanguage":"es","potentialAction":[{"@type":"CommentAction","name":"Comment","target":["https:\/\/www.vibrahotels.com\/blog\/amnesia-inaugura-la-mejor-temporada-historia\/#respond"]}]},{"@type":"WebPage","@id":"https:\/\/www.vibrahotels.com\/blog\/amnesia-inaugura-la-mejor-temporada-historia\/","url":"https:\/\/www.vibrahotels.com\/blog\/amnesia-inaugura-la-mejor-temporada-historia\/","name":"Amnesia inaugura la mejor temporada de su historia - Islander by Vibra Hotels","isPartOf":{"@id":"https:\/\/www.vibrahotels.com\/blog\/#website"},"primaryImageOfPage":{"@id":"https:\/\/www.vibrahotels.com\/blog\/amnesia-inaugura-la-mejor-temporada-historia\/#primaryimage"},"image":{"@id":"https:\/\/www.vibrahotels.com\/blog\/amnesia-inaugura-la-mejor-temporada-historia\/#primaryimage"},"thumbnailUrl":"https:\/\/www.vibrahotels.com\/blog\/wp-content\/uploads\/2017\/05\/10102016140026599342.jpg","datePublished":"2017-05-24T08:34:35+00:00","dateModified":"2020-02-14T12:13:46+00:00","author":{"@id":"https:\/\/www.vibrahotels.com\/blog\/#\/schema\/person\/ad74f13df6e44e7081ef65424f668972"},"breadcrumb":{"@id":"https:\/\/www.vibrahotels.com\/blog\/amnesia-inaugura-la-mejor-temporada-historia\/#breadcrumb"},"inLanguage":"es","potentialAction":[{"@type":"ReadAction","target":["https:\/\/www.vibrahotels.com\/blog\/amnesia-inaugura-la-mejor-temporada-historia\/"]}]},{"@type":"ImageObject","inLanguage":"es","@id":"https:\/\/www.vibrahotels.com\/blog\/amnesia-inaugura-la-mejor-temporada-historia\/#primaryimage","url":"https:\/\/www.vibrahotels.com\/blog\/wp-content\/uploads\/2017\/05\/10102016140026599342.jpg","contentUrl":"https:\/\/www.vibrahotels.com\/blog\/wp-content\/uploads\/2017\/05\/10102016140026599342.jpg","width":850,"height":567,"caption":"Amnesia Ibiza"},{"@type":"BreadcrumbList","@id":"https:\/\/www.vibrahotels.com\/blog\/amnesia-inaugura-la-mejor-temporada-historia\/#breadcrumb","itemListElement":[{"@type":"ListItem","position":1,"name":"Portada","item":"https:\/\/www.vibrahotels.com\/blog\/"},{"@type":"ListItem","position":2,"name":"Amnesia inaugura la mejor temporada de su historia"}]},{"@type":"WebSite","@id":"https:\/\/www.vibrahotels.com\/blog\/#website","url":"https:\/\/www.vibrahotels.com\/blog\/","name":"Islander by Vibra Hotels","description":"","potentialAction":[{"@type":"SearchAction","target":{"@type":"EntryPoint","urlTemplate":"https:\/\/www.vibrahotels.com\/blog\/?s={search_term_string}"},"query-input":{"@type":"PropertyValueSpecification","valueRequired":true,"valueName":"search_term_string"}}],"inLanguage":"es"},{"@type":"Person","@id":"https:\/\/www.vibrahotels.com\/blog\/#\/schema\/person\/ad74f13df6e44e7081ef65424f668972","name":"The Ibiza Blog","image":{"@type":"ImageObject","inLanguage":"es","@id":"https:\/\/secure.gravatar.com\/avatar\/d172713df318fe4ba11547ee4a70ab1eae0206026db57d7a5920186b9f5ee855?s=96&d=mm&r=g","url":"https:\/\/secure.gravatar.com\/avatar\/d172713df318fe4ba11547ee4a70ab1eae0206026db57d7a5920186b9f5ee855?s=96&d=mm&r=g","contentUrl":"https:\/\/secure.gravatar.com\/avatar\/d172713df318fe4ba11547ee4a70ab1eae0206026db57d7a5920186b9f5ee855?s=96&d=mm&r=g","caption":"The Ibiza Blog"},"url":"https:\/\/www.vibrahotels.com\/blog\/author\/the-ibiza-blog\/"}]}},"_links":{"self":[{"href":"https:\/\/www.vibrahotels.com\/blog\/wp-json\/wp\/v2\/posts\/2214","targetHints":{"allow":["GET"]}}],"collection":[{"href":"https:\/\/www.vibrahotels.com\/blog\/wp-json\/wp\/v2\/posts"}],"about":[{"href":"https:\/\/www.vibrahotels.com\/blog\/wp-json\/wp\/v2\/types\/post"}],"author":[{"embeddable":true,"href":"https:\/\/www.vibrahotels.com\/blog\/wp-json\/wp\/v2\/users\/1"}],"replies":[{"embeddable":true,"href":"https:\/\/www.vibrahotels.com\/blog\/wp-json\/wp\/v2\/comments?post=2214"}],"version-history":[{"count":0,"href":"https:\/\/www.vibrahotels.com\/blog\/wp-json\/wp\/v2\/posts\/2214\/revisions"}],"wp:featuredmedia":[{"embeddable":true,"href":"https:\/\/www.vibrahotels.com\/blog\/wp-json\/wp\/v2\/media\/2215"}],"wp:attachment":[{"href":"https:\/\/www.vibrahotels.com\/blog\/wp-json\/wp\/v2\/media?parent=2214"}],"wp:term":[{"taxonomy":"category","embeddable":true,"href":"https:\/\/www.vibrahotels.com\/blog\/wp-json\/wp\/v2\/categories?post=2214"},{"taxonomy":"post_tag","embeddable":true,"href":"https:\/\/www.vibrahotels.com\/blog\/wp-json\/wp\/v2\/tags?post=2214"}],"curies":[{"name":"wp","href":"https:\/\/api.w.org\/{rel}","templated":true}]}}