{"id":2147,"date":"2017-03-24T17:51:10","date_gmt":"2017-03-24T16:51:10","guid":{"rendered":"http:\/\/www.vibrahotels.com\/?p=2147"},"modified":"2020-03-11T12:17:01","modified_gmt":"2020-03-11T11:17:01","slug":"la-isla-vedra-lugar-magico-ibiza","status":"publish","type":"post","link":"https:\/\/www.vibrahotels.com\/blog\/la-isla-vedra-lugar-magico-ibiza\/","title":{"rendered":"La isla de Es Vedr\u00e1, un lugar m\u00e1gico en Ibiza"},"content":{"rendered":"<p><strong>Es Vedr\u00e0<\/strong>\u00a0es un islote pr\u00f3ximo a <strong>Ibiza<\/strong> de enorme belleza natural, que esconde un sinf\u00edn de curiosidades y leyendas. Admirado por residentes y turistas, fue declarado reserva natural en 2002 y forma parte de Es Vedr\u00e1, Es Vedranell y els illots de Ponent.<\/p>\n<p>Seg\u00fan dicen las leyendas, desde el momento en que <strong>Es Vedr\u00e0<\/strong> se separ\u00f3 de la isla de <strong>Ibiza<\/strong>, adquiri\u00f3 unas tremendas propiedades de acumulaci\u00f3n de energ\u00eda. Quedando enfrente de <strong>Cala d\u2019Hort<\/strong>, se convirti\u00f3 en un centinela que envuelve y protege a la isla, dot\u00e1ndola de un aurea de misterio. De hecho, con tan solo observarlo desde la distancia sientes como si el pe\u00f1\u00f3n tuviera una magia especial.<\/p>\n<p>Ya sean curiosidades, leyendas o simples habladur\u00edas, lo cierto es que siempre se ha considerado al islote como uno de los rincones m\u00e1s enigm\u00e1ticos de las Pitiusas. De hecho, varios investigadores sostienen que <strong>Es Vedr\u00e0<\/strong> forma parte, junto\u00a0al Pe\u00f1\u00f3n de Ifach (Calpe) y la costa suroeste de Mallorca, del denominado\u00a0<strong>\u2018Tri\u00e1ngulo del Silencio\u2019<\/strong> y se compara con el famoso Tri\u00e1ngulo de las Bermudas, hablando incluso de fen\u00f3menos paranormales.<\/p>\n<p>Ya en el siglo XV, el f\u00edsico y astr\u00f3logo franc\u00e9s <strong>Nostradamus<\/strong> predijo que Ibiza ser\u00eda <strong>\u201cel \u00faltimo refugio de la tierra\u201d<\/strong> y que, en caso de una guerra nuclear mundial, Ibiza ser\u00eda el \u00faltimo sitio donde ser\u00eda posible la vida gracias a sus especiales corrientes de aire.<\/p>\n<p>Sea como sea, sin duda Es Vedr\u00e0 es uno de los imprescindibles para visitar en Ibiza. Te dejamos algunos consejos para que vivas una experiencia inolvidable.<\/p>\n<p><strong>\u00bfC\u00f3mo llegar?<\/strong><\/p>\n<p>Ve en coche desde\u00a0Ibiza hasta Sant Josep de Sa Talaia, luego coge direcci\u00f3n Cala Vadella y sigue hasta el desv\u00edo de Cala d\u2019Hort. Llegar\u00e1s enfrente de\u00a0Es Vendr\u00e1\u00a0en la misma cala o bien por caminos a la explanada del mirador del islote. Si decides <strong>alojarte las playas del poniente o en San Antoni<\/strong>, puedes realizar la ruta en bicicleta, Es Vedr\u00e0 est\u00e1 cerca de estos municipios.<\/p>\n<p><strong>Nuestros consejos:<\/strong><\/p>\n<ul>\n<li>Alquila una <strong>excursi\u00f3n en barco o kayak<\/strong> y recarg\u00e1rte de energ\u00eda tocando la piedra. El acceso a estos islotes es exclusivamente por mar y en embarcaciones privadas y con permiso.<\/li>\n<li>Sube hasta la <strong>Torre des Savinar<\/strong>, encontrar\u00e1s numerosos rincones para disfrutar de una de las <strong>puestas de sol<\/strong> m\u00e1s bonitas de la isla en soledad.<\/li>\n<li>Si lo tuyo es el <strong>buceo<\/strong>, no dudes en practicarlo aqu\u00ed. Dicen que nada m\u00e1s acercarte a sus imponentes acantilados, uno tiene la impresi\u00f3n de que est\u00e1 en un lugar especial.<\/li>\n<\/ul>\n","protected":false},"excerpt":{"rendered":"<p>Es Vedr\u00e0\u00a0es un islote pr\u00f3ximo a Ibiza de enorme belleza natural, que esconde un sinf\u00edn de curiosidades y leyendas. Admirado por residentes y turistas, fue declarado reserva natural en 2002 y forma parte de Es Vedr\u00e1, Es Vedranell y els&#8230;<\/p>\n","protected":false},"author":1,"featured_media":2148,"comment_status":"open","ping_status":"open","sticky":false,"template":"","format":"standard","meta":{"footnotes":""},"categories":[1297],"tags":[],"class_list":["post-2147","post","type-post","status-publish","format-standard","has-post-thumbnail","hentry","category-travel"],"yoast_head":"<!-- This site is optimized with the Yoast SEO plugin v27.4 - https:\/\/yoast.com\/product\/yoast-seo-wordpress\/ -->\n<title>La isla de Es Vedr\u00e1, un lugar m\u00e1gico en Ibiza - Islander by Vibra Hotels<\/title>\n<meta name=\"robots\" content=\"index, follow, max-snippet:-1, max-image-preview:large, max-video-preview:-1\" \/>\n<link rel=\"canonical\" href=\"https:\/\/www.vibrahotels.com\/blog\/la-isla-vedra-lugar-magico-ibiza\/\" \/>\n<meta property=\"og:locale\" content=\"es_ES\" \/>\n<meta property=\"og:type\" content=\"article\" \/>\n<meta property=\"og:title\" content=\"La isla de Es Vedr\u00e1, un lugar m\u00e1gico en Ibiza - Islander by Vibra Hotels\" \/>\n<meta property=\"og:description\" content=\"Es Vedr\u00e0\u00a0es un islote pr\u00f3ximo a Ibiza de enorme belleza natural, que esconde un sinf\u00edn de curiosidades y leyendas. Admirado por residentes y turistas, fue declarado reserva natural en 2002 y forma parte de Es Vedr\u00e1, Es Vedranell y els...\" \/>\n<meta property=\"og:url\" content=\"https:\/\/www.vibrahotels.com\/blog\/la-isla-vedra-lugar-magico-ibiza\/\" \/>\n<meta property=\"og:site_name\" content=\"Islander by Vibra Hotels\" \/>\n<meta property=\"article:published_time\" content=\"2017-03-24T16:51:10+00:00\" \/>\n<meta property=\"article:modified_time\" content=\"2020-03-11T11:17:01+00:00\" \/>\n<meta property=\"og:image\" content=\"https:\/\/www.vibrahotels.com\/blog\/wp-content\/uploads\/2017\/03\/shutterstock_332475698-1024x669.jpg\" \/>\n\t<meta property=\"og:image:width\" content=\"1024\" \/>\n\t<meta property=\"og:image:height\" content=\"669\" \/>\n\t<meta property=\"og:image:type\" content=\"image\/jpeg\" \/>\n<meta name=\"author\" content=\"The Ibiza Blog\" \/>\n<meta name=\"twitter:card\" content=\"summary_large_image\" \/>\n<meta name=\"twitter:label1\" content=\"Escrito por\" \/>\n\t<meta name=\"twitter:data1\" content=\"The Ibiza Blog\" \/>\n\t<meta name=\"twitter:label2\" content=\"Tiempo de lectura\" \/>\n\t<meta name=\"twitter:data2\" content=\"2 minutos\" \/>\n<script type=\"application\/ld+json\" class=\"yoast-schema-graph\">{\"@context\":\"https:\\\/\\\/schema.org\",\"@graph\":[{\"@type\":\"Article\",\"@id\":\"https:\\\/\\\/www.vibrahotels.com\\\/blog\\\/la-isla-vedra-lugar-magico-ibiza\\\/#article\",\"isPartOf\":{\"@id\":\"https:\\\/\\\/www.vibrahotels.com\\\/blog\\\/la-isla-vedra-lugar-magico-ibiza\\\/\"},\"author\":{\"name\":\"The Ibiza Blog\",\"@id\":\"https:\\\/\\\/www.vibrahotels.com\\\/blog\\\/#\\\/schema\\\/person\\\/ad74f13df6e44e7081ef65424f668972\"},\"headline\":\"La isla de Es Vedr\u00e1, un lugar m\u00e1gico en Ibiza\",\"datePublished\":\"2017-03-24T16:51:10+00:00\",\"dateModified\":\"2020-03-11T11:17:01+00:00\",\"mainEntityOfPage\":{\"@id\":\"https:\\\/\\\/www.vibrahotels.com\\\/blog\\\/la-isla-vedra-lugar-magico-ibiza\\\/\"},\"wordCount\":454,\"commentCount\":0,\"image\":{\"@id\":\"https:\\\/\\\/www.vibrahotels.com\\\/blog\\\/la-isla-vedra-lugar-magico-ibiza\\\/#primaryimage\"},\"thumbnailUrl\":\"https:\\\/\\\/www.vibrahotels.com\\\/blog\\\/wp-content\\\/uploads\\\/2017\\\/03\\\/shutterstock_332475698.jpg\",\"articleSection\":[\"Travel\"],\"inLanguage\":\"es\",\"potentialAction\":[{\"@type\":\"CommentAction\",\"name\":\"Comment\",\"target\":[\"https:\\\/\\\/www.vibrahotels.com\\\/blog\\\/la-isla-vedra-lugar-magico-ibiza\\\/#respond\"]}]},{\"@type\":\"WebPage\",\"@id\":\"https:\\\/\\\/www.vibrahotels.com\\\/blog\\\/la-isla-vedra-lugar-magico-ibiza\\\/\",\"url\":\"https:\\\/\\\/www.vibrahotels.com\\\/blog\\\/la-isla-vedra-lugar-magico-ibiza\\\/\",\"name\":\"La isla de Es Vedr\u00e1, un lugar m\u00e1gico en Ibiza - Islander by Vibra Hotels\",\"isPartOf\":{\"@id\":\"https:\\\/\\\/www.vibrahotels.com\\\/blog\\\/#website\"},\"primaryImageOfPage\":{\"@id\":\"https:\\\/\\\/www.vibrahotels.com\\\/blog\\\/la-isla-vedra-lugar-magico-ibiza\\\/#primaryimage\"},\"image\":{\"@id\":\"https:\\\/\\\/www.vibrahotels.com\\\/blog\\\/la-isla-vedra-lugar-magico-ibiza\\\/#primaryimage\"},\"thumbnailUrl\":\"https:\\\/\\\/www.vibrahotels.com\\\/blog\\\/wp-content\\\/uploads\\\/2017\\\/03\\\/shutterstock_332475698.jpg\",\"datePublished\":\"2017-03-24T16:51:10+00:00\",\"dateModified\":\"2020-03-11T11:17:01+00:00\",\"author\":{\"@id\":\"https:\\\/\\\/www.vibrahotels.com\\\/blog\\\/#\\\/schema\\\/person\\\/ad74f13df6e44e7081ef65424f668972\"},\"breadcrumb\":{\"@id\":\"https:\\\/\\\/www.vibrahotels.com\\\/blog\\\/la-isla-vedra-lugar-magico-ibiza\\\/#breadcrumb\"},\"inLanguage\":\"es\",\"potentialAction\":[{\"@type\":\"ReadAction\",\"target\":[\"https:\\\/\\\/www.vibrahotels.com\\\/blog\\\/la-isla-vedra-lugar-magico-ibiza\\\/\"]}]},{\"@type\":\"ImageObject\",\"inLanguage\":\"es\",\"@id\":\"https:\\\/\\\/www.vibrahotels.com\\\/blog\\\/la-isla-vedra-lugar-magico-ibiza\\\/#primaryimage\",\"url\":\"https:\\\/\\\/www.vibrahotels.com\\\/blog\\\/wp-content\\\/uploads\\\/2017\\\/03\\\/shutterstock_332475698.jpg\",\"contentUrl\":\"https:\\\/\\\/www.vibrahotels.com\\\/blog\\\/wp-content\\\/uploads\\\/2017\\\/03\\\/shutterstock_332475698.jpg\",\"width\":4048,\"height\":2646,\"caption\":\"Es Vedr\u00e1, Ibiza\"},{\"@type\":\"BreadcrumbList\",\"@id\":\"https:\\\/\\\/www.vibrahotels.com\\\/blog\\\/la-isla-vedra-lugar-magico-ibiza\\\/#breadcrumb\",\"itemListElement\":[{\"@type\":\"ListItem\",\"position\":1,\"name\":\"Portada\",\"item\":\"https:\\\/\\\/www.vibrahotels.com\\\/blog\\\/\"},{\"@type\":\"ListItem\",\"position\":2,\"name\":\"La isla de Es Vedr\u00e1, un lugar m\u00e1gico en Ibiza\"}]},{\"@type\":\"WebSite\",\"@id\":\"https:\\\/\\\/www.vibrahotels.com\\\/blog\\\/#website\",\"url\":\"https:\\\/\\\/www.vibrahotels.com\\\/blog\\\/\",\"name\":\"Islander by Vibra Hotels\",\"description\":\"\",\"potentialAction\":[{\"@type\":\"SearchAction\",\"target\":{\"@type\":\"EntryPoint\",\"urlTemplate\":\"https:\\\/\\\/www.vibrahotels.com\\\/blog\\\/?s={search_term_string}\"},\"query-input\":{\"@type\":\"PropertyValueSpecification\",\"valueRequired\":true,\"valueName\":\"search_term_string\"}}],\"inLanguage\":\"es\"},{\"@type\":\"Person\",\"@id\":\"https:\\\/\\\/www.vibrahotels.com\\\/blog\\\/#\\\/schema\\\/person\\\/ad74f13df6e44e7081ef65424f668972\",\"name\":\"The Ibiza Blog\",\"image\":{\"@type\":\"ImageObject\",\"inLanguage\":\"es\",\"@id\":\"https:\\\/\\\/secure.gravatar.com\\\/avatar\\\/d172713df318fe4ba11547ee4a70ab1eae0206026db57d7a5920186b9f5ee855?s=96&d=mm&r=g\",\"url\":\"https:\\\/\\\/secure.gravatar.com\\\/avatar\\\/d172713df318fe4ba11547ee4a70ab1eae0206026db57d7a5920186b9f5ee855?s=96&d=mm&r=g\",\"contentUrl\":\"https:\\\/\\\/secure.gravatar.com\\\/avatar\\\/d172713df318fe4ba11547ee4a70ab1eae0206026db57d7a5920186b9f5ee855?s=96&d=mm&r=g\",\"caption\":\"The Ibiza Blog\"},\"url\":\"https:\\\/\\\/www.vibrahotels.com\\\/blog\\\/author\\\/the-ibiza-blog\\\/\"}]}<\/script>\n<!-- \/ Yoast SEO plugin. -->","yoast_head_json":{"title":"La isla de Es Vedr\u00e1, un lugar m\u00e1gico en Ibiza - Islander by Vibra Hotels","robots":{"index":"index","follow":"follow","max-snippet":"max-snippet:-1","max-image-preview":"max-image-preview:large","max-video-preview":"max-video-preview:-1"},"canonical":"https:\/\/www.vibrahotels.com\/blog\/la-isla-vedra-lugar-magico-ibiza\/","og_locale":"es_ES","og_type":"article","og_title":"La isla de Es Vedr\u00e1, un lugar m\u00e1gico en Ibiza - Islander by Vibra Hotels","og_description":"Es Vedr\u00e0\u00a0es un islote pr\u00f3ximo a Ibiza de enorme belleza natural, que esconde un sinf\u00edn de curiosidades y leyendas. Admirado por residentes y turistas, fue declarado reserva natural en 2002 y forma parte de Es Vedr\u00e1, Es Vedranell y els...","og_url":"https:\/\/www.vibrahotels.com\/blog\/la-isla-vedra-lugar-magico-ibiza\/","og_site_name":"Islander by Vibra Hotels","article_published_time":"2017-03-24T16:51:10+00:00","article_modified_time":"2020-03-11T11:17:01+00:00","og_image":[{"width":1024,"height":669,"url":"https:\/\/www.vibrahotels.com\/blog\/wp-content\/uploads\/2017\/03\/shutterstock_332475698-1024x669.jpg","type":"image\/jpeg"}],"author":"The Ibiza Blog","twitter_card":"summary_large_image","twitter_misc":{"Escrito por":"The Ibiza Blog","Tiempo de lectura":"2 minutos"},"schema":{"@context":"https:\/\/schema.org","@graph":[{"@type":"Article","@id":"https:\/\/www.vibrahotels.com\/blog\/la-isla-vedra-lugar-magico-ibiza\/#article","isPartOf":{"@id":"https:\/\/www.vibrahotels.com\/blog\/la-isla-vedra-lugar-magico-ibiza\/"},"author":{"name":"The Ibiza Blog","@id":"https:\/\/www.vibrahotels.com\/blog\/#\/schema\/person\/ad74f13df6e44e7081ef65424f668972"},"headline":"La isla de Es Vedr\u00e1, un lugar m\u00e1gico en Ibiza","datePublished":"2017-03-24T16:51:10+00:00","dateModified":"2020-03-11T11:17:01+00:00","mainEntityOfPage":{"@id":"https:\/\/www.vibrahotels.com\/blog\/la-isla-vedra-lugar-magico-ibiza\/"},"wordCount":454,"commentCount":0,"image":{"@id":"https:\/\/www.vibrahotels.com\/blog\/la-isla-vedra-lugar-magico-ibiza\/#primaryimage"},"thumbnailUrl":"https:\/\/www.vibrahotels.com\/blog\/wp-content\/uploads\/2017\/03\/shutterstock_332475698.jpg","articleSection":["Travel"],"inLanguage":"es","potentialAction":[{"@type":"CommentAction","name":"Comment","target":["https:\/\/www.vibrahotels.com\/blog\/la-isla-vedra-lugar-magico-ibiza\/#respond"]}]},{"@type":"WebPage","@id":"https:\/\/www.vibrahotels.com\/blog\/la-isla-vedra-lugar-magico-ibiza\/","url":"https:\/\/www.vibrahotels.com\/blog\/la-isla-vedra-lugar-magico-ibiza\/","name":"La isla de Es Vedr\u00e1, un lugar m\u00e1gico en Ibiza - Islander by Vibra Hotels","isPartOf":{"@id":"https:\/\/www.vibrahotels.com\/blog\/#website"},"primaryImageOfPage":{"@id":"https:\/\/www.vibrahotels.com\/blog\/la-isla-vedra-lugar-magico-ibiza\/#primaryimage"},"image":{"@id":"https:\/\/www.vibrahotels.com\/blog\/la-isla-vedra-lugar-magico-ibiza\/#primaryimage"},"thumbnailUrl":"https:\/\/www.vibrahotels.com\/blog\/wp-content\/uploads\/2017\/03\/shutterstock_332475698.jpg","datePublished":"2017-03-24T16:51:10+00:00","dateModified":"2020-03-11T11:17:01+00:00","author":{"@id":"https:\/\/www.vibrahotels.com\/blog\/#\/schema\/person\/ad74f13df6e44e7081ef65424f668972"},"breadcrumb":{"@id":"https:\/\/www.vibrahotels.com\/blog\/la-isla-vedra-lugar-magico-ibiza\/#breadcrumb"},"inLanguage":"es","potentialAction":[{"@type":"ReadAction","target":["https:\/\/www.vibrahotels.com\/blog\/la-isla-vedra-lugar-magico-ibiza\/"]}]},{"@type":"ImageObject","inLanguage":"es","@id":"https:\/\/www.vibrahotels.com\/blog\/la-isla-vedra-lugar-magico-ibiza\/#primaryimage","url":"https:\/\/www.vibrahotels.com\/blog\/wp-content\/uploads\/2017\/03\/shutterstock_332475698.jpg","contentUrl":"https:\/\/www.vibrahotels.com\/blog\/wp-content\/uploads\/2017\/03\/shutterstock_332475698.jpg","width":4048,"height":2646,"caption":"Es Vedr\u00e1, Ibiza"},{"@type":"BreadcrumbList","@id":"https:\/\/www.vibrahotels.com\/blog\/la-isla-vedra-lugar-magico-ibiza\/#breadcrumb","itemListElement":[{"@type":"ListItem","position":1,"name":"Portada","item":"https:\/\/www.vibrahotels.com\/blog\/"},{"@type":"ListItem","position":2,"name":"La isla de Es Vedr\u00e1, un lugar m\u00e1gico en Ibiza"}]},{"@type":"WebSite","@id":"https:\/\/www.vibrahotels.com\/blog\/#website","url":"https:\/\/www.vibrahotels.com\/blog\/","name":"Islander by Vibra Hotels","description":"","potentialAction":[{"@type":"SearchAction","target":{"@type":"EntryPoint","urlTemplate":"https:\/\/www.vibrahotels.com\/blog\/?s={search_term_string}"},"query-input":{"@type":"PropertyValueSpecification","valueRequired":true,"valueName":"search_term_string"}}],"inLanguage":"es"},{"@type":"Person","@id":"https:\/\/www.vibrahotels.com\/blog\/#\/schema\/person\/ad74f13df6e44e7081ef65424f668972","name":"The Ibiza Blog","image":{"@type":"ImageObject","inLanguage":"es","@id":"https:\/\/secure.gravatar.com\/avatar\/d172713df318fe4ba11547ee4a70ab1eae0206026db57d7a5920186b9f5ee855?s=96&d=mm&r=g","url":"https:\/\/secure.gravatar.com\/avatar\/d172713df318fe4ba11547ee4a70ab1eae0206026db57d7a5920186b9f5ee855?s=96&d=mm&r=g","contentUrl":"https:\/\/secure.gravatar.com\/avatar\/d172713df318fe4ba11547ee4a70ab1eae0206026db57d7a5920186b9f5ee855?s=96&d=mm&r=g","caption":"The Ibiza Blog"},"url":"https:\/\/www.vibrahotels.com\/blog\/author\/the-ibiza-blog\/"}]}},"_links":{"self":[{"href":"https:\/\/www.vibrahotels.com\/blog\/wp-json\/wp\/v2\/posts\/2147","targetHints":{"allow":["GET"]}}],"collection":[{"href":"https:\/\/www.vibrahotels.com\/blog\/wp-json\/wp\/v2\/posts"}],"about":[{"href":"https:\/\/www.vibrahotels.com\/blog\/wp-json\/wp\/v2\/types\/post"}],"author":[{"embeddable":true,"href":"https:\/\/www.vibrahotels.com\/blog\/wp-json\/wp\/v2\/users\/1"}],"replies":[{"embeddable":true,"href":"https:\/\/www.vibrahotels.com\/blog\/wp-json\/wp\/v2\/comments?post=2147"}],"version-history":[{"count":0,"href":"https:\/\/www.vibrahotels.com\/blog\/wp-json\/wp\/v2\/posts\/2147\/revisions"}],"wp:featuredmedia":[{"embeddable":true,"href":"https:\/\/www.vibrahotels.com\/blog\/wp-json\/wp\/v2\/media\/2148"}],"wp:attachment":[{"href":"https:\/\/www.vibrahotels.com\/blog\/wp-json\/wp\/v2\/media?parent=2147"}],"wp:term":[{"taxonomy":"category","embeddable":true,"href":"https:\/\/www.vibrahotels.com\/blog\/wp-json\/wp\/v2\/categories?post=2147"},{"taxonomy":"post_tag","embeddable":true,"href":"https:\/\/www.vibrahotels.com\/blog\/wp-json\/wp\/v2\/tags?post=2147"}],"curies":[{"name":"wp","href":"https:\/\/api.w.org\/{rel}","templated":true}]}}