{"id":10492,"date":"2026-05-01T10:30:35","date_gmt":"2026-05-01T08:30:35","guid":{"rendered":"https:\/\/www.vibrahotels.com\/blog\/?p=10492"},"modified":"2026-04-30T16:31:23","modified_gmt":"2026-04-30T14:31:23","slug":"playas-de-mallorca-para-familias","status":"publish","type":"post","link":"https:\/\/www.vibrahotels.com\/blog\/playas-de-mallorca-para-familias\/","title":{"rendered":"Playas de Mallorca para familias: las mejores opciones para disfrutar con ni\u00f1os"},"content":{"rendered":"<p>Si est\u00e1s planeando unas vacaciones Mallorca en familia, elegir bien la playa puede marcar la diferencia entre un buen viaje y uno inolvidable. La isla es famosa por sus aguas cristalinas, pero no todas son igual de adecuadas para ir con ni\u00f1os. Por eso, en esta gu\u00eda te mostramos las mejores playas de Mallorca pensadas para familias: seguras, accesibles y con todos los servicios necesarios.<\/p>\n<h2><strong>Las mejores playas de Mallorca para ir con ni\u00f1os<\/strong><\/h2>\n<h3>Playa de Alc\u00fadia: la favorita de las familias<\/h3>\n<p><img loading=\"lazy\" decoding=\"async\" src=\"https:\/\/www.vibrahotels.com\/blog\/wp-content\/uploads\/2026\/04\/playa_alcudia_Mallorca-scaled.jpg\" alt=\"Playa de Alcudia \" width=\"2560\" height=\"1705\" class=\"alignnone size-full wp-image-10496\" srcset=\"https:\/\/www.vibrahotels.com\/blog\/wp-content\/uploads\/2026\/04\/playa_alcudia_Mallorca-scaled.jpg 2560w, https:\/\/www.vibrahotels.com\/blog\/wp-content\/uploads\/2026\/04\/playa_alcudia_Mallorca-300x200.jpg 300w, https:\/\/www.vibrahotels.com\/blog\/wp-content\/uploads\/2026\/04\/playa_alcudia_Mallorca-1024x682.jpg 1024w, https:\/\/www.vibrahotels.com\/blog\/wp-content\/uploads\/2026\/04\/playa_alcudia_Mallorca-768x512.jpg 768w, https:\/\/www.vibrahotels.com\/blog\/wp-content\/uploads\/2026\/04\/playa_alcudia_Mallorca-1536x1023.jpg 1536w, https:\/\/www.vibrahotels.com\/blog\/wp-content\/uploads\/2026\/04\/playa_alcudia_Mallorca-2048x1364.jpg 2048w\" sizes=\"auto, (max-width: 2560px) 100vw, 2560px\" \/><br \/>\nLa <a href=\"https:\/\/nortedemallorca.com\/calas-cerca-alcudia\/\">playa de Alc\u00fadia<\/a> es una de las playas de Mallorca m\u00e1s recomendadas para familias. Su arena fina, aguas poco profundas y gran extensi\u00f3n la convierten en una opci\u00f3n perfecta.<br \/>\n&#8211;\tEs una de las playas tranquilas y m\u00e1s seguras<br \/>\n&#8211;\tCuenta con todos los servicios<br \/>\n&#8211;\tIdeal para largas jornadas en familia<br \/>\nEn muchas gu\u00edas Mallorca, esta playa aparece como imprescindible en cualquier visita a Mallorca con ni\u00f1os.<\/p>\n<h3>Playa de Muro: naturaleza y comodidad<\/h3>\n<p><img loading=\"lazy\" decoding=\"async\" src=\"https:\/\/www.vibrahotels.com\/blog\/wp-content\/uploads\/2026\/04\/Playa_Muro_Mallorca-scaled.jpg\" alt=\"Playa del Muro\" width=\"2560\" height=\"1707\" class=\"alignnone size-full wp-image-10499\" srcset=\"https:\/\/www.vibrahotels.com\/blog\/wp-content\/uploads\/2026\/04\/Playa_Muro_Mallorca-scaled.jpg 2560w, https:\/\/www.vibrahotels.com\/blog\/wp-content\/uploads\/2026\/04\/Playa_Muro_Mallorca-300x200.jpg 300w, https:\/\/www.vibrahotels.com\/blog\/wp-content\/uploads\/2026\/04\/Playa_Muro_Mallorca-1024x683.jpg 1024w, https:\/\/www.vibrahotels.com\/blog\/wp-content\/uploads\/2026\/04\/Playa_Muro_Mallorca-768x512.jpg 768w, https:\/\/www.vibrahotels.com\/blog\/wp-content\/uploads\/2026\/04\/Playa_Muro_Mallorca-1536x1024.jpg 1536w, https:\/\/www.vibrahotels.com\/blog\/wp-content\/uploads\/2026\/04\/Playa_Muro_Mallorca-2048x1365.jpg 2048w\" sizes=\"auto, (max-width: 2560px) 100vw, 2560px\" \/><br \/>\nOtra de las mejores playas de Mallorca es playa de Muro. Situada cerca de Alc\u00fadia, combina naturaleza con servicios tur\u00edsticos.<br \/>\nLo que la hace especial:<br \/>\n&#8211;\tAguas cristalinas y poco profundas<br \/>\n&#8211;\tZona muy limpia y cuidada<br \/>\n&#8211;\tPerfecta para unas vacaciones en Mallorca relajadas<\/p>\n<h3>Cala Millor: accesible y familiar<\/h3>\n<p><img loading=\"lazy\" decoding=\"async\" src=\"https:\/\/www.vibrahotels.com\/blog\/wp-content\/uploads\/2026\/04\/Cala_Millor_Mallorca-1-scaled.jpg\" alt=\"Cala Millor \" width=\"2560\" height=\"1925\" class=\"alignnone size-full wp-image-10502\" srcset=\"https:\/\/www.vibrahotels.com\/blog\/wp-content\/uploads\/2026\/04\/Cala_Millor_Mallorca-1-scaled.jpg 2560w, https:\/\/www.vibrahotels.com\/blog\/wp-content\/uploads\/2026\/04\/Cala_Millor_Mallorca-1-300x226.jpg 300w, https:\/\/www.vibrahotels.com\/blog\/wp-content\/uploads\/2026\/04\/Cala_Millor_Mallorca-1-1024x770.jpg 1024w, https:\/\/www.vibrahotels.com\/blog\/wp-content\/uploads\/2026\/04\/Cala_Millor_Mallorca-1-768x578.jpg 768w, https:\/\/www.vibrahotels.com\/blog\/wp-content\/uploads\/2026\/04\/Cala_Millor_Mallorca-1-1536x1155.jpg 1536w, https:\/\/www.vibrahotels.com\/blog\/wp-content\/uploads\/2026\/04\/Cala_Millor_Mallorca-1-2048x1540.jpg 2048w\" sizes=\"auto, (max-width: 2560px) 100vw, 2560px\" \/><br \/>\nCala Millor es otra de las playas de Mallorca m\u00e1s populares para familias. Su paseo mar\u00edtimo y accesibilidad la hacen muy c\u00f3moda.<br \/>\nVentajas para familias:<br \/>\n&#8211;\tF\u00e1cil acceso con carrito o silla<br \/>\n&#8211;\tAmplia oferta de restaurantes<br \/>\n&#8211;\tAmbiente familiar<br \/>\nEn cualquier visita a Mallorca, <a href=\"https:\/\/www.abc-mallorca.es\/cala-millor\/\">Cala Millor<\/a> destaca entre las playas de Mallorca mejor adaptadas.<\/p>\n<h2><strong><a href=\"https:\/\/www.abc-mallorca.es\/cala-mondrago\/\">Cala Mondrag\u00f3<\/a>: belleza natural protegida<\/strong><\/h2>\n<p><img loading=\"lazy\" decoding=\"async\" src=\"https:\/\/www.vibrahotels.com\/blog\/wp-content\/uploads\/2026\/04\/madre_hijo_playa_Mallorca-scaled.jpg\" alt=\"Cala Mondrag\u00f3\" width=\"2560\" height=\"1707\" class=\"alignnone size-full wp-image-10505\" srcset=\"https:\/\/www.vibrahotels.com\/blog\/wp-content\/uploads\/2026\/04\/madre_hijo_playa_Mallorca-scaled.jpg 2560w, https:\/\/www.vibrahotels.com\/blog\/wp-content\/uploads\/2026\/04\/madre_hijo_playa_Mallorca-300x200.jpg 300w, https:\/\/www.vibrahotels.com\/blog\/wp-content\/uploads\/2026\/04\/madre_hijo_playa_Mallorca-1024x683.jpg 1024w, https:\/\/www.vibrahotels.com\/blog\/wp-content\/uploads\/2026\/04\/madre_hijo_playa_Mallorca-768x512.jpg 768w, https:\/\/www.vibrahotels.com\/blog\/wp-content\/uploads\/2026\/04\/madre_hijo_playa_Mallorca-1536x1024.jpg 1536w, https:\/\/www.vibrahotels.com\/blog\/wp-content\/uploads\/2026\/04\/madre_hijo_playa_Mallorca-2048x1365.jpg 2048w\" sizes=\"auto, (max-width: 2560px) 100vw, 2560px\" \/><br \/>\nSi prefieres un entorno m\u00e1s natural, Cala Mondrag\u00f3 es una de las playas de Mallorca que no te puedes perder.<br \/>\nIdeal para:<br \/>\n&#8211;\tFamilias que buscan playas tranquilas<br \/>\n&#8211;\tDisfrutar de un parque natural<br \/>\n&#8211;\tCombinar naturaleza y mar<br \/>\nAparece en muchas<a href=\"https:\/\/www.vibrahotels.com\/blog\/las-5-mejores-playas-y-calas-en-mallorca\/\"> gu\u00edas de Mallorca<\/a> como una de las mejores playas de Mallorca para desconectar.<\/p>\n<h3>Cala Santany\u00ed: peque\u00f1a y acogedora<\/h3>\n<p><img loading=\"lazy\" decoding=\"async\" src=\"https:\/\/www.vibrahotels.com\/blog\/wp-content\/uploads\/2026\/04\/vista_playa_santanyi_Mallorca-scaled.jpg\" alt=\"Cala Santany\u00ed\" width=\"2560\" height=\"1707\" class=\"alignnone size-full wp-image-10508\" srcset=\"https:\/\/www.vibrahotels.com\/blog\/wp-content\/uploads\/2026\/04\/vista_playa_santanyi_Mallorca-scaled.jpg 2560w, https:\/\/www.vibrahotels.com\/blog\/wp-content\/uploads\/2026\/04\/vista_playa_santanyi_Mallorca-300x200.jpg 300w, https:\/\/www.vibrahotels.com\/blog\/wp-content\/uploads\/2026\/04\/vista_playa_santanyi_Mallorca-1024x683.jpg 1024w, https:\/\/www.vibrahotels.com\/blog\/wp-content\/uploads\/2026\/04\/vista_playa_santanyi_Mallorca-768x512.jpg 768w, https:\/\/www.vibrahotels.com\/blog\/wp-content\/uploads\/2026\/04\/vista_playa_santanyi_Mallorca-1536x1024.jpg 1536w, https:\/\/www.vibrahotels.com\/blog\/wp-content\/uploads\/2026\/04\/vista_playa_santanyi_Mallorca-2048x1365.jpg 2048w\" sizes=\"auto, (max-width: 2560px) 100vw, 2560px\" \/><br \/>\nCala Santany\u00ed es una de esas playas de Mallorca m\u00e1s recogidas, ideal para familias con ni\u00f1os peque\u00f1os.<br \/>\nCaracter\u00edsticas clave:<br \/>\n&#8211;\tTama\u00f1o reducido<br \/>\n&#8211;\tAguas calmadas<br \/>\n&#8211;\tBuen acceso y servicios<br \/>\nPerfecta para unas vacaciones en Mallorca donde prima la tranquilidad y la comodidad.<\/p>\n<h2><strong>Consejos para disfrutar de las playas de Mallorca en familia<\/strong><\/h2>\n<p><img loading=\"lazy\" decoding=\"async\" src=\"https:\/\/www.vibrahotels.com\/blog\/wp-content\/uploads\/2026\/04\/padre_hijo_playa_Mallorca-scaled.jpg\" alt=\"Playa de Muro \" width=\"2560\" height=\"1701\" class=\"alignnone size-full wp-image-10511\" srcset=\"https:\/\/www.vibrahotels.com\/blog\/wp-content\/uploads\/2026\/04\/padre_hijo_playa_Mallorca-scaled.jpg 2560w, https:\/\/www.vibrahotels.com\/blog\/wp-content\/uploads\/2026\/04\/padre_hijo_playa_Mallorca-300x199.jpg 300w, https:\/\/www.vibrahotels.com\/blog\/wp-content\/uploads\/2026\/04\/padre_hijo_playa_Mallorca-1024x681.jpg 1024w, https:\/\/www.vibrahotels.com\/blog\/wp-content\/uploads\/2026\/04\/padre_hijo_playa_Mallorca-768x510.jpg 768w, https:\/\/www.vibrahotels.com\/blog\/wp-content\/uploads\/2026\/04\/padre_hijo_playa_Mallorca-1536x1021.jpg 1536w, https:\/\/www.vibrahotels.com\/blog\/wp-content\/uploads\/2026\/04\/padre_hijo_playa_Mallorca-2048x1361.jpg 2048w\" sizes=\"auto, (max-width: 2560px) 100vw, 2560px\" \/><br \/>\nAl visitar las playas de Mallorca, es importante:<br \/>\n&#8211;\tElegir zonas con socorrista<br \/>\n&#8211;\tLlevar protecci\u00f3n solar<br \/>\n&#8211;\tPriorizar playas tranquilas<br \/>\nAccesibilidad:<br \/>\nMuchas playas de Mallorca cuentan con parking cercano, pero en temporada alta conviene madrugar.<br \/>\nServicios:<br \/>\nLas mejores playas de Mallorca para familias suelen tener restaurantes, ba\u00f1os y alquiler de hamacas, lo que facilita mucho la experiencia.<br \/>\nTambi\u00e9n disponemos de una gu\u00eda sobre qu\u00e9 ver en Mallorca en 2 d\u00edas donde te recomendamos m\u00e1s calas y playas paradisiacas <\/p>\n<h2><strong>Alojamiento en Mallorca para la familia<\/strong><\/h2>\n<p><img loading=\"lazy\" decoding=\"async\" src=\"https:\/\/www.vibrahotels.com\/blog\/wp-content\/uploads\/2026\/04\/Hotel_Vibra_Beverly_Mallorca-scaled.jpg\" alt=\"Hotel Vibra Beverly \" width=\"2560\" height=\"1709\" class=\"alignnone size-full wp-image-10514\" srcset=\"https:\/\/www.vibrahotels.com\/blog\/wp-content\/uploads\/2026\/04\/Hotel_Vibra_Beverly_Mallorca-scaled.jpg 2560w, https:\/\/www.vibrahotels.com\/blog\/wp-content\/uploads\/2026\/04\/Hotel_Vibra_Beverly_Mallorca-300x200.jpg 300w, https:\/\/www.vibrahotels.com\/blog\/wp-content\/uploads\/2026\/04\/Hotel_Vibra_Beverly_Mallorca-1024x684.jpg 1024w, https:\/\/www.vibrahotels.com\/blog\/wp-content\/uploads\/2026\/04\/Hotel_Vibra_Beverly_Mallorca-768x513.jpg 768w, https:\/\/www.vibrahotels.com\/blog\/wp-content\/uploads\/2026\/04\/Hotel_Vibra_Beverly_Mallorca-1536x1025.jpg 1536w, https:\/\/www.vibrahotels.com\/blog\/wp-content\/uploads\/2026\/04\/Hotel_Vibra_Beverly_Mallorca-2048x1367.jpg 2048w\" sizes=\"auto, (max-width: 2560px) 100vw, 2560px\" \/><br \/>\nSi quieres comodidad total, una opci\u00f3n ideal es alojarte en el <a href=\"https:\/\/www.vibrahotels.com\/es\/mallorca\/paguera-calvia\/hotel-vibra-beverly-playa\">Hotel Vibra Beverly Playa<\/a>. Situado en primera l\u00ednea de mar, junto a la Playa de Tor\u00e1, una de las Playas de Mallorca m\u00e1s adecuadas para familias por sus aguas tranquilas y poco profundas, es perfecto para viajar con ni\u00f1os. Adem\u00e1s, el hotel ofrece el servicio todo incluido, animaci\u00f3n para todas las edades, mini club y amplias instalaciones con piscinas y zonas de ocio. Aqu\u00ed podr\u00e1s combinar lo mejor de las playas tranquilas con la comodidad de un alojamiento dise\u00f1ado para toda la familia. <\/p>\n","protected":false},"excerpt":{"rendered":"<p>Descubre las mejores playas en Mallorca para disfrutar en familia. <\/p>\n","protected":false},"author":1,"featured_media":10493,"comment_status":"closed","ping_status":"open","sticky":false,"template":"","format":"standard","meta":{"footnotes":""},"categories":[1512,1297],"tags":[],"class_list":["post-10492","post","type-post","status-publish","format-standard","has-post-thumbnail","hentry","category-planes-en-mallorca","category-travel"],"yoast_head":"<!-- This site is optimized with the Yoast SEO plugin v27.4 - https:\/\/yoast.com\/product\/yoast-seo-wordpress\/ -->\n<title>Playas de Mallorca para familias: las mejores opciones para disfrutar con ni\u00f1os - Islander by Vibra Hotels<\/title>\n<meta name=\"robots\" content=\"index, follow, max-snippet:-1, max-image-preview:large, max-video-preview:-1\" \/>\n<link rel=\"canonical\" href=\"https:\/\/www.vibrahotels.com\/blog\/playas-de-mallorca-para-familias\/\" \/>\n<meta property=\"og:locale\" content=\"es_ES\" \/>\n<meta property=\"og:type\" content=\"article\" \/>\n<meta property=\"og:title\" content=\"Playas de Mallorca para familias: las mejores opciones para disfrutar con ni\u00f1os - Islander by Vibra Hotels\" \/>\n<meta property=\"og:description\" content=\"Descubre las mejores playas en Mallorca para disfrutar en familia.\" \/>\n<meta property=\"og:url\" content=\"https:\/\/www.vibrahotels.com\/blog\/playas-de-mallorca-para-familias\/\" \/>\n<meta property=\"og:site_name\" content=\"Islander by Vibra Hotels\" \/>\n<meta property=\"article:published_time\" content=\"2026-05-01T08:30:35+00:00\" \/>\n<meta property=\"og:image\" content=\"https:\/\/www.vibrahotels.com\/blog\/wp-content\/uploads\/2026\/04\/madre_y_nina_playa-scaled.jpg\" \/>\n\t<meta property=\"og:image:width\" content=\"2560\" \/>\n\t<meta property=\"og:image:height\" content=\"1707\" \/>\n\t<meta property=\"og:image:type\" content=\"image\/jpeg\" \/>\n<meta name=\"author\" content=\"The Ibiza Blog\" \/>\n<meta name=\"twitter:card\" content=\"summary_large_image\" \/>\n<meta name=\"twitter:label1\" content=\"Escrito por\" \/>\n\t<meta name=\"twitter:data1\" content=\"The Ibiza Blog\" \/>\n\t<meta name=\"twitter:label2\" content=\"Tiempo de lectura\" \/>\n\t<meta name=\"twitter:data2\" content=\"3 minutos\" \/>\n<script type=\"application\/ld+json\" class=\"yoast-schema-graph\">{\"@context\":\"https:\\\/\\\/schema.org\",\"@graph\":[{\"@type\":\"Article\",\"@id\":\"https:\\\/\\\/www.vibrahotels.com\\\/blog\\\/playas-de-mallorca-para-familias\\\/#article\",\"isPartOf\":{\"@id\":\"https:\\\/\\\/www.vibrahotels.com\\\/blog\\\/playas-de-mallorca-para-familias\\\/\"},\"author\":{\"name\":\"The Ibiza Blog\",\"@id\":\"https:\\\/\\\/www.vibrahotels.com\\\/blog\\\/#\\\/schema\\\/person\\\/ad74f13df6e44e7081ef65424f668972\"},\"headline\":\"Playas de Mallorca para familias: las mejores opciones para disfrutar con ni\u00f1os\",\"datePublished\":\"2026-05-01T08:30:35+00:00\",\"mainEntityOfPage\":{\"@id\":\"https:\\\/\\\/www.vibrahotels.com\\\/blog\\\/playas-de-mallorca-para-familias\\\/\"},\"wordCount\":611,\"image\":{\"@id\":\"https:\\\/\\\/www.vibrahotels.com\\\/blog\\\/playas-de-mallorca-para-familias\\\/#primaryimage\"},\"thumbnailUrl\":\"https:\\\/\\\/www.vibrahotels.com\\\/blog\\\/wp-content\\\/uploads\\\/2026\\\/04\\\/madre_y_nina_playa-scaled.jpg\",\"articleSection\":[\"Planes en Mallorca\",\"Travel\"],\"inLanguage\":\"es\"},{\"@type\":\"WebPage\",\"@id\":\"https:\\\/\\\/www.vibrahotels.com\\\/blog\\\/playas-de-mallorca-para-familias\\\/\",\"url\":\"https:\\\/\\\/www.vibrahotels.com\\\/blog\\\/playas-de-mallorca-para-familias\\\/\",\"name\":\"Playas de Mallorca para familias: las mejores opciones para disfrutar con ni\u00f1os - Islander by Vibra Hotels\",\"isPartOf\":{\"@id\":\"https:\\\/\\\/www.vibrahotels.com\\\/blog\\\/#website\"},\"primaryImageOfPage\":{\"@id\":\"https:\\\/\\\/www.vibrahotels.com\\\/blog\\\/playas-de-mallorca-para-familias\\\/#primaryimage\"},\"image\":{\"@id\":\"https:\\\/\\\/www.vibrahotels.com\\\/blog\\\/playas-de-mallorca-para-familias\\\/#primaryimage\"},\"thumbnailUrl\":\"https:\\\/\\\/www.vibrahotels.com\\\/blog\\\/wp-content\\\/uploads\\\/2026\\\/04\\\/madre_y_nina_playa-scaled.jpg\",\"datePublished\":\"2026-05-01T08:30:35+00:00\",\"author\":{\"@id\":\"https:\\\/\\\/www.vibrahotels.com\\\/blog\\\/#\\\/schema\\\/person\\\/ad74f13df6e44e7081ef65424f668972\"},\"breadcrumb\":{\"@id\":\"https:\\\/\\\/www.vibrahotels.com\\\/blog\\\/playas-de-mallorca-para-familias\\\/#breadcrumb\"},\"inLanguage\":\"es\",\"potentialAction\":[{\"@type\":\"ReadAction\",\"target\":[\"https:\\\/\\\/www.vibrahotels.com\\\/blog\\\/playas-de-mallorca-para-familias\\\/\"]}]},{\"@type\":\"ImageObject\",\"inLanguage\":\"es\",\"@id\":\"https:\\\/\\\/www.vibrahotels.com\\\/blog\\\/playas-de-mallorca-para-familias\\\/#primaryimage\",\"url\":\"https:\\\/\\\/www.vibrahotels.com\\\/blog\\\/wp-content\\\/uploads\\\/2026\\\/04\\\/madre_y_nina_playa-scaled.jpg\",\"contentUrl\":\"https:\\\/\\\/www.vibrahotels.com\\\/blog\\\/wp-content\\\/uploads\\\/2026\\\/04\\\/madre_y_nina_playa-scaled.jpg\",\"width\":2560,\"height\":1707,\"caption\":\"Madre e hija Mallorca\"},{\"@type\":\"BreadcrumbList\",\"@id\":\"https:\\\/\\\/www.vibrahotels.com\\\/blog\\\/playas-de-mallorca-para-familias\\\/#breadcrumb\",\"itemListElement\":[{\"@type\":\"ListItem\",\"position\":1,\"name\":\"Portada\",\"item\":\"https:\\\/\\\/www.vibrahotels.com\\\/blog\\\/\"},{\"@type\":\"ListItem\",\"position\":2,\"name\":\"Playas de Mallorca para familias: las mejores opciones para disfrutar con ni\u00f1os\"}]},{\"@type\":\"WebSite\",\"@id\":\"https:\\\/\\\/www.vibrahotels.com\\\/blog\\\/#website\",\"url\":\"https:\\\/\\\/www.vibrahotels.com\\\/blog\\\/\",\"name\":\"Islander by Vibra Hotels\",\"description\":\"\",\"potentialAction\":[{\"@type\":\"SearchAction\",\"target\":{\"@type\":\"EntryPoint\",\"urlTemplate\":\"https:\\\/\\\/www.vibrahotels.com\\\/blog\\\/?s={search_term_string}\"},\"query-input\":{\"@type\":\"PropertyValueSpecification\",\"valueRequired\":true,\"valueName\":\"search_term_string\"}}],\"inLanguage\":\"es\"},{\"@type\":\"Person\",\"@id\":\"https:\\\/\\\/www.vibrahotels.com\\\/blog\\\/#\\\/schema\\\/person\\\/ad74f13df6e44e7081ef65424f668972\",\"name\":\"The Ibiza Blog\",\"image\":{\"@type\":\"ImageObject\",\"inLanguage\":\"es\",\"@id\":\"https:\\\/\\\/secure.gravatar.com\\\/avatar\\\/d172713df318fe4ba11547ee4a70ab1eae0206026db57d7a5920186b9f5ee855?s=96&d=mm&r=g\",\"url\":\"https:\\\/\\\/secure.gravatar.com\\\/avatar\\\/d172713df318fe4ba11547ee4a70ab1eae0206026db57d7a5920186b9f5ee855?s=96&d=mm&r=g\",\"contentUrl\":\"https:\\\/\\\/secure.gravatar.com\\\/avatar\\\/d172713df318fe4ba11547ee4a70ab1eae0206026db57d7a5920186b9f5ee855?s=96&d=mm&r=g\",\"caption\":\"The Ibiza Blog\"},\"url\":\"https:\\\/\\\/www.vibrahotels.com\\\/blog\\\/author\\\/the-ibiza-blog\\\/\"}]}<\/script>\n<!-- \/ Yoast SEO plugin. -->","yoast_head_json":{"title":"Playas de Mallorca para familias: las mejores opciones para disfrutar con ni\u00f1os - Islander by Vibra Hotels","robots":{"index":"index","follow":"follow","max-snippet":"max-snippet:-1","max-image-preview":"max-image-preview:large","max-video-preview":"max-video-preview:-1"},"canonical":"https:\/\/www.vibrahotels.com\/blog\/playas-de-mallorca-para-familias\/","og_locale":"es_ES","og_type":"article","og_title":"Playas de Mallorca para familias: las mejores opciones para disfrutar con ni\u00f1os - Islander by Vibra Hotels","og_description":"Descubre las mejores playas en Mallorca para disfrutar en familia.","og_url":"https:\/\/www.vibrahotels.com\/blog\/playas-de-mallorca-para-familias\/","og_site_name":"Islander by Vibra Hotels","article_published_time":"2026-05-01T08:30:35+00:00","og_image":[{"width":2560,"height":1707,"url":"https:\/\/www.vibrahotels.com\/blog\/wp-content\/uploads\/2026\/04\/madre_y_nina_playa-scaled.jpg","type":"image\/jpeg"}],"author":"The Ibiza Blog","twitter_card":"summary_large_image","twitter_misc":{"Escrito por":"The Ibiza Blog","Tiempo de lectura":"3 minutos"},"schema":{"@context":"https:\/\/schema.org","@graph":[{"@type":"Article","@id":"https:\/\/www.vibrahotels.com\/blog\/playas-de-mallorca-para-familias\/#article","isPartOf":{"@id":"https:\/\/www.vibrahotels.com\/blog\/playas-de-mallorca-para-familias\/"},"author":{"name":"The Ibiza Blog","@id":"https:\/\/www.vibrahotels.com\/blog\/#\/schema\/person\/ad74f13df6e44e7081ef65424f668972"},"headline":"Playas de Mallorca para familias: las mejores opciones para disfrutar con ni\u00f1os","datePublished":"2026-05-01T08:30:35+00:00","mainEntityOfPage":{"@id":"https:\/\/www.vibrahotels.com\/blog\/playas-de-mallorca-para-familias\/"},"wordCount":611,"image":{"@id":"https:\/\/www.vibrahotels.com\/blog\/playas-de-mallorca-para-familias\/#primaryimage"},"thumbnailUrl":"https:\/\/www.vibrahotels.com\/blog\/wp-content\/uploads\/2026\/04\/madre_y_nina_playa-scaled.jpg","articleSection":["Planes en Mallorca","Travel"],"inLanguage":"es"},{"@type":"WebPage","@id":"https:\/\/www.vibrahotels.com\/blog\/playas-de-mallorca-para-familias\/","url":"https:\/\/www.vibrahotels.com\/blog\/playas-de-mallorca-para-familias\/","name":"Playas de Mallorca para familias: las mejores opciones para disfrutar con ni\u00f1os - Islander by Vibra Hotels","isPartOf":{"@id":"https:\/\/www.vibrahotels.com\/blog\/#website"},"primaryImageOfPage":{"@id":"https:\/\/www.vibrahotels.com\/blog\/playas-de-mallorca-para-familias\/#primaryimage"},"image":{"@id":"https:\/\/www.vibrahotels.com\/blog\/playas-de-mallorca-para-familias\/#primaryimage"},"thumbnailUrl":"https:\/\/www.vibrahotels.com\/blog\/wp-content\/uploads\/2026\/04\/madre_y_nina_playa-scaled.jpg","datePublished":"2026-05-01T08:30:35+00:00","author":{"@id":"https:\/\/www.vibrahotels.com\/blog\/#\/schema\/person\/ad74f13df6e44e7081ef65424f668972"},"breadcrumb":{"@id":"https:\/\/www.vibrahotels.com\/blog\/playas-de-mallorca-para-familias\/#breadcrumb"},"inLanguage":"es","potentialAction":[{"@type":"ReadAction","target":["https:\/\/www.vibrahotels.com\/blog\/playas-de-mallorca-para-familias\/"]}]},{"@type":"ImageObject","inLanguage":"es","@id":"https:\/\/www.vibrahotels.com\/blog\/playas-de-mallorca-para-familias\/#primaryimage","url":"https:\/\/www.vibrahotels.com\/blog\/wp-content\/uploads\/2026\/04\/madre_y_nina_playa-scaled.jpg","contentUrl":"https:\/\/www.vibrahotels.com\/blog\/wp-content\/uploads\/2026\/04\/madre_y_nina_playa-scaled.jpg","width":2560,"height":1707,"caption":"Madre e hija Mallorca"},{"@type":"BreadcrumbList","@id":"https:\/\/www.vibrahotels.com\/blog\/playas-de-mallorca-para-familias\/#breadcrumb","itemListElement":[{"@type":"ListItem","position":1,"name":"Portada","item":"https:\/\/www.vibrahotels.com\/blog\/"},{"@type":"ListItem","position":2,"name":"Playas de Mallorca para familias: las mejores opciones para disfrutar con ni\u00f1os"}]},{"@type":"WebSite","@id":"https:\/\/www.vibrahotels.com\/blog\/#website","url":"https:\/\/www.vibrahotels.com\/blog\/","name":"Islander by Vibra Hotels","description":"","potentialAction":[{"@type":"SearchAction","target":{"@type":"EntryPoint","urlTemplate":"https:\/\/www.vibrahotels.com\/blog\/?s={search_term_string}"},"query-input":{"@type":"PropertyValueSpecification","valueRequired":true,"valueName":"search_term_string"}}],"inLanguage":"es"},{"@type":"Person","@id":"https:\/\/www.vibrahotels.com\/blog\/#\/schema\/person\/ad74f13df6e44e7081ef65424f668972","name":"The Ibiza Blog","image":{"@type":"ImageObject","inLanguage":"es","@id":"https:\/\/secure.gravatar.com\/avatar\/d172713df318fe4ba11547ee4a70ab1eae0206026db57d7a5920186b9f5ee855?s=96&d=mm&r=g","url":"https:\/\/secure.gravatar.com\/avatar\/d172713df318fe4ba11547ee4a70ab1eae0206026db57d7a5920186b9f5ee855?s=96&d=mm&r=g","contentUrl":"https:\/\/secure.gravatar.com\/avatar\/d172713df318fe4ba11547ee4a70ab1eae0206026db57d7a5920186b9f5ee855?s=96&d=mm&r=g","caption":"The Ibiza Blog"},"url":"https:\/\/www.vibrahotels.com\/blog\/author\/the-ibiza-blog\/"}]}},"_links":{"self":[{"href":"https:\/\/www.vibrahotels.com\/blog\/wp-json\/wp\/v2\/posts\/10492","targetHints":{"allow":["GET"]}}],"collection":[{"href":"https:\/\/www.vibrahotels.com\/blog\/wp-json\/wp\/v2\/posts"}],"about":[{"href":"https:\/\/www.vibrahotels.com\/blog\/wp-json\/wp\/v2\/types\/post"}],"author":[{"embeddable":true,"href":"https:\/\/www.vibrahotels.com\/blog\/wp-json\/wp\/v2\/users\/1"}],"replies":[{"embeddable":true,"href":"https:\/\/www.vibrahotels.com\/blog\/wp-json\/wp\/v2\/comments?post=10492"}],"version-history":[{"count":1,"href":"https:\/\/www.vibrahotels.com\/blog\/wp-json\/wp\/v2\/posts\/10492\/revisions"}],"predecessor-version":[{"id":10522,"href":"https:\/\/www.vibrahotels.com\/blog\/wp-json\/wp\/v2\/posts\/10492\/revisions\/10522"}],"wp:featuredmedia":[{"embeddable":true,"href":"https:\/\/www.vibrahotels.com\/blog\/wp-json\/wp\/v2\/media\/10493"}],"wp:attachment":[{"href":"https:\/\/www.vibrahotels.com\/blog\/wp-json\/wp\/v2\/media?parent=10492"}],"wp:term":[{"taxonomy":"category","embeddable":true,"href":"https:\/\/www.vibrahotels.com\/blog\/wp-json\/wp\/v2\/categories?post=10492"},{"taxonomy":"post_tag","embeddable":true,"href":"https:\/\/www.vibrahotels.com\/blog\/wp-json\/wp\/v2\/tags?post=10492"}],"curies":[{"name":"wp","href":"https:\/\/api.w.org\/{rel}","templated":true}]}}