{"id":10022,"date":"2025-10-08T10:00:45","date_gmt":"2025-10-08T08:00:45","guid":{"rendered":"https:\/\/www.vibrahotels.com\/blog\/?p=10022"},"modified":"2025-10-21T08:48:45","modified_gmt":"2025-10-21T06:48:45","slug":"closing-pacha-ibiza-2025-fechas","status":"publish","type":"post","link":"https:\/\/www.vibrahotels.com\/blog\/closing-pacha-ibiza-2025-fechas\/","title":{"rendered":"Closing Pacha Ibiza 2025: El gran final de temporada ya tiene fecha&#8230; \u00a1y un cartelazo!"},"content":{"rendered":"<p>El verano en Ibiza no se despide sin uno de los eventos m\u00e1s esperados del a\u00f1o: <strong>el Grand Closing Weekend de Pacha Ibiza 2025.<\/strong> Este ic\u00f3nico club pone el broche de oro a la temporada con un fin de semana que promete m\u00fasica de primer nivel, ambiente inigualable y dos noches para el recuerdo.<\/p>\n<p><img loading=\"lazy\" decoding=\"async\" src=\"https:\/\/www.vibrahotels.com\/blog\/wp-content\/uploads\/2025\/10\/WEBREADY54.jpg-e1759403574304.webp\" alt=\"closing pacha ibiza 2025\" width=\"1360\" height=\"962\" class=\"alignnone size-full wp-image-10029\" srcset=\"https:\/\/www.vibrahotels.com\/blog\/wp-content\/uploads\/2025\/10\/WEBREADY54.jpg-e1759403574304.webp 1360w, https:\/\/www.vibrahotels.com\/blog\/wp-content\/uploads\/2025\/10\/WEBREADY54.jpg-e1759403574304-300x212.webp 300w, https:\/\/www.vibrahotels.com\/blog\/wp-content\/uploads\/2025\/10\/WEBREADY54.jpg-e1759403574304-1024x724.webp 1024w, https:\/\/www.vibrahotels.com\/blog\/wp-content\/uploads\/2025\/10\/WEBREADY54.jpg-e1759403574304-768x543.webp 768w\" sizes=\"auto, (max-width: 1360px) 100vw, 1360px\" \/><\/p>\n<h2>\u00bfCu\u00e1ndo es el closing de Pacha Ibiza 2025?<\/h2>\n<p>Reserva estas fechas:<br \/>\n<strong>S\u00e1bado 11 y domingo 12 de octubre de 2025.<\/strong><br \/>\nUna doble cita que cierra el verano ibicenco con dos propuestas sonoras muy distintas, pero igual de irresistibles.<\/p>\n<h2>Line-up Grand Closing Weekend Pacha Ibiza 2025<\/h2>\n<p><strong>S\u00e1bado 11 de octubre: R\u00dcF\u00dcS DU SOL (DJ Set)<\/strong><\/p>\n<p>La noche del s\u00e1bado arranca con un set exclusivo de <strong>R\u00dcF\u00dcS DU SOL<\/strong>, uno de los grupos m\u00e1s influyentes de la escena electr\u00f3nica actual. No ser\u00e1 un concierto como los habituales de la banda australiana, sino un DJ set \u00edntimo, cargado de emociones, atm\u00f3sferas envolventes y ritmos hipn\u00f3ticos.<br \/>\nPerfecto para quienes buscan comenzar el fin de semana de cierre con una experiencia sonora que toca el alma.<\/p>\n<p><strong>Domingo 12 de octubre: Roger Sanchez &#038; Paco Osuna<\/strong><\/p>\n<p>El domingo llega el gran colof\u00f3n con dos gigantes de la electr\u00f3nica:<\/p>\n<p><strong>Roger Sanchez<\/strong>, leyenda del house elegante, mel\u00f3dico y lleno de cl\u00e1sicos atemporales.<br \/>\n<strong>Paco Osuna<\/strong>, maestro del techno preciso, contundente y sin concesiones.<\/p>\n<p>Dos estilos muy diferentes que, juntos, prometen una noche explosiva en la pista de Pacha. Una combinaci\u00f3n que define lo mejor del esp\u00edritu ibicenco: diversidad musical, talento y energ\u00eda sin fin.<\/p>\n<h2>Vive el \u00faltimo gran fiest\u00f3n del verano ibicenco<\/h2>\n<p>Pacha no solo es una discoteca. Es una instituci\u00f3n en la noche de Ibiza, con m\u00e1s de 50 a\u00f1os marcando tendencia. Su<strong> Grand Closing Weekend<\/strong> no es una fiesta m\u00e1s: es una celebraci\u00f3n de todo lo vivido durante la temporada.<br \/>\nCon una producci\u00f3n espectacular, un ambiente cosmopolita y una vibra \u00fanica, este es el evento que todo amante de la m\u00fasica electr\u00f3nica deber\u00eda vivir al menos una vez.<\/p>\n<h2>\u00bfD\u00f3nde comprar entradas para el Closing de Pacha?<\/h2>\n<p>Las entradas para el <strong>Closing Pacha Ibiza 2025<\/strong> ya est\u00e1n a la venta en su <a href=\"https:\/\/pacha.com\/es?utm_source=google&#038;utm_medium=ppc&#038;utm_campaign=22146430945&#038;utm_term=pacha%20ibiza&#038;utm_content=729658489425&#038;ad_id=729658489425&#038;um_campaign_id=22146430945&#038;um_cl=EAIaIQobChMI1ampirKFkAMViHF_AB1gihdnEAAYASAAEgKwTfD_BwE&#038;gad_source=1&#038;gad_campaignid=22146430945&#038;gclid=EAIaIQobChMI1ampirKFkAMViHF_AB1gihdnEAAYASAAEgKwTfD_BwE\">web oficial<\/a> y en los principales portales de ticketing de Ibiza.<br \/>\nConsejo: compra con antelaci\u00f3n. Estos eventos suelen agotar entradas d\u00edas antes.<\/p>\n<p><img loading=\"lazy\" decoding=\"async\" src=\"https:\/\/www.vibrahotels.com\/blog\/wp-content\/uploads\/2025\/10\/CamelPhat.jpg-scaled.webp\" alt=\"closing pacha ibiza 2025\" width=\"2560\" height=\"1707\" class=\"alignnone size-full wp-image-10026\" srcset=\"https:\/\/www.vibrahotels.com\/blog\/wp-content\/uploads\/2025\/10\/CamelPhat.jpg-scaled.webp 2560w, https:\/\/www.vibrahotels.com\/blog\/wp-content\/uploads\/2025\/10\/CamelPhat.jpg-300x200.webp 300w, https:\/\/www.vibrahotels.com\/blog\/wp-content\/uploads\/2025\/10\/CamelPhat.jpg-1024x683.webp 1024w, https:\/\/www.vibrahotels.com\/blog\/wp-content\/uploads\/2025\/10\/CamelPhat.jpg-768x512.webp 768w, https:\/\/www.vibrahotels.com\/blog\/wp-content\/uploads\/2025\/10\/CamelPhat.jpg-1536x1024.webp 1536w, https:\/\/www.vibrahotels.com\/blog\/wp-content\/uploads\/2025\/10\/CamelPhat.jpg-2048x1366.webp 2048w\" sizes=\"auto, (max-width: 2560px) 100vw, 2560px\" \/><\/p>\n<h2>\u00bfD\u00f3nde alojarse durante el Closing?<\/h2>\n<p>Si vienes a Ibiza para este fin de semana \u00fanico, Vibra Hotels tiene opciones perfectas para ti:<br \/>\n-Ubicaciones cerca de la zona de fiesta.<br \/>\n-Comodidad, dise\u00f1o y buen ambiente.<br \/>\n-Servicios ideales para recargar energ\u00edas entre noches de m\u00fasica.<br \/>\nDescubre nuestras opciones y reserva directamente desde <a href=\"https:\/\/www.vibrahotels.com\/es\/ibiza\">Vibra Hotels<\/a><\/p>\n","protected":false},"excerpt":{"rendered":"<p>Descubre todo sobre el Closing de Pacha Ibiza 2025: fechas, cartel confirmado con R\u00dcF\u00dcS DU SOL, Roger Sanchez y Paco Osuna. \u00a1Cierra el verano a lo grande!<\/p>\n","protected":false},"author":1,"featured_media":10026,"comment_status":"closed","ping_status":"open","sticky":false,"template":"","format":"standard","meta":{"footnotes":""},"categories":[1558,1311],"tags":[],"class_list":["post-10022","post","type-post","status-publish","format-standard","has-post-thumbnail","hentry","category-clubbing","category-planes-en-ibiza"],"yoast_head":"<!-- This site is optimized with the Yoast SEO plugin v27.4 - https:\/\/yoast.com\/product\/yoast-seo-wordpress\/ -->\n<title>Closing Pacha Ibiza 2025: El gran final de temporada ya tiene fecha... \u00a1y un cartelazo! - Islander by Vibra Hotels<\/title>\n<meta name=\"robots\" content=\"index, follow, max-snippet:-1, max-image-preview:large, max-video-preview:-1\" \/>\n<link rel=\"canonical\" href=\"https:\/\/www.vibrahotels.com\/blog\/closing-pacha-ibiza-2025-fechas\/\" \/>\n<meta property=\"og:locale\" content=\"es_ES\" \/>\n<meta property=\"og:type\" content=\"article\" \/>\n<meta property=\"og:title\" content=\"Closing Pacha Ibiza 2025: El gran final de temporada ya tiene fecha... \u00a1y un cartelazo! - Islander by Vibra Hotels\" \/>\n<meta property=\"og:description\" content=\"Descubre todo sobre el Closing de Pacha Ibiza 2025: fechas, cartel confirmado con R\u00dcF\u00dcS DU SOL, Roger Sanchez y Paco Osuna. \u00a1Cierra el verano a lo grande!\" \/>\n<meta property=\"og:url\" content=\"https:\/\/www.vibrahotels.com\/blog\/closing-pacha-ibiza-2025-fechas\/\" \/>\n<meta property=\"og:site_name\" content=\"Islander by Vibra Hotels\" \/>\n<meta property=\"article:published_time\" content=\"2025-10-08T08:00:45+00:00\" \/>\n<meta property=\"article:modified_time\" content=\"2025-10-21T06:48:45+00:00\" \/>\n<meta property=\"og:image\" content=\"https:\/\/www.vibrahotels.com\/blog\/wp-content\/uploads\/2025\/10\/CamelPhat.jpg-scaled.webp\" \/>\n\t<meta property=\"og:image:width\" content=\"2560\" \/>\n\t<meta property=\"og:image:height\" content=\"1707\" \/>\n\t<meta property=\"og:image:type\" content=\"image\/webp\" \/>\n<meta name=\"author\" content=\"The Ibiza Blog\" \/>\n<meta name=\"twitter:card\" content=\"summary_large_image\" \/>\n<meta name=\"twitter:label1\" content=\"Escrito por\" \/>\n\t<meta name=\"twitter:data1\" content=\"The Ibiza Blog\" \/>\n\t<meta name=\"twitter:label2\" content=\"Tiempo de lectura\" \/>\n\t<meta name=\"twitter:data2\" content=\"2 minutos\" \/>\n<script type=\"application\/ld+json\" class=\"yoast-schema-graph\">{\"@context\":\"https:\\\/\\\/schema.org\",\"@graph\":[{\"@type\":\"Article\",\"@id\":\"https:\\\/\\\/www.vibrahotels.com\\\/blog\\\/closing-pacha-ibiza-2025-fechas\\\/#article\",\"isPartOf\":{\"@id\":\"https:\\\/\\\/www.vibrahotels.com\\\/blog\\\/closing-pacha-ibiza-2025-fechas\\\/\"},\"author\":{\"name\":\"The Ibiza Blog\",\"@id\":\"https:\\\/\\\/www.vibrahotels.com\\\/blog\\\/#\\\/schema\\\/person\\\/ad74f13df6e44e7081ef65424f668972\"},\"headline\":\"Closing Pacha Ibiza 2025: El gran final de temporada ya tiene fecha&#8230; \u00a1y un cartelazo!\",\"datePublished\":\"2025-10-08T08:00:45+00:00\",\"dateModified\":\"2025-10-21T06:48:45+00:00\",\"mainEntityOfPage\":{\"@id\":\"https:\\\/\\\/www.vibrahotels.com\\\/blog\\\/closing-pacha-ibiza-2025-fechas\\\/\"},\"wordCount\":466,\"image\":{\"@id\":\"https:\\\/\\\/www.vibrahotels.com\\\/blog\\\/closing-pacha-ibiza-2025-fechas\\\/#primaryimage\"},\"thumbnailUrl\":\"https:\\\/\\\/www.vibrahotels.com\\\/blog\\\/wp-content\\\/uploads\\\/2025\\\/10\\\/CamelPhat.jpg-scaled.webp\",\"articleSection\":[\"Clubbing\",\"Planes en Ibiza\"],\"inLanguage\":\"es\"},{\"@type\":\"WebPage\",\"@id\":\"https:\\\/\\\/www.vibrahotels.com\\\/blog\\\/closing-pacha-ibiza-2025-fechas\\\/\",\"url\":\"https:\\\/\\\/www.vibrahotels.com\\\/blog\\\/closing-pacha-ibiza-2025-fechas\\\/\",\"name\":\"Closing Pacha Ibiza 2025: El gran final de temporada ya tiene fecha... \u00a1y un cartelazo! - Islander by Vibra Hotels\",\"isPartOf\":{\"@id\":\"https:\\\/\\\/www.vibrahotels.com\\\/blog\\\/#website\"},\"primaryImageOfPage\":{\"@id\":\"https:\\\/\\\/www.vibrahotels.com\\\/blog\\\/closing-pacha-ibiza-2025-fechas\\\/#primaryimage\"},\"image\":{\"@id\":\"https:\\\/\\\/www.vibrahotels.com\\\/blog\\\/closing-pacha-ibiza-2025-fechas\\\/#primaryimage\"},\"thumbnailUrl\":\"https:\\\/\\\/www.vibrahotels.com\\\/blog\\\/wp-content\\\/uploads\\\/2025\\\/10\\\/CamelPhat.jpg-scaled.webp\",\"datePublished\":\"2025-10-08T08:00:45+00:00\",\"dateModified\":\"2025-10-21T06:48:45+00:00\",\"author\":{\"@id\":\"https:\\\/\\\/www.vibrahotels.com\\\/blog\\\/#\\\/schema\\\/person\\\/ad74f13df6e44e7081ef65424f668972\"},\"breadcrumb\":{\"@id\":\"https:\\\/\\\/www.vibrahotels.com\\\/blog\\\/closing-pacha-ibiza-2025-fechas\\\/#breadcrumb\"},\"inLanguage\":\"es\",\"potentialAction\":[{\"@type\":\"ReadAction\",\"target\":[\"https:\\\/\\\/www.vibrahotels.com\\\/blog\\\/closing-pacha-ibiza-2025-fechas\\\/\"]}]},{\"@type\":\"ImageObject\",\"inLanguage\":\"es\",\"@id\":\"https:\\\/\\\/www.vibrahotels.com\\\/blog\\\/closing-pacha-ibiza-2025-fechas\\\/#primaryimage\",\"url\":\"https:\\\/\\\/www.vibrahotels.com\\\/blog\\\/wp-content\\\/uploads\\\/2025\\\/10\\\/CamelPhat.jpg-scaled.webp\",\"contentUrl\":\"https:\\\/\\\/www.vibrahotels.com\\\/blog\\\/wp-content\\\/uploads\\\/2025\\\/10\\\/CamelPhat.jpg-scaled.webp\",\"width\":2560,\"height\":1707,\"caption\":\"closing pacha ibiza 2025\"},{\"@type\":\"BreadcrumbList\",\"@id\":\"https:\\\/\\\/www.vibrahotels.com\\\/blog\\\/closing-pacha-ibiza-2025-fechas\\\/#breadcrumb\",\"itemListElement\":[{\"@type\":\"ListItem\",\"position\":1,\"name\":\"Portada\",\"item\":\"https:\\\/\\\/www.vibrahotels.com\\\/blog\\\/\"},{\"@type\":\"ListItem\",\"position\":2,\"name\":\"Closing Pacha Ibiza 2025: El gran final de temporada ya tiene fecha&#8230; \u00a1y un cartelazo!\"}]},{\"@type\":\"WebSite\",\"@id\":\"https:\\\/\\\/www.vibrahotels.com\\\/blog\\\/#website\",\"url\":\"https:\\\/\\\/www.vibrahotels.com\\\/blog\\\/\",\"name\":\"Islander by Vibra Hotels\",\"description\":\"\",\"potentialAction\":[{\"@type\":\"SearchAction\",\"target\":{\"@type\":\"EntryPoint\",\"urlTemplate\":\"https:\\\/\\\/www.vibrahotels.com\\\/blog\\\/?s={search_term_string}\"},\"query-input\":{\"@type\":\"PropertyValueSpecification\",\"valueRequired\":true,\"valueName\":\"search_term_string\"}}],\"inLanguage\":\"es\"},{\"@type\":\"Person\",\"@id\":\"https:\\\/\\\/www.vibrahotels.com\\\/blog\\\/#\\\/schema\\\/person\\\/ad74f13df6e44e7081ef65424f668972\",\"name\":\"The Ibiza Blog\",\"image\":{\"@type\":\"ImageObject\",\"inLanguage\":\"es\",\"@id\":\"https:\\\/\\\/secure.gravatar.com\\\/avatar\\\/d172713df318fe4ba11547ee4a70ab1eae0206026db57d7a5920186b9f5ee855?s=96&d=mm&r=g\",\"url\":\"https:\\\/\\\/secure.gravatar.com\\\/avatar\\\/d172713df318fe4ba11547ee4a70ab1eae0206026db57d7a5920186b9f5ee855?s=96&d=mm&r=g\",\"contentUrl\":\"https:\\\/\\\/secure.gravatar.com\\\/avatar\\\/d172713df318fe4ba11547ee4a70ab1eae0206026db57d7a5920186b9f5ee855?s=96&d=mm&r=g\",\"caption\":\"The Ibiza Blog\"},\"url\":\"https:\\\/\\\/www.vibrahotels.com\\\/blog\\\/author\\\/the-ibiza-blog\\\/\"}]}<\/script>\n<!-- \/ Yoast SEO plugin. -->","yoast_head_json":{"title":"Closing Pacha Ibiza 2025: El gran final de temporada ya tiene fecha... \u00a1y un cartelazo! - Islander by Vibra Hotels","robots":{"index":"index","follow":"follow","max-snippet":"max-snippet:-1","max-image-preview":"max-image-preview:large","max-video-preview":"max-video-preview:-1"},"canonical":"https:\/\/www.vibrahotels.com\/blog\/closing-pacha-ibiza-2025-fechas\/","og_locale":"es_ES","og_type":"article","og_title":"Closing Pacha Ibiza 2025: El gran final de temporada ya tiene fecha... \u00a1y un cartelazo! - Islander by Vibra Hotels","og_description":"Descubre todo sobre el Closing de Pacha Ibiza 2025: fechas, cartel confirmado con R\u00dcF\u00dcS DU SOL, Roger Sanchez y Paco Osuna. \u00a1Cierra el verano a lo grande!","og_url":"https:\/\/www.vibrahotels.com\/blog\/closing-pacha-ibiza-2025-fechas\/","og_site_name":"Islander by Vibra Hotels","article_published_time":"2025-10-08T08:00:45+00:00","article_modified_time":"2025-10-21T06:48:45+00:00","og_image":[{"width":2560,"height":1707,"url":"https:\/\/www.vibrahotels.com\/blog\/wp-content\/uploads\/2025\/10\/CamelPhat.jpg-scaled.webp","type":"image\/webp"}],"author":"The Ibiza Blog","twitter_card":"summary_large_image","twitter_misc":{"Escrito por":"The Ibiza Blog","Tiempo de lectura":"2 minutos"},"schema":{"@context":"https:\/\/schema.org","@graph":[{"@type":"Article","@id":"https:\/\/www.vibrahotels.com\/blog\/closing-pacha-ibiza-2025-fechas\/#article","isPartOf":{"@id":"https:\/\/www.vibrahotels.com\/blog\/closing-pacha-ibiza-2025-fechas\/"},"author":{"name":"The Ibiza Blog","@id":"https:\/\/www.vibrahotels.com\/blog\/#\/schema\/person\/ad74f13df6e44e7081ef65424f668972"},"headline":"Closing Pacha Ibiza 2025: El gran final de temporada ya tiene fecha&#8230; \u00a1y un cartelazo!","datePublished":"2025-10-08T08:00:45+00:00","dateModified":"2025-10-21T06:48:45+00:00","mainEntityOfPage":{"@id":"https:\/\/www.vibrahotels.com\/blog\/closing-pacha-ibiza-2025-fechas\/"},"wordCount":466,"image":{"@id":"https:\/\/www.vibrahotels.com\/blog\/closing-pacha-ibiza-2025-fechas\/#primaryimage"},"thumbnailUrl":"https:\/\/www.vibrahotels.com\/blog\/wp-content\/uploads\/2025\/10\/CamelPhat.jpg-scaled.webp","articleSection":["Clubbing","Planes en Ibiza"],"inLanguage":"es"},{"@type":"WebPage","@id":"https:\/\/www.vibrahotels.com\/blog\/closing-pacha-ibiza-2025-fechas\/","url":"https:\/\/www.vibrahotels.com\/blog\/closing-pacha-ibiza-2025-fechas\/","name":"Closing Pacha Ibiza 2025: El gran final de temporada ya tiene fecha... \u00a1y un cartelazo! - Islander by Vibra Hotels","isPartOf":{"@id":"https:\/\/www.vibrahotels.com\/blog\/#website"},"primaryImageOfPage":{"@id":"https:\/\/www.vibrahotels.com\/blog\/closing-pacha-ibiza-2025-fechas\/#primaryimage"},"image":{"@id":"https:\/\/www.vibrahotels.com\/blog\/closing-pacha-ibiza-2025-fechas\/#primaryimage"},"thumbnailUrl":"https:\/\/www.vibrahotels.com\/blog\/wp-content\/uploads\/2025\/10\/CamelPhat.jpg-scaled.webp","datePublished":"2025-10-08T08:00:45+00:00","dateModified":"2025-10-21T06:48:45+00:00","author":{"@id":"https:\/\/www.vibrahotels.com\/blog\/#\/schema\/person\/ad74f13df6e44e7081ef65424f668972"},"breadcrumb":{"@id":"https:\/\/www.vibrahotels.com\/blog\/closing-pacha-ibiza-2025-fechas\/#breadcrumb"},"inLanguage":"es","potentialAction":[{"@type":"ReadAction","target":["https:\/\/www.vibrahotels.com\/blog\/closing-pacha-ibiza-2025-fechas\/"]}]},{"@type":"ImageObject","inLanguage":"es","@id":"https:\/\/www.vibrahotels.com\/blog\/closing-pacha-ibiza-2025-fechas\/#primaryimage","url":"https:\/\/www.vibrahotels.com\/blog\/wp-content\/uploads\/2025\/10\/CamelPhat.jpg-scaled.webp","contentUrl":"https:\/\/www.vibrahotels.com\/blog\/wp-content\/uploads\/2025\/10\/CamelPhat.jpg-scaled.webp","width":2560,"height":1707,"caption":"closing pacha ibiza 2025"},{"@type":"BreadcrumbList","@id":"https:\/\/www.vibrahotels.com\/blog\/closing-pacha-ibiza-2025-fechas\/#breadcrumb","itemListElement":[{"@type":"ListItem","position":1,"name":"Portada","item":"https:\/\/www.vibrahotels.com\/blog\/"},{"@type":"ListItem","position":2,"name":"Closing Pacha Ibiza 2025: El gran final de temporada ya tiene fecha&#8230; \u00a1y un cartelazo!"}]},{"@type":"WebSite","@id":"https:\/\/www.vibrahotels.com\/blog\/#website","url":"https:\/\/www.vibrahotels.com\/blog\/","name":"Islander by Vibra Hotels","description":"","potentialAction":[{"@type":"SearchAction","target":{"@type":"EntryPoint","urlTemplate":"https:\/\/www.vibrahotels.com\/blog\/?s={search_term_string}"},"query-input":{"@type":"PropertyValueSpecification","valueRequired":true,"valueName":"search_term_string"}}],"inLanguage":"es"},{"@type":"Person","@id":"https:\/\/www.vibrahotels.com\/blog\/#\/schema\/person\/ad74f13df6e44e7081ef65424f668972","name":"The Ibiza Blog","image":{"@type":"ImageObject","inLanguage":"es","@id":"https:\/\/secure.gravatar.com\/avatar\/d172713df318fe4ba11547ee4a70ab1eae0206026db57d7a5920186b9f5ee855?s=96&d=mm&r=g","url":"https:\/\/secure.gravatar.com\/avatar\/d172713df318fe4ba11547ee4a70ab1eae0206026db57d7a5920186b9f5ee855?s=96&d=mm&r=g","contentUrl":"https:\/\/secure.gravatar.com\/avatar\/d172713df318fe4ba11547ee4a70ab1eae0206026db57d7a5920186b9f5ee855?s=96&d=mm&r=g","caption":"The Ibiza Blog"},"url":"https:\/\/www.vibrahotels.com\/blog\/author\/the-ibiza-blog\/"}]}},"_links":{"self":[{"href":"https:\/\/www.vibrahotels.com\/blog\/wp-json\/wp\/v2\/posts\/10022","targetHints":{"allow":["GET"]}}],"collection":[{"href":"https:\/\/www.vibrahotels.com\/blog\/wp-json\/wp\/v2\/posts"}],"about":[{"href":"https:\/\/www.vibrahotels.com\/blog\/wp-json\/wp\/v2\/types\/post"}],"author":[{"embeddable":true,"href":"https:\/\/www.vibrahotels.com\/blog\/wp-json\/wp\/v2\/users\/1"}],"replies":[{"embeddable":true,"href":"https:\/\/www.vibrahotels.com\/blog\/wp-json\/wp\/v2\/comments?post=10022"}],"version-history":[{"count":10,"href":"https:\/\/www.vibrahotels.com\/blog\/wp-json\/wp\/v2\/posts\/10022\/revisions"}],"predecessor-version":[{"id":10139,"href":"https:\/\/www.vibrahotels.com\/blog\/wp-json\/wp\/v2\/posts\/10022\/revisions\/10139"}],"wp:featuredmedia":[{"embeddable":true,"href":"https:\/\/www.vibrahotels.com\/blog\/wp-json\/wp\/v2\/media\/10026"}],"wp:attachment":[{"href":"https:\/\/www.vibrahotels.com\/blog\/wp-json\/wp\/v2\/media?parent=10022"}],"wp:term":[{"taxonomy":"category","embeddable":true,"href":"https:\/\/www.vibrahotels.com\/blog\/wp-json\/wp\/v2\/categories?post=10022"},{"taxonomy":"post_tag","embeddable":true,"href":"https:\/\/www.vibrahotels.com\/blog\/wp-json\/wp\/v2\/tags?post=10022"}],"curies":[{"name":"wp","href":"https:\/\/api.w.org\/{rel}","templated":true}]}}