{"id":9910,"date":"2025-10-08T10:00:06","date_gmt":"2025-10-08T08:00:06","guid":{"rendered":"https:\/\/www.vibrahotels.com\/blog\/?p=9910"},"modified":"2025-10-21T12:35:30","modified_gmt":"2025-10-21T10:35:30","slug":"mao-menorca-capital-puerto-natural","status":"publish","type":"post","link":"https:\/\/www.vibrahotels.com\/blog\/it\/mao-menorca-capital-puerto-natural\/","title":{"rendered":"Ma\u00f3 Menorca: Scopri il Fascino della Capitale di Minorca e il suo Impressionante Porto Naturale"},"content":{"rendered":"<p><strong>Ma\u00f3 Menorca<\/strong>, capitale dell&#8217;isola, \u00e8 un gioiello del Mediterraneo che unisce storia, natura, cultura e una gastronomia vivace. Questa citt\u00e0 portuale, situata nella parte orientale di Minorca, si distingue per il suo porto naturale, uno dei pi\u00f9 grandi al mondo, e per offrire un&#8217;atmosfera autentica, rilassata e piena di vita.<\/p>\n<p>Che tu stia cercando una fuga culturale, un percorso gastronomico o semplicemente staccare la spina vicino al mare, <strong>Ma\u00f3 Menorca<\/strong> ha qualcosa da offrire a ogni viaggiatore.<\/p>\n<p><img loading=\"lazy\" decoding=\"async\" src=\"https:\/\/www.vibrahotels.com\/blog\/wp-content\/uploads\/2025\/09\/shutterstock_554320489-1.jpg\" alt=\"visita ma\u00f3 menorca con vibra hotels\" width=\"800\" height=\"533\" class=\"alignnone size-full wp-image-9897\" srcset=\"https:\/\/www.vibrahotels.com\/blog\/wp-content\/uploads\/2025\/09\/shutterstock_554320489-1.jpg 800w, https:\/\/www.vibrahotels.com\/blog\/wp-content\/uploads\/2025\/09\/shutterstock_554320489-1-300x200.jpg 300w, https:\/\/www.vibrahotels.com\/blog\/wp-content\/uploads\/2025\/09\/shutterstock_554320489-1-768x512.jpg 768w\" sizes=\"auto, (max-width: 800px) 100vw, 800px\" \/><\/p>\n<h2>Cosa Vedere e Fare a Ma\u00f3 Menorca<\/h2>\n<p>Ma\u00f3 Menorca offre un&#8217;esperienza unica a chi desidera scoprire il lato pi\u00f9 autentico di Minorca.<br \/>\nEcco alcuni luoghi imperdibili:<\/p>\n<p><strong>Passeggiata lungo il Porto di Ma\u00f3:<\/strong> Una camminata lungo il porto naturale \u00e8 un\u2019esperienza da non perdere. Goditi le terrazze sul mare, le barche tradizionali e l\u2019architettura tipica minorchina.<br \/>\n<strong>Punti Panoramici:<\/strong> Non perderti il Mirador de Sant Francesc, il Pont des Castell e i balconi di Ses Voltes per le migliori viste sul porto.<br \/>\n<strong>Fortezza di Isabel II (La Mola):<\/strong> Situata all&#8217;ingresso del porto, questa fortezza offre storia e viste spettacolari.<\/p>\n<h2>Borghi Affascinanti Vicino a Ma\u00f3 Menorca<\/h2>\n<p><strong>Binibeca:<\/strong> Famoso per le sue casette bianche e i vicoli pittoreschi.<br \/>\n<strong>Es Grau:<\/strong> Un piccolo villaggio di pescatori con accesso alla riserva naturale di S&#8217;Albufera des Grau.<br \/>\n<strong>Sant Tom\u00e0s:<\/strong> Ideale per godersi spiagge tranquille e sentieri costieri.<\/p>\n<h2>Dove Mangiare a Ma\u00f3 Menorca: Sapori che Conquistano<\/h2>\n<p>La gastronomia di Ma\u00f3 Menorca riflette una fusione perfetta tra tradizione mediterranea e creativit\u00e0 contemporanea. Ecco alcuni dei migliori ristoranti dove mangiare:<\/p>\n<p><strong>Ses Forquilles:<\/strong> Piatti innovativi con un tocco locale, come la tortilla con sobrasada o il sashimi di tonno.<br \/>\n<strong>El Rais:<\/strong> Specializzato in risotti e ceviche, con viste spettacolari sul porto.<br \/>\n<strong>Mestre d\u2019Aixa:<\/strong> Perfetto per una cena rilassata, con un\u2019eccellente selezione di vini e cucina d&#8217;autore.<\/p>\n<p>Ognuna di queste opzioni ti far\u00e0 assaporare la vera identit\u00e0 culinaria di <strong>Ma\u00f3 Menorca<\/strong>.<\/p>\n<p><img loading=\"lazy\" decoding=\"async\" src=\"https:\/\/www.vibrahotels.com\/blog\/wp-content\/uploads\/2025\/09\/shutterstock_2324674503-1.jpg\" alt=\"visita ma\u00f3 menorca con vibra hotels\" width=\"800\" height=\"533\" class=\"alignnone size-full wp-image-9900\" srcset=\"https:\/\/www.vibrahotels.com\/blog\/wp-content\/uploads\/2025\/09\/shutterstock_2324674503-1.jpg 800w, https:\/\/www.vibrahotels.com\/blog\/wp-content\/uploads\/2025\/09\/shutterstock_2324674503-1-300x200.jpg 300w, https:\/\/www.vibrahotels.com\/blog\/wp-content\/uploads\/2025\/09\/shutterstock_2324674503-1-768x512.jpg 768w\" sizes=\"auto, (max-width: 800px) 100vw, 800px\" \/><\/p>\n<h2>Dove Alloggiare a Ma\u00f3 Menorca: Vivi l\u2019Esperienza Vibra<\/h2>\n<p>Per vivere appieno l\u2019esperienza a Ma\u00f3 Menorca, soggiorna con <a href=\"https:\/\/www.vibrahotels.com\/es\/ibiza\/playa-d-en-bossa?utm_medium=cpc&#038;utm_source=google&#038;utm_campaign=sem-prospecting&#038;utm_content=destino_playa_bossa&#038;utm_term=es&#038;gad_source=1&#038;gad_campaignid=1628640908&#038;gclid=EAIaIQobChMIlond7IjbjwMV6ZWDBx21eAF9EAAYASAAEgIxB_D_BwE\">Vibra Hotels<\/a>, dove comfort e design si uniscono in una posizione strategica.<\/p>\n<p><a href=\"https:\/\/www.vibrahotels.com\/es\/menorca\/ciudadela\/aparthotel-vibra-blanc-palace\">Vibra Blanc Palace Aparthotel:<\/a> Ideale per famiglie, con ampi spazi e tutti i comfort.<br \/>\n<a href=\"https:\/\/www.vibrahotels.com\/es\/menorca\/ciudadela\/apartamentos-vibra-caleta-playa\">Vibra Caleta Playa Apartments:<\/a> Perfetti per chi cerca indipendenza senza rinunciare allo stile.<br \/>\n<a href=\"https:\/\/www.vibrahotels.com\/es\/menorca\/ciudadela\/apartamentos-vibra-blanc-cottage\">Vibra Blanc Cottage Apartments:<\/a> A pochi passi dal mare, immersi nella natura, ideali per staccare la spina.<\/p>\n<p>Tutte le sistemazioni sono pensate per farti godere al meglio Ma\u00f3 Menorca con la qualit\u00e0 del servizio che contraddistingue <strong>Vibra Hotels<\/strong>.<\/p>\n<p><img loading=\"lazy\" decoding=\"async\" src=\"https:\/\/www.vibrahotels.com\/blog\/wp-content\/uploads\/2025\/09\/thumb_2048x1536_20a2d3ea-008c-404c-a860-d2ecade402ce.jpg\" alt=\"visita ma\u00f3 menorca con vibra hotels\" width=\"2048\" height=\"1365\" class=\"alignnone size-full wp-image-9903\" srcset=\"https:\/\/www.vibrahotels.com\/blog\/wp-content\/uploads\/2025\/09\/thumb_2048x1536_20a2d3ea-008c-404c-a860-d2ecade402ce.jpg 2048w, https:\/\/www.vibrahotels.com\/blog\/wp-content\/uploads\/2025\/09\/thumb_2048x1536_20a2d3ea-008c-404c-a860-d2ecade402ce-300x200.jpg 300w, https:\/\/www.vibrahotels.com\/blog\/wp-content\/uploads\/2025\/09\/thumb_2048x1536_20a2d3ea-008c-404c-a860-d2ecade402ce-1024x683.jpg 1024w, https:\/\/www.vibrahotels.com\/blog\/wp-content\/uploads\/2025\/09\/thumb_2048x1536_20a2d3ea-008c-404c-a860-d2ecade402ce-768x512.jpg 768w, https:\/\/www.vibrahotels.com\/blog\/wp-content\/uploads\/2025\/09\/thumb_2048x1536_20a2d3ea-008c-404c-a860-d2ecade402ce-1536x1024.jpg 1536w\" sizes=\"auto, (max-width: 2048px) 100vw, 2048px\" \/><\/p>\n<h2>Perch\u00e9 Visitare Ma\u00f3 Menorca?<\/h2>\n<p>Visitare Ma\u00f3 Menorca significa immergersi in una citt\u00e0 vibrante, dove il mare si fonde con la storia e ogni angolo invita alla scoperta. Il suo porto naturale, le sue strade affascinanti, la cucina mediterranea e la vicinanza ad altri borghi e spiagge rendono Ma\u00f3 una destinazione imperdibile a Minorca.<\/p>\n<p>Pronto a esplorare Ma\u00f3 Menorca? Vivi un\u2019esperienza indimenticabile prenotando il tuo soggiorno con <strong>Vibra Hotels<\/strong>. Con posizioni privilegiate e il miglior servizio, la tua avventura nella capitale di Minorca inizia qui.<\/p>\n","protected":false},"excerpt":{"rendered":"<p>Scopri Ma\u00f3 Menorca, la capitale dell\u2019isola, con il suo impressionante porto naturale, i punti panoramici, i borghi vicini e un\u2019eccellente offerta gastronomica. Pianifica la tua fuga ideale con Vibra Hotels!<\/p>\n","protected":false},"author":1,"featured_media":9905,"comment_status":"open","ping_status":"open","sticky":false,"template":"","format":"standard","meta":{"footnotes":""},"categories":[1556],"tags":[],"class_list":["post-9910","post","type-post","status-publish","format-standard","has-post-thumbnail","hentry","category-piani-minorca-it"],"yoast_head":"<!-- This site is optimized with the Yoast SEO plugin v27.4 - https:\/\/yoast.com\/product\/yoast-seo-wordpress\/ -->\n<title>Ma\u00f3 Menorca: Scopri il Fascino della Capitale di Minorca e il suo Impressionante Porto Naturale - Islander by Vibra Hotels<\/title>\n<meta name=\"robots\" content=\"index, follow, max-snippet:-1, max-image-preview:large, max-video-preview:-1\" \/>\n<link rel=\"canonical\" href=\"https:\/\/www.vibrahotels.com\/blog\/it\/mao-menorca-capital-puerto-natural\/\" \/>\n<meta property=\"og:locale\" content=\"it_IT\" \/>\n<meta property=\"og:type\" content=\"article\" \/>\n<meta property=\"og:title\" content=\"Ma\u00f3 Menorca: Scopri il Fascino della Capitale di Minorca e il suo Impressionante Porto Naturale - Islander by Vibra Hotels\" \/>\n<meta property=\"og:description\" content=\"Scopri Ma\u00f3 Menorca, la capitale dell\u2019isola, con il suo impressionante porto naturale, i punti panoramici, i borghi vicini e un\u2019eccellente offerta gastronomica. Pianifica la tua fuga ideale con Vibra Hotels!\" \/>\n<meta property=\"og:url\" content=\"https:\/\/www.vibrahotels.com\/blog\/it\/mao-menorca-capital-puerto-natural\/\" \/>\n<meta property=\"og:site_name\" content=\"Islander by Vibra Hotels\" \/>\n<meta property=\"article:published_time\" content=\"2025-10-08T08:00:06+00:00\" \/>\n<meta property=\"article:modified_time\" content=\"2025-10-21T10:35:30+00:00\" \/>\n<meta property=\"og:image\" content=\"https:\/\/www.vibrahotels.com\/blog\/wp-content\/uploads\/2025\/09\/thumb_2048x1536_20a2d3ea-008c-404c-a860-d2ecade402ce.jpg\" \/>\n\t<meta property=\"og:image:width\" content=\"2048\" \/>\n\t<meta property=\"og:image:height\" content=\"1365\" \/>\n\t<meta property=\"og:image:type\" content=\"image\/jpeg\" \/>\n<meta name=\"author\" content=\"The Ibiza Blog\" \/>\n<meta name=\"twitter:card\" content=\"summary_large_image\" \/>\n<meta name=\"twitter:label1\" content=\"Scritto da\" \/>\n\t<meta name=\"twitter:data1\" content=\"The Ibiza Blog\" \/>\n\t<meta name=\"twitter:label2\" content=\"Tempo di lettura stimato\" \/>\n\t<meta name=\"twitter:data2\" content=\"2 minuti\" \/>\n<script type=\"application\/ld+json\" class=\"yoast-schema-graph\">{\"@context\":\"https:\\\/\\\/schema.org\",\"@graph\":[{\"@type\":\"Article\",\"@id\":\"https:\\\/\\\/www.vibrahotels.com\\\/blog\\\/it\\\/mao-menorca-capital-puerto-natural\\\/#article\",\"isPartOf\":{\"@id\":\"https:\\\/\\\/www.vibrahotels.com\\\/blog\\\/it\\\/mao-menorca-capital-puerto-natural\\\/\"},\"author\":{\"name\":\"The Ibiza Blog\",\"@id\":\"https:\\\/\\\/www.vibrahotels.com\\\/blog\\\/it\\\/#\\\/schema\\\/person\\\/ad74f13df6e44e7081ef65424f668972\"},\"headline\":\"Ma\u00f3 Menorca: Scopri il Fascino della Capitale di Minorca e il suo Impressionante Porto Naturale\",\"datePublished\":\"2025-10-08T08:00:06+00:00\",\"dateModified\":\"2025-10-21T10:35:30+00:00\",\"mainEntityOfPage\":{\"@id\":\"https:\\\/\\\/www.vibrahotels.com\\\/blog\\\/it\\\/mao-menorca-capital-puerto-natural\\\/\"},\"wordCount\":505,\"commentCount\":0,\"image\":{\"@id\":\"https:\\\/\\\/www.vibrahotels.com\\\/blog\\\/it\\\/mao-menorca-capital-puerto-natural\\\/#primaryimage\"},\"thumbnailUrl\":\"https:\\\/\\\/www.vibrahotels.com\\\/blog\\\/wp-content\\\/uploads\\\/2025\\\/09\\\/thumb_2048x1536_20a2d3ea-008c-404c-a860-d2ecade402ce.jpg\",\"articleSection\":[\"Piani Minorca\"],\"inLanguage\":\"it-IT\",\"potentialAction\":[{\"@type\":\"CommentAction\",\"name\":\"Comment\",\"target\":[\"https:\\\/\\\/www.vibrahotels.com\\\/blog\\\/it\\\/mao-menorca-capital-puerto-natural\\\/#respond\"]}]},{\"@type\":\"WebPage\",\"@id\":\"https:\\\/\\\/www.vibrahotels.com\\\/blog\\\/it\\\/mao-menorca-capital-puerto-natural\\\/\",\"url\":\"https:\\\/\\\/www.vibrahotels.com\\\/blog\\\/it\\\/mao-menorca-capital-puerto-natural\\\/\",\"name\":\"Ma\u00f3 Menorca: Scopri il Fascino della Capitale di Minorca e il suo Impressionante Porto Naturale - Islander by Vibra Hotels\",\"isPartOf\":{\"@id\":\"https:\\\/\\\/www.vibrahotels.com\\\/blog\\\/it\\\/#website\"},\"primaryImageOfPage\":{\"@id\":\"https:\\\/\\\/www.vibrahotels.com\\\/blog\\\/it\\\/mao-menorca-capital-puerto-natural\\\/#primaryimage\"},\"image\":{\"@id\":\"https:\\\/\\\/www.vibrahotels.com\\\/blog\\\/it\\\/mao-menorca-capital-puerto-natural\\\/#primaryimage\"},\"thumbnailUrl\":\"https:\\\/\\\/www.vibrahotels.com\\\/blog\\\/wp-content\\\/uploads\\\/2025\\\/09\\\/thumb_2048x1536_20a2d3ea-008c-404c-a860-d2ecade402ce.jpg\",\"datePublished\":\"2025-10-08T08:00:06+00:00\",\"dateModified\":\"2025-10-21T10:35:30+00:00\",\"author\":{\"@id\":\"https:\\\/\\\/www.vibrahotels.com\\\/blog\\\/it\\\/#\\\/schema\\\/person\\\/ad74f13df6e44e7081ef65424f668972\"},\"breadcrumb\":{\"@id\":\"https:\\\/\\\/www.vibrahotels.com\\\/blog\\\/it\\\/mao-menorca-capital-puerto-natural\\\/#breadcrumb\"},\"inLanguage\":\"it-IT\",\"potentialAction\":[{\"@type\":\"ReadAction\",\"target\":[\"https:\\\/\\\/www.vibrahotels.com\\\/blog\\\/it\\\/mao-menorca-capital-puerto-natural\\\/\"]}]},{\"@type\":\"ImageObject\",\"inLanguage\":\"it-IT\",\"@id\":\"https:\\\/\\\/www.vibrahotels.com\\\/blog\\\/it\\\/mao-menorca-capital-puerto-natural\\\/#primaryimage\",\"url\":\"https:\\\/\\\/www.vibrahotels.com\\\/blog\\\/wp-content\\\/uploads\\\/2025\\\/09\\\/thumb_2048x1536_20a2d3ea-008c-404c-a860-d2ecade402ce.jpg\",\"contentUrl\":\"https:\\\/\\\/www.vibrahotels.com\\\/blog\\\/wp-content\\\/uploads\\\/2025\\\/09\\\/thumb_2048x1536_20a2d3ea-008c-404c-a860-d2ecade402ce.jpg\",\"width\":2048,\"height\":1365,\"caption\":\"visita ma\u00f3 menorca con vibra hotels\"},{\"@type\":\"BreadcrumbList\",\"@id\":\"https:\\\/\\\/www.vibrahotels.com\\\/blog\\\/it\\\/mao-menorca-capital-puerto-natural\\\/#breadcrumb\",\"itemListElement\":[{\"@type\":\"ListItem\",\"position\":1,\"name\":\"Portada\",\"item\":\"https:\\\/\\\/www.vibrahotels.com\\\/blog\\\/it\\\/\"},{\"@type\":\"ListItem\",\"position\":2,\"name\":\"Ma\u00f3 Menorca: Scopri il Fascino della Capitale di Minorca e il suo Impressionante Porto Naturale\"}]},{\"@type\":\"WebSite\",\"@id\":\"https:\\\/\\\/www.vibrahotels.com\\\/blog\\\/it\\\/#website\",\"url\":\"https:\\\/\\\/www.vibrahotels.com\\\/blog\\\/it\\\/\",\"name\":\"Islander by Vibra Hotels\",\"description\":\"\",\"potentialAction\":[{\"@type\":\"SearchAction\",\"target\":{\"@type\":\"EntryPoint\",\"urlTemplate\":\"https:\\\/\\\/www.vibrahotels.com\\\/blog\\\/it\\\/?s={search_term_string}\"},\"query-input\":{\"@type\":\"PropertyValueSpecification\",\"valueRequired\":true,\"valueName\":\"search_term_string\"}}],\"inLanguage\":\"it-IT\"},{\"@type\":\"Person\",\"@id\":\"https:\\\/\\\/www.vibrahotels.com\\\/blog\\\/it\\\/#\\\/schema\\\/person\\\/ad74f13df6e44e7081ef65424f668972\",\"name\":\"The Ibiza Blog\",\"image\":{\"@type\":\"ImageObject\",\"inLanguage\":\"it-IT\",\"@id\":\"https:\\\/\\\/secure.gravatar.com\\\/avatar\\\/d172713df318fe4ba11547ee4a70ab1eae0206026db57d7a5920186b9f5ee855?s=96&d=mm&r=g\",\"url\":\"https:\\\/\\\/secure.gravatar.com\\\/avatar\\\/d172713df318fe4ba11547ee4a70ab1eae0206026db57d7a5920186b9f5ee855?s=96&d=mm&r=g\",\"contentUrl\":\"https:\\\/\\\/secure.gravatar.com\\\/avatar\\\/d172713df318fe4ba11547ee4a70ab1eae0206026db57d7a5920186b9f5ee855?s=96&d=mm&r=g\",\"caption\":\"The Ibiza Blog\"},\"url\":\"https:\\\/\\\/www.vibrahotels.com\\\/blog\\\/it\\\/author\\\/the-ibiza-blog\\\/\"}]}<\/script>\n<!-- \/ Yoast SEO plugin. -->","yoast_head_json":{"title":"Ma\u00f3 Menorca: Scopri il Fascino della Capitale di Minorca e il suo Impressionante Porto Naturale - Islander by Vibra Hotels","robots":{"index":"index","follow":"follow","max-snippet":"max-snippet:-1","max-image-preview":"max-image-preview:large","max-video-preview":"max-video-preview:-1"},"canonical":"https:\/\/www.vibrahotels.com\/blog\/it\/mao-menorca-capital-puerto-natural\/","og_locale":"it_IT","og_type":"article","og_title":"Ma\u00f3 Menorca: Scopri il Fascino della Capitale di Minorca e il suo Impressionante Porto Naturale - Islander by Vibra Hotels","og_description":"Scopri Ma\u00f3 Menorca, la capitale dell\u2019isola, con il suo impressionante porto naturale, i punti panoramici, i borghi vicini e un\u2019eccellente offerta gastronomica. Pianifica la tua fuga ideale con Vibra Hotels!","og_url":"https:\/\/www.vibrahotels.com\/blog\/it\/mao-menorca-capital-puerto-natural\/","og_site_name":"Islander by Vibra Hotels","article_published_time":"2025-10-08T08:00:06+00:00","article_modified_time":"2025-10-21T10:35:30+00:00","og_image":[{"width":2048,"height":1365,"url":"https:\/\/www.vibrahotels.com\/blog\/wp-content\/uploads\/2025\/09\/thumb_2048x1536_20a2d3ea-008c-404c-a860-d2ecade402ce.jpg","type":"image\/jpeg"}],"author":"The Ibiza Blog","twitter_card":"summary_large_image","twitter_misc":{"Scritto da":"The Ibiza Blog","Tempo di lettura stimato":"2 minuti"},"schema":{"@context":"https:\/\/schema.org","@graph":[{"@type":"Article","@id":"https:\/\/www.vibrahotels.com\/blog\/it\/mao-menorca-capital-puerto-natural\/#article","isPartOf":{"@id":"https:\/\/www.vibrahotels.com\/blog\/it\/mao-menorca-capital-puerto-natural\/"},"author":{"name":"The Ibiza Blog","@id":"https:\/\/www.vibrahotels.com\/blog\/it\/#\/schema\/person\/ad74f13df6e44e7081ef65424f668972"},"headline":"Ma\u00f3 Menorca: Scopri il Fascino della Capitale di Minorca e il suo Impressionante Porto Naturale","datePublished":"2025-10-08T08:00:06+00:00","dateModified":"2025-10-21T10:35:30+00:00","mainEntityOfPage":{"@id":"https:\/\/www.vibrahotels.com\/blog\/it\/mao-menorca-capital-puerto-natural\/"},"wordCount":505,"commentCount":0,"image":{"@id":"https:\/\/www.vibrahotels.com\/blog\/it\/mao-menorca-capital-puerto-natural\/#primaryimage"},"thumbnailUrl":"https:\/\/www.vibrahotels.com\/blog\/wp-content\/uploads\/2025\/09\/thumb_2048x1536_20a2d3ea-008c-404c-a860-d2ecade402ce.jpg","articleSection":["Piani Minorca"],"inLanguage":"it-IT","potentialAction":[{"@type":"CommentAction","name":"Comment","target":["https:\/\/www.vibrahotels.com\/blog\/it\/mao-menorca-capital-puerto-natural\/#respond"]}]},{"@type":"WebPage","@id":"https:\/\/www.vibrahotels.com\/blog\/it\/mao-menorca-capital-puerto-natural\/","url":"https:\/\/www.vibrahotels.com\/blog\/it\/mao-menorca-capital-puerto-natural\/","name":"Ma\u00f3 Menorca: Scopri il Fascino della Capitale di Minorca e il suo Impressionante Porto Naturale - Islander by Vibra Hotels","isPartOf":{"@id":"https:\/\/www.vibrahotels.com\/blog\/it\/#website"},"primaryImageOfPage":{"@id":"https:\/\/www.vibrahotels.com\/blog\/it\/mao-menorca-capital-puerto-natural\/#primaryimage"},"image":{"@id":"https:\/\/www.vibrahotels.com\/blog\/it\/mao-menorca-capital-puerto-natural\/#primaryimage"},"thumbnailUrl":"https:\/\/www.vibrahotels.com\/blog\/wp-content\/uploads\/2025\/09\/thumb_2048x1536_20a2d3ea-008c-404c-a860-d2ecade402ce.jpg","datePublished":"2025-10-08T08:00:06+00:00","dateModified":"2025-10-21T10:35:30+00:00","author":{"@id":"https:\/\/www.vibrahotels.com\/blog\/it\/#\/schema\/person\/ad74f13df6e44e7081ef65424f668972"},"breadcrumb":{"@id":"https:\/\/www.vibrahotels.com\/blog\/it\/mao-menorca-capital-puerto-natural\/#breadcrumb"},"inLanguage":"it-IT","potentialAction":[{"@type":"ReadAction","target":["https:\/\/www.vibrahotels.com\/blog\/it\/mao-menorca-capital-puerto-natural\/"]}]},{"@type":"ImageObject","inLanguage":"it-IT","@id":"https:\/\/www.vibrahotels.com\/blog\/it\/mao-menorca-capital-puerto-natural\/#primaryimage","url":"https:\/\/www.vibrahotels.com\/blog\/wp-content\/uploads\/2025\/09\/thumb_2048x1536_20a2d3ea-008c-404c-a860-d2ecade402ce.jpg","contentUrl":"https:\/\/www.vibrahotels.com\/blog\/wp-content\/uploads\/2025\/09\/thumb_2048x1536_20a2d3ea-008c-404c-a860-d2ecade402ce.jpg","width":2048,"height":1365,"caption":"visita ma\u00f3 menorca con vibra hotels"},{"@type":"BreadcrumbList","@id":"https:\/\/www.vibrahotels.com\/blog\/it\/mao-menorca-capital-puerto-natural\/#breadcrumb","itemListElement":[{"@type":"ListItem","position":1,"name":"Portada","item":"https:\/\/www.vibrahotels.com\/blog\/it\/"},{"@type":"ListItem","position":2,"name":"Ma\u00f3 Menorca: Scopri il Fascino della Capitale di Minorca e il suo Impressionante Porto Naturale"}]},{"@type":"WebSite","@id":"https:\/\/www.vibrahotels.com\/blog\/it\/#website","url":"https:\/\/www.vibrahotels.com\/blog\/it\/","name":"Islander by Vibra Hotels","description":"","potentialAction":[{"@type":"SearchAction","target":{"@type":"EntryPoint","urlTemplate":"https:\/\/www.vibrahotels.com\/blog\/it\/?s={search_term_string}"},"query-input":{"@type":"PropertyValueSpecification","valueRequired":true,"valueName":"search_term_string"}}],"inLanguage":"it-IT"},{"@type":"Person","@id":"https:\/\/www.vibrahotels.com\/blog\/it\/#\/schema\/person\/ad74f13df6e44e7081ef65424f668972","name":"The Ibiza Blog","image":{"@type":"ImageObject","inLanguage":"it-IT","@id":"https:\/\/secure.gravatar.com\/avatar\/d172713df318fe4ba11547ee4a70ab1eae0206026db57d7a5920186b9f5ee855?s=96&d=mm&r=g","url":"https:\/\/secure.gravatar.com\/avatar\/d172713df318fe4ba11547ee4a70ab1eae0206026db57d7a5920186b9f5ee855?s=96&d=mm&r=g","contentUrl":"https:\/\/secure.gravatar.com\/avatar\/d172713df318fe4ba11547ee4a70ab1eae0206026db57d7a5920186b9f5ee855?s=96&d=mm&r=g","caption":"The Ibiza Blog"},"url":"https:\/\/www.vibrahotels.com\/blog\/it\/author\/the-ibiza-blog\/"}]}},"_links":{"self":[{"href":"https:\/\/www.vibrahotels.com\/blog\/it\/wp-json\/wp\/v2\/posts\/9910","targetHints":{"allow":["GET"]}}],"collection":[{"href":"https:\/\/www.vibrahotels.com\/blog\/it\/wp-json\/wp\/v2\/posts"}],"about":[{"href":"https:\/\/www.vibrahotels.com\/blog\/it\/wp-json\/wp\/v2\/types\/post"}],"author":[{"embeddable":true,"href":"https:\/\/www.vibrahotels.com\/blog\/it\/wp-json\/wp\/v2\/users\/1"}],"replies":[{"embeddable":true,"href":"https:\/\/www.vibrahotels.com\/blog\/it\/wp-json\/wp\/v2\/comments?post=9910"}],"version-history":[{"count":1,"href":"https:\/\/www.vibrahotels.com\/blog\/it\/wp-json\/wp\/v2\/posts\/9910\/revisions"}],"predecessor-version":[{"id":9912,"href":"https:\/\/www.vibrahotels.com\/blog\/it\/wp-json\/wp\/v2\/posts\/9910\/revisions\/9912"}],"wp:featuredmedia":[{"embeddable":true,"href":"https:\/\/www.vibrahotels.com\/blog\/it\/wp-json\/wp\/v2\/media\/9905"}],"wp:attachment":[{"href":"https:\/\/www.vibrahotels.com\/blog\/it\/wp-json\/wp\/v2\/media?parent=9910"}],"wp:term":[{"taxonomy":"category","embeddable":true,"href":"https:\/\/www.vibrahotels.com\/blog\/it\/wp-json\/wp\/v2\/categories?post=9910"},{"taxonomy":"post_tag","embeddable":true,"href":"https:\/\/www.vibrahotels.com\/blog\/it\/wp-json\/wp\/v2\/tags?post=9910"}],"curies":[{"name":"wp","href":"https:\/\/api.w.org\/{rel}","templated":true}]}}