{"id":9848,"date":"2025-09-12T10:00:27","date_gmt":"2025-09-12T08:00:27","guid":{"rendered":"https:\/\/www.vibrahotels.com\/blog\/?p=9848"},"modified":"2025-09-10T15:16:45","modified_gmt":"2025-09-10T13:16:45","slug":"eclipse-solar-2026-ibiza-mallorca-menorca","status":"publish","type":"post","link":"https:\/\/www.vibrahotels.com\/blog\/it\/eclipse-solar-2026-ibiza-mallorca-menorca\/","title":{"rendered":"Eclissi Solare Totale 2026: Vivi questo fenomeno unico dalle Isole Baleari"},"content":{"rendered":"<p>Il 12 agosto 2026, il cielo delle Isole Baleari sar\u00e0 il palcoscenico di uno spettacolo cosmico irripetibile: un&#8217;eclissi solare totale visibile da Maiorca, Ibiza e Minorca. Un evento astronomico di portata mondiale che potrai vivere sulle rive del Mediterraneo, con la migliore compagnia: <a href=\"https:\/\/www.vibrahotels.com\/es\">Vibra Hotels<\/a>.<\/p>\n<h2>Un&#8217;eclissi totale visibile dalla Spagna per la prima volta in oltre 120 anni<\/h2>\n<p>Questo evento astronomico \u2014 il primo visibile dalla Penisola Iberica dal 1905 \u2014 attirer\u00e0 migliaia di viaggiatori, scienziati e appassionati del cosmo.<br \/>\nL&#8217;eclissi inizier\u00e0 intorno alle 19:35 (ora locale), quando la Luna si allineer\u00e0 con il Sole oscurandolo completamente per alcuni istanti. E nelle Baleari, questo momento avverr\u00e0 proprio al tramonto, sull\u2019orizzonte marino, creando un\u2019immagine che sembrer\u00e0 provenire da un altro mondo.<\/p>\n<p><img loading=\"lazy\" decoding=\"async\" src=\"https:\/\/www.vibrahotels.com\/blog\/wp-content\/uploads\/2025\/09\/shutterstock_1904676487-1-2-scaled.jpg\" alt=\"eclissi 2026 baleari vibra hotels\" width=\"2560\" height=\"1185\" class=\"alignnone size-full wp-image-9838\" srcset=\"https:\/\/www.vibrahotels.com\/blog\/wp-content\/uploads\/2025\/09\/shutterstock_1904676487-1-2-scaled.jpg 2560w, https:\/\/www.vibrahotels.com\/blog\/wp-content\/uploads\/2025\/09\/shutterstock_1904676487-1-2-300x139.jpg 300w, https:\/\/www.vibrahotels.com\/blog\/wp-content\/uploads\/2025\/09\/shutterstock_1904676487-1-2-1024x474.jpg 1024w, https:\/\/www.vibrahotels.com\/blog\/wp-content\/uploads\/2025\/09\/shutterstock_1904676487-1-2-768x355.jpg 768w, https:\/\/www.vibrahotels.com\/blog\/wp-content\/uploads\/2025\/09\/shutterstock_1904676487-1-2-1536x711.jpg 1536w, https:\/\/www.vibrahotels.com\/blog\/wp-content\/uploads\/2025\/09\/shutterstock_1904676487-1-2-2048x948.jpg 2048w\" sizes=\"auto, (max-width: 2560px) 100vw, 2560px\" \/><\/p>\n<h2>Le Isole Baleari: il luogo perfetto per osservare l&#8217;eclissi solare totale<\/h2>\n<p><strong>Eclissi a Maiorca:<\/strong> L\u2019epicentro dell\u2019osservazione<br \/>\nDalla Serra de Tramuntana ai belvedere costieri come Sa Foradada, Formentor o il Puig de Galatz\u00f3, Maiorca offre condizioni ideali per vivere questo momento cosmico immersi nella natura.<\/p>\n<p><strong>Eclissi a Ibiza:<\/strong> Magia, costa ovest e tramonti mozzafiato<br \/>\nL\u2019energia dell\u2019Isla Blanca sar\u00e0 ancora pi\u00f9 intensa durante l\u2019eclissi. Zone come Cala Comte, Es Vedr\u00e0, Cala d\u2019Hort o il Puig des Savinar saranno scenari indimenticabili per vedere il Sole scomparire.<\/p>\n<p><strong>Eclissi a Minorca:<\/strong> Tranquillit\u00e0, cielo limpido e natura pura<br \/>\nMinorca, dichiarata Riserva della Biosfera dall\u2019UNESCO, vanta alcuni dei cieli pi\u00f9 puliti d\u2019Europa. L\u2019eclissi sar\u00e0 visibile da molti punti dell\u2019isola e la scarsa illuminazione artificiale render\u00e0 l\u2019esperienza ancora pi\u00f9 intima e contemplativa.<\/p>\n<h2>Alloggia con Vibra Hotels: vivi l\u2019eclissi con stile e comfort<\/h2>\n<p><a href=\"https:\/\/www.vibrahotels.com\/es\/mallorca\">A Maiorca:<\/a> <strong>Vibra Beverly Playa<\/strong> \u00e8 un hotel fronte mare, perfetto per chi cerca tranquillit\u00e0, natura e tramonti spettacolari. In alternativa, puoi soggiornare al <strong>Vibra Palma Cactus<\/strong>, un hotel moderno e centrale, ideale per combinare l\u2019esperienza astronomica con cultura, gastronomia e vita urbana.<\/p>\n<p><a href=\"https:\/\/www.vibrahotels.com\/es\/ibiza\">A Ibiza:<\/a> L\u2019hotel <strong>Vibra Cala Tarida<\/strong>, situato a pochi passi da una cala iconica, \u00e8 perfetto per godersi l\u2019eclissi e il paesaggio mediterraneo. <strong>Vibra Mare Nostrum<\/strong> offre un\u2019atmosfera vivace e rilassata vicino alla spiaggia \u2014 l\u2019ideale per vivere l\u2019evento senza rinunciare all\u2019energia dell\u2019isola. E infine, la nuova perla della collezione Vibra: <strong>Vibra Yamm<\/strong>, con piscine (anche panoramiche), ristorante e centro benessere. Pensato per chi cerca lusso rilassato e viste uniche al tramonto.<\/p>\n<p><a href=\"https:\/\/www.vibrahotels.com\/es\/menorca\">A Minorca:<\/a> <strong>Aparthotel Vibra Blanc Palace<\/strong> si trova fronte mare e a pochi passi dal centro storico di Ciutadella. Perfetto per coppie o famiglie, offre appartamenti comodi, piscina, ristoranti e un ambiente tranquillo sul mare. La base ideale per godersi l\u2019eclissi senza rinunciare a comfort e natura.<\/p>\n<p><img loading=\"lazy\" decoding=\"async\" src=\"https:\/\/www.vibrahotels.com\/blog\/wp-content\/uploads\/2025\/09\/thumb_1024x768_89745d8b-4867-4941-87d8-d1908c6b14cb.jpg\" alt=\"vibra yamm eclissi 2026\" width=\"1024\" height=\"682\" class=\"alignnone size-full wp-image-9841\" srcset=\"https:\/\/www.vibrahotels.com\/blog\/wp-content\/uploads\/2025\/09\/thumb_1024x768_89745d8b-4867-4941-87d8-d1908c6b14cb.jpg 1024w, https:\/\/www.vibrahotels.com\/blog\/wp-content\/uploads\/2025\/09\/thumb_1024x768_89745d8b-4867-4941-87d8-d1908c6b14cb-300x200.jpg 300w, https:\/\/www.vibrahotels.com\/blog\/wp-content\/uploads\/2025\/09\/thumb_1024x768_89745d8b-4867-4941-87d8-d1908c6b14cb-768x512.jpg 768w\" sizes=\"auto, (max-width: 1024px) 100vw, 1024px\" \/><\/p>\n<h2>Sei pronto a vivere un fenomeno unico nel posto perfetto?<\/h2>\n<p>L\u2019eclissi solare totale del <strong>12 agosto 2026<\/strong> sar\u00e0 un evento che molti ricorderanno per tutta la vita. E nelle Isole Baleari \u2014 con i loro paesaggi, la luce e l\u2019energia speciale \u2014 viverlo sar\u00e0 ancora pi\u00f9 emozionante.<br \/>\nDalle montagne di Maiorca, ai magici scogli di Ibiza, fino alla calma ancestrale di Minorca: scegli la tua isola e preparati a un\u2019esperienza che accade solo una volta ogni secolo.<\/p>\n","protected":false},"excerpt":{"rendered":"<p>Vivi l\u2019eclissi solare totale 2026 da Maiorca, Ibiza o Minorca con Vibra Hotels. Scopri i migliori luoghi e hotel per goderne al massimo.<\/p>\n","protected":false},"author":1,"featured_media":9837,"comment_status":"open","ping_status":"open","sticky":false,"template":"","format":"standard","meta":{"footnotes":""},"categories":[1532],"tags":[],"class_list":["post-9848","post","type-post","status-publish","format-standard","has-post-thumbnail","hentry","category-piani-ibiza"],"yoast_head":"<!-- This site is optimized with the Yoast SEO plugin v27.4 - https:\/\/yoast.com\/product\/yoast-seo-wordpress\/ -->\n<title>Eclissi Solare Totale 2026: Vivi questo fenomeno unico dalle Isole Baleari - Islander by Vibra Hotels<\/title>\n<meta name=\"robots\" content=\"index, follow, max-snippet:-1, max-image-preview:large, max-video-preview:-1\" \/>\n<link rel=\"canonical\" href=\"https:\/\/www.vibrahotels.com\/blog\/it\/eclipse-solar-2026-ibiza-mallorca-menorca\/\" \/>\n<meta property=\"og:locale\" content=\"it_IT\" \/>\n<meta property=\"og:type\" content=\"article\" \/>\n<meta property=\"og:title\" content=\"Eclissi Solare Totale 2026: Vivi questo fenomeno unico dalle Isole Baleari - Islander by Vibra Hotels\" \/>\n<meta property=\"og:description\" content=\"Vivi l\u2019eclissi solare totale 2026 da Maiorca, Ibiza o Minorca con Vibra Hotels. Scopri i migliori luoghi e hotel per goderne al massimo.\" \/>\n<meta property=\"og:url\" content=\"https:\/\/www.vibrahotels.com\/blog\/it\/eclipse-solar-2026-ibiza-mallorca-menorca\/\" \/>\n<meta property=\"og:site_name\" content=\"Islander by Vibra Hotels\" \/>\n<meta property=\"article:published_time\" content=\"2025-09-12T08:00:27+00:00\" \/>\n<meta property=\"og:image\" content=\"https:\/\/www.vibrahotels.com\/blog\/wp-content\/uploads\/2025\/09\/shutterstock_2655390683-1.jpg\" \/>\n\t<meta property=\"og:image:width\" content=\"600\" \/>\n\t<meta property=\"og:image:height\" content=\"800\" \/>\n\t<meta property=\"og:image:type\" content=\"image\/jpeg\" \/>\n<meta name=\"author\" content=\"The Ibiza Blog\" \/>\n<meta name=\"twitter:card\" content=\"summary_large_image\" \/>\n<meta name=\"twitter:label1\" content=\"Scritto da\" \/>\n\t<meta name=\"twitter:data1\" content=\"The Ibiza Blog\" \/>\n\t<meta name=\"twitter:label2\" content=\"Tempo di lettura stimato\" \/>\n\t<meta name=\"twitter:data2\" content=\"3 minuti\" \/>\n<script type=\"application\/ld+json\" class=\"yoast-schema-graph\">{\"@context\":\"https:\\\/\\\/schema.org\",\"@graph\":[{\"@type\":\"Article\",\"@id\":\"https:\\\/\\\/www.vibrahotels.com\\\/blog\\\/it\\\/eclipse-solar-2026-ibiza-mallorca-menorca\\\/#article\",\"isPartOf\":{\"@id\":\"https:\\\/\\\/www.vibrahotels.com\\\/blog\\\/it\\\/eclipse-solar-2026-ibiza-mallorca-menorca\\\/\"},\"author\":{\"name\":\"The Ibiza Blog\",\"@id\":\"https:\\\/\\\/www.vibrahotels.com\\\/blog\\\/it\\\/#\\\/schema\\\/person\\\/ad74f13df6e44e7081ef65424f668972\"},\"headline\":\"Eclissi Solare Totale 2026: Vivi questo fenomeno unico dalle Isole Baleari\",\"datePublished\":\"2025-09-12T08:00:27+00:00\",\"mainEntityOfPage\":{\"@id\":\"https:\\\/\\\/www.vibrahotels.com\\\/blog\\\/it\\\/eclipse-solar-2026-ibiza-mallorca-menorca\\\/\"},\"wordCount\":515,\"commentCount\":0,\"image\":{\"@id\":\"https:\\\/\\\/www.vibrahotels.com\\\/blog\\\/it\\\/eclipse-solar-2026-ibiza-mallorca-menorca\\\/#primaryimage\"},\"thumbnailUrl\":\"https:\\\/\\\/www.vibrahotels.com\\\/blog\\\/wp-content\\\/uploads\\\/2025\\\/09\\\/shutterstock_2655390683-1.jpg\",\"articleSection\":[\"Piani Ibiza\"],\"inLanguage\":\"it-IT\",\"potentialAction\":[{\"@type\":\"CommentAction\",\"name\":\"Comment\",\"target\":[\"https:\\\/\\\/www.vibrahotels.com\\\/blog\\\/it\\\/eclipse-solar-2026-ibiza-mallorca-menorca\\\/#respond\"]}]},{\"@type\":\"WebPage\",\"@id\":\"https:\\\/\\\/www.vibrahotels.com\\\/blog\\\/it\\\/eclipse-solar-2026-ibiza-mallorca-menorca\\\/\",\"url\":\"https:\\\/\\\/www.vibrahotels.com\\\/blog\\\/it\\\/eclipse-solar-2026-ibiza-mallorca-menorca\\\/\",\"name\":\"Eclissi Solare Totale 2026: Vivi questo fenomeno unico dalle Isole Baleari - Islander by Vibra Hotels\",\"isPartOf\":{\"@id\":\"https:\\\/\\\/www.vibrahotels.com\\\/blog\\\/it\\\/#website\"},\"primaryImageOfPage\":{\"@id\":\"https:\\\/\\\/www.vibrahotels.com\\\/blog\\\/it\\\/eclipse-solar-2026-ibiza-mallorca-menorca\\\/#primaryimage\"},\"image\":{\"@id\":\"https:\\\/\\\/www.vibrahotels.com\\\/blog\\\/it\\\/eclipse-solar-2026-ibiza-mallorca-menorca\\\/#primaryimage\"},\"thumbnailUrl\":\"https:\\\/\\\/www.vibrahotels.com\\\/blog\\\/wp-content\\\/uploads\\\/2025\\\/09\\\/shutterstock_2655390683-1.jpg\",\"datePublished\":\"2025-09-12T08:00:27+00:00\",\"author\":{\"@id\":\"https:\\\/\\\/www.vibrahotels.com\\\/blog\\\/it\\\/#\\\/schema\\\/person\\\/ad74f13df6e44e7081ef65424f668972\"},\"breadcrumb\":{\"@id\":\"https:\\\/\\\/www.vibrahotels.com\\\/blog\\\/it\\\/eclipse-solar-2026-ibiza-mallorca-menorca\\\/#breadcrumb\"},\"inLanguage\":\"it-IT\",\"potentialAction\":[{\"@type\":\"ReadAction\",\"target\":[\"https:\\\/\\\/www.vibrahotels.com\\\/blog\\\/it\\\/eclipse-solar-2026-ibiza-mallorca-menorca\\\/\"]}]},{\"@type\":\"ImageObject\",\"inLanguage\":\"it-IT\",\"@id\":\"https:\\\/\\\/www.vibrahotels.com\\\/blog\\\/it\\\/eclipse-solar-2026-ibiza-mallorca-menorca\\\/#primaryimage\",\"url\":\"https:\\\/\\\/www.vibrahotels.com\\\/blog\\\/wp-content\\\/uploads\\\/2025\\\/09\\\/shutterstock_2655390683-1.jpg\",\"contentUrl\":\"https:\\\/\\\/www.vibrahotels.com\\\/blog\\\/wp-content\\\/uploads\\\/2025\\\/09\\\/shutterstock_2655390683-1.jpg\",\"width\":600,\"height\":800,\"caption\":\"eclipse 2026 baleares vibra hotels\"},{\"@type\":\"BreadcrumbList\",\"@id\":\"https:\\\/\\\/www.vibrahotels.com\\\/blog\\\/it\\\/eclipse-solar-2026-ibiza-mallorca-menorca\\\/#breadcrumb\",\"itemListElement\":[{\"@type\":\"ListItem\",\"position\":1,\"name\":\"Portada\",\"item\":\"https:\\\/\\\/www.vibrahotels.com\\\/blog\\\/it\\\/\"},{\"@type\":\"ListItem\",\"position\":2,\"name\":\"Eclissi Solare Totale 2026: Vivi questo fenomeno unico dalle Isole Baleari\"}]},{\"@type\":\"WebSite\",\"@id\":\"https:\\\/\\\/www.vibrahotels.com\\\/blog\\\/it\\\/#website\",\"url\":\"https:\\\/\\\/www.vibrahotels.com\\\/blog\\\/it\\\/\",\"name\":\"Islander by Vibra Hotels\",\"description\":\"\",\"potentialAction\":[{\"@type\":\"SearchAction\",\"target\":{\"@type\":\"EntryPoint\",\"urlTemplate\":\"https:\\\/\\\/www.vibrahotels.com\\\/blog\\\/it\\\/?s={search_term_string}\"},\"query-input\":{\"@type\":\"PropertyValueSpecification\",\"valueRequired\":true,\"valueName\":\"search_term_string\"}}],\"inLanguage\":\"it-IT\"},{\"@type\":\"Person\",\"@id\":\"https:\\\/\\\/www.vibrahotels.com\\\/blog\\\/it\\\/#\\\/schema\\\/person\\\/ad74f13df6e44e7081ef65424f668972\",\"name\":\"The Ibiza Blog\",\"image\":{\"@type\":\"ImageObject\",\"inLanguage\":\"it-IT\",\"@id\":\"https:\\\/\\\/secure.gravatar.com\\\/avatar\\\/d172713df318fe4ba11547ee4a70ab1eae0206026db57d7a5920186b9f5ee855?s=96&d=mm&r=g\",\"url\":\"https:\\\/\\\/secure.gravatar.com\\\/avatar\\\/d172713df318fe4ba11547ee4a70ab1eae0206026db57d7a5920186b9f5ee855?s=96&d=mm&r=g\",\"contentUrl\":\"https:\\\/\\\/secure.gravatar.com\\\/avatar\\\/d172713df318fe4ba11547ee4a70ab1eae0206026db57d7a5920186b9f5ee855?s=96&d=mm&r=g\",\"caption\":\"The Ibiza Blog\"},\"url\":\"https:\\\/\\\/www.vibrahotels.com\\\/blog\\\/it\\\/author\\\/the-ibiza-blog\\\/\"}]}<\/script>\n<!-- \/ Yoast SEO plugin. -->","yoast_head_json":{"title":"Eclissi Solare Totale 2026: Vivi questo fenomeno unico dalle Isole Baleari - Islander by Vibra Hotels","robots":{"index":"index","follow":"follow","max-snippet":"max-snippet:-1","max-image-preview":"max-image-preview:large","max-video-preview":"max-video-preview:-1"},"canonical":"https:\/\/www.vibrahotels.com\/blog\/it\/eclipse-solar-2026-ibiza-mallorca-menorca\/","og_locale":"it_IT","og_type":"article","og_title":"Eclissi Solare Totale 2026: Vivi questo fenomeno unico dalle Isole Baleari - Islander by Vibra Hotels","og_description":"Vivi l\u2019eclissi solare totale 2026 da Maiorca, Ibiza o Minorca con Vibra Hotels. Scopri i migliori luoghi e hotel per goderne al massimo.","og_url":"https:\/\/www.vibrahotels.com\/blog\/it\/eclipse-solar-2026-ibiza-mallorca-menorca\/","og_site_name":"Islander by Vibra Hotels","article_published_time":"2025-09-12T08:00:27+00:00","og_image":[{"width":600,"height":800,"url":"https:\/\/www.vibrahotels.com\/blog\/wp-content\/uploads\/2025\/09\/shutterstock_2655390683-1.jpg","type":"image\/jpeg"}],"author":"The Ibiza Blog","twitter_card":"summary_large_image","twitter_misc":{"Scritto da":"The Ibiza Blog","Tempo di lettura stimato":"3 minuti"},"schema":{"@context":"https:\/\/schema.org","@graph":[{"@type":"Article","@id":"https:\/\/www.vibrahotels.com\/blog\/it\/eclipse-solar-2026-ibiza-mallorca-menorca\/#article","isPartOf":{"@id":"https:\/\/www.vibrahotels.com\/blog\/it\/eclipse-solar-2026-ibiza-mallorca-menorca\/"},"author":{"name":"The Ibiza Blog","@id":"https:\/\/www.vibrahotels.com\/blog\/it\/#\/schema\/person\/ad74f13df6e44e7081ef65424f668972"},"headline":"Eclissi Solare Totale 2026: Vivi questo fenomeno unico dalle Isole Baleari","datePublished":"2025-09-12T08:00:27+00:00","mainEntityOfPage":{"@id":"https:\/\/www.vibrahotels.com\/blog\/it\/eclipse-solar-2026-ibiza-mallorca-menorca\/"},"wordCount":515,"commentCount":0,"image":{"@id":"https:\/\/www.vibrahotels.com\/blog\/it\/eclipse-solar-2026-ibiza-mallorca-menorca\/#primaryimage"},"thumbnailUrl":"https:\/\/www.vibrahotels.com\/blog\/wp-content\/uploads\/2025\/09\/shutterstock_2655390683-1.jpg","articleSection":["Piani Ibiza"],"inLanguage":"it-IT","potentialAction":[{"@type":"CommentAction","name":"Comment","target":["https:\/\/www.vibrahotels.com\/blog\/it\/eclipse-solar-2026-ibiza-mallorca-menorca\/#respond"]}]},{"@type":"WebPage","@id":"https:\/\/www.vibrahotels.com\/blog\/it\/eclipse-solar-2026-ibiza-mallorca-menorca\/","url":"https:\/\/www.vibrahotels.com\/blog\/it\/eclipse-solar-2026-ibiza-mallorca-menorca\/","name":"Eclissi Solare Totale 2026: Vivi questo fenomeno unico dalle Isole Baleari - Islander by Vibra Hotels","isPartOf":{"@id":"https:\/\/www.vibrahotels.com\/blog\/it\/#website"},"primaryImageOfPage":{"@id":"https:\/\/www.vibrahotels.com\/blog\/it\/eclipse-solar-2026-ibiza-mallorca-menorca\/#primaryimage"},"image":{"@id":"https:\/\/www.vibrahotels.com\/blog\/it\/eclipse-solar-2026-ibiza-mallorca-menorca\/#primaryimage"},"thumbnailUrl":"https:\/\/www.vibrahotels.com\/blog\/wp-content\/uploads\/2025\/09\/shutterstock_2655390683-1.jpg","datePublished":"2025-09-12T08:00:27+00:00","author":{"@id":"https:\/\/www.vibrahotels.com\/blog\/it\/#\/schema\/person\/ad74f13df6e44e7081ef65424f668972"},"breadcrumb":{"@id":"https:\/\/www.vibrahotels.com\/blog\/it\/eclipse-solar-2026-ibiza-mallorca-menorca\/#breadcrumb"},"inLanguage":"it-IT","potentialAction":[{"@type":"ReadAction","target":["https:\/\/www.vibrahotels.com\/blog\/it\/eclipse-solar-2026-ibiza-mallorca-menorca\/"]}]},{"@type":"ImageObject","inLanguage":"it-IT","@id":"https:\/\/www.vibrahotels.com\/blog\/it\/eclipse-solar-2026-ibiza-mallorca-menorca\/#primaryimage","url":"https:\/\/www.vibrahotels.com\/blog\/wp-content\/uploads\/2025\/09\/shutterstock_2655390683-1.jpg","contentUrl":"https:\/\/www.vibrahotels.com\/blog\/wp-content\/uploads\/2025\/09\/shutterstock_2655390683-1.jpg","width":600,"height":800,"caption":"eclipse 2026 baleares vibra hotels"},{"@type":"BreadcrumbList","@id":"https:\/\/www.vibrahotels.com\/blog\/it\/eclipse-solar-2026-ibiza-mallorca-menorca\/#breadcrumb","itemListElement":[{"@type":"ListItem","position":1,"name":"Portada","item":"https:\/\/www.vibrahotels.com\/blog\/it\/"},{"@type":"ListItem","position":2,"name":"Eclissi Solare Totale 2026: Vivi questo fenomeno unico dalle Isole Baleari"}]},{"@type":"WebSite","@id":"https:\/\/www.vibrahotels.com\/blog\/it\/#website","url":"https:\/\/www.vibrahotels.com\/blog\/it\/","name":"Islander by Vibra Hotels","description":"","potentialAction":[{"@type":"SearchAction","target":{"@type":"EntryPoint","urlTemplate":"https:\/\/www.vibrahotels.com\/blog\/it\/?s={search_term_string}"},"query-input":{"@type":"PropertyValueSpecification","valueRequired":true,"valueName":"search_term_string"}}],"inLanguage":"it-IT"},{"@type":"Person","@id":"https:\/\/www.vibrahotels.com\/blog\/it\/#\/schema\/person\/ad74f13df6e44e7081ef65424f668972","name":"The Ibiza Blog","image":{"@type":"ImageObject","inLanguage":"it-IT","@id":"https:\/\/secure.gravatar.com\/avatar\/d172713df318fe4ba11547ee4a70ab1eae0206026db57d7a5920186b9f5ee855?s=96&d=mm&r=g","url":"https:\/\/secure.gravatar.com\/avatar\/d172713df318fe4ba11547ee4a70ab1eae0206026db57d7a5920186b9f5ee855?s=96&d=mm&r=g","contentUrl":"https:\/\/secure.gravatar.com\/avatar\/d172713df318fe4ba11547ee4a70ab1eae0206026db57d7a5920186b9f5ee855?s=96&d=mm&r=g","caption":"The Ibiza Blog"},"url":"https:\/\/www.vibrahotels.com\/blog\/it\/author\/the-ibiza-blog\/"}]}},"_links":{"self":[{"href":"https:\/\/www.vibrahotels.com\/blog\/it\/wp-json\/wp\/v2\/posts\/9848","targetHints":{"allow":["GET"]}}],"collection":[{"href":"https:\/\/www.vibrahotels.com\/blog\/it\/wp-json\/wp\/v2\/posts"}],"about":[{"href":"https:\/\/www.vibrahotels.com\/blog\/it\/wp-json\/wp\/v2\/types\/post"}],"author":[{"embeddable":true,"href":"https:\/\/www.vibrahotels.com\/blog\/it\/wp-json\/wp\/v2\/users\/1"}],"replies":[{"embeddable":true,"href":"https:\/\/www.vibrahotels.com\/blog\/it\/wp-json\/wp\/v2\/comments?post=9848"}],"version-history":[{"count":1,"href":"https:\/\/www.vibrahotels.com\/blog\/it\/wp-json\/wp\/v2\/posts\/9848\/revisions"}],"predecessor-version":[{"id":9850,"href":"https:\/\/www.vibrahotels.com\/blog\/it\/wp-json\/wp\/v2\/posts\/9848\/revisions\/9850"}],"wp:featuredmedia":[{"embeddable":true,"href":"https:\/\/www.vibrahotels.com\/blog\/it\/wp-json\/wp\/v2\/media\/9837"}],"wp:attachment":[{"href":"https:\/\/www.vibrahotels.com\/blog\/it\/wp-json\/wp\/v2\/media?parent=9848"}],"wp:term":[{"taxonomy":"category","embeddable":true,"href":"https:\/\/www.vibrahotels.com\/blog\/it\/wp-json\/wp\/v2\/categories?post=9848"},{"taxonomy":"post_tag","embeddable":true,"href":"https:\/\/www.vibrahotels.com\/blog\/it\/wp-json\/wp\/v2\/tags?post=9848"}],"curies":[{"name":"wp","href":"https:\/\/api.w.org\/{rel}","templated":true}]}}