{"id":9763,"date":"2025-08-01T10:54:26","date_gmt":"2025-08-01T08:54:26","guid":{"rendered":"https:\/\/www.vibrahotels.com\/blog\/?p=9763"},"modified":"2025-08-01T10:54:26","modified_gmt":"2025-08-01T08:54:26","slug":"vibra-hotels-apertura-yamm-ibiza","status":"publish","type":"post","link":"https:\/\/www.vibrahotels.com\/blog\/it\/vibra-hotels-apertura-yamm-ibiza\/","title":{"rendered":"Scopri Vibra Yamm, la nuova gemma di Vibra Hotels a Ibiza."},"content":{"rendered":"<p>Ci sono luoghi nel mondo dove il sole se ne va senza fare rumore.<br \/>\nE poi c\u2019\u00e8 Ibiza, dove ogni <a href=\"https:\/\/www.vibrahotels.com\/blog\/it\/?p=9690\">tramonto<\/a> \u00e8 uno spettacolo, una cerimonia che ferma il tempo e dipinge il cielo con tonalit\u00e0 impossibili.<\/p>\n<p>Dalle mitiche viste di Es Vedr\u00e0 ai chill-out di Benirr\u00e0s fino alle leggendarie terrazze del Sunset Strip a San Antonio, l\u2019isola si \u00e8 consacrata come una delle mete imprescindibili per gli amanti del crepuscolo. Ma tra tutte queste location iconiche, c\u2019\u00e8 un nuovo angolo che promette di ridefinire il tramonto a Ibiza.<\/p>\n<p>Questo <strong>1 agosto<\/strong> <strong>Vibra Hotels<\/strong> presenta il suo gioiello pi\u00f9 recente: <strong>Vibra Yamm<\/strong>, un hotel unico sull\u2019iconico Sunset Strip di San Antonio, Ibiza. Questa nuova apertura ridefinisce l\u2019esperienza sull\u2019isola con una proposta divisa in due spazi complementari: <strong>Vibra Yamm Sunset e Vibra Yamm Urban.<\/strong><\/p>\n<p><img loading=\"lazy\" decoding=\"async\" src=\"https:\/\/www.vibrahotels.com\/blog\/wp-content\/uploads\/2025\/07\/Image-40-1.jpg\" alt=\"apertura vibra yamm hotel ibiza\" width=\"875\" height=\"599\" class=\"alignnone size-full wp-image-9754\" srcset=\"https:\/\/www.vibrahotels.com\/blog\/wp-content\/uploads\/2025\/07\/Image-40-1.jpg 875w, https:\/\/www.vibrahotels.com\/blog\/wp-content\/uploads\/2025\/07\/Image-40-1-300x205.jpg 300w, https:\/\/www.vibrahotels.com\/blog\/wp-content\/uploads\/2025\/07\/Image-40-1-768x526.jpg 768w\" sizes=\"auto, (max-width: 875px) 100vw, 875px\" \/><\/p>\n<h2>Vibra Yamm: pi\u00f9 di un hotel, il regno di un mito<\/h2>\n<p>Yamm non \u00e8 solo un nome: \u00e8 una storia sommersa nelle profondit\u00e0 del Mediterraneo. Ispirato all\u2019antico dio del mare e delle forze primordiali, <strong>Vibra Yamm<\/strong> nasce come un tempio moderno dove gli ospiti non vengono a controllare il tempo, ma a dissolversi in esso.<br \/>\nOgni spazio dell\u2019hotel \u00e8 una manifestazione dell\u2019anima marina: mistero, guarigione, transizione e luce.<\/p>\n<p><img loading=\"lazy\" decoding=\"async\" src=\"https:\/\/www.vibrahotels.com\/blog\/wp-content\/uploads\/2025\/07\/thumb_2048x1536_f9de71b1-8e99-4264-9f27-9f79659bfc87.jpg\" alt=\"apertura vibra yamm ibiza tramonto\" width=\"1920\" height=\"1439\" class=\"alignnone size-full wp-image-9744\" srcset=\"https:\/\/www.vibrahotels.com\/blog\/wp-content\/uploads\/2025\/07\/thumb_2048x1536_f9de71b1-8e99-4264-9f27-9f79659bfc87.jpg 1920w, https:\/\/www.vibrahotels.com\/blog\/wp-content\/uploads\/2025\/07\/thumb_2048x1536_f9de71b1-8e99-4264-9f27-9f79659bfc87-300x225.jpg 300w, https:\/\/www.vibrahotels.com\/blog\/wp-content\/uploads\/2025\/07\/thumb_2048x1536_f9de71b1-8e99-4264-9f27-9f79659bfc87-1024x767.jpg 1024w, https:\/\/www.vibrahotels.com\/blog\/wp-content\/uploads\/2025\/07\/thumb_2048x1536_f9de71b1-8e99-4264-9f27-9f79659bfc87-768x576.jpg 768w, https:\/\/www.vibrahotels.com\/blog\/wp-content\/uploads\/2025\/07\/thumb_2048x1536_f9de71b1-8e99-4264-9f27-9f79659bfc87-1536x1151.jpg 1536w\" sizes=\"auto, (max-width: 1920px) 100vw, 1920px\" \/><\/p>\n<h2><a href=\"https:\/\/www.vibrahotels.com\/es\/ibiza\/san-antonio\/hotel-vibra-yamm-sunset\">Yamm Sunset:<\/a> il tuo nuovo modo di vedere il tramonto<\/h2>\n<p>Affacciato sul mare e nel cuore del Sunset Strip, \u00e8 destinato a diventare il luogo migliore per ammirare il tramonto pi\u00f9 famoso del Mediterraneo.<\/p>\n<p>Dal rooftop <strong>Dusk by Yamm<\/strong>, i colori del cielo si fondono con il mare in un rituale quotidiano dove la luce danza con l\u2019acqua. Musica soft, cocktail vibranti e un\u2019atmosfera sospesa ti invitano a vivere un tramonto che non si racconta: si sente.<\/p>\n<p>Rilassati negli spazi all\u2019aperto, cena con vista da <strong>Aura<\/strong>, la terrazza dorata sul mare, o lascia semplicemente che la brezza ti porti via. Qui il tempo non corre: fluttua. Qui si cena con l\u2019orizzonte come tela e il tempo come spettatore. Tutto \u00e8 dorato, caldo, sospeso: una bellezza che non grida, che semplicemente accade.<\/p>\n<h2><a href=\"https:\/\/www.vibrahotels.com\/es\/ibiza\/san-antonio\/hotel-vibra-yamm-urban\">Yamm Urban:<\/a> design, sapore e segreto nel cuore di San Antonio<\/h2>\n<p>A pochi passi dalla costa, <strong>Vibra Yamm Urban<\/strong> \u00e8 un rifugio moderno con un\u2019anima sensoriale.<br \/>\nIl suo ristorante terrazza, <strong>Sirr<\/strong>, \u00e8 uno spazio sacro dove il mare sussurra antichi segreti tra piatti dai sapori evocativi.<br \/>\nE nella sua area benessere, <strong>Nammu<\/strong>, il rumore del mondo si ferma: un santuario di guarigione ispirato alla dea dell\u2019oceano primordiale, con rituali d\u2019acqua, vapore e silenzio che riconnettono corpo e anima.<br \/>\nE quando cala la notte, l\u2019esperienza continua da <strong>Dietro al Sole<\/strong>, una trattoria con anima italiana e cuore ibizenco.<\/p>\n<p><img loading=\"lazy\" decoding=\"async\" src=\"https:\/\/www.vibrahotels.com\/blog\/wp-content\/uploads\/2025\/07\/thumb_1024x768_067d1393-e213-4f28-b738-6e55d295e6cb-1.jpg\" alt=\"apertura nuovo hotel vibra hotels, vibra yamm\" width=\"999\" height=\"768\" class=\"alignnone size-full wp-image-9758\" srcset=\"https:\/\/www.vibrahotels.com\/blog\/wp-content\/uploads\/2025\/07\/thumb_1024x768_067d1393-e213-4f28-b738-6e55d295e6cb-1.jpg 999w, https:\/\/www.vibrahotels.com\/blog\/wp-content\/uploads\/2025\/07\/thumb_1024x768_067d1393-e213-4f28-b738-6e55d295e6cb-1-300x231.jpg 300w, https:\/\/www.vibrahotels.com\/blog\/wp-content\/uploads\/2025\/07\/thumb_1024x768_067d1393-e213-4f28-b738-6e55d295e6cb-1-768x590.jpg 768w\" sizes=\"auto, (max-width: 999px) 100vw, 999px\" \/><\/p>\n<h2>Una proposta vibrante, una posizione perfetta<\/h2>\n<p><strong>Vibra Yamm<\/strong> combina design contemporaneo, comfort ed essenza isolana.<br \/>\nChe tu cerchi riposo o immersione nella vibrante vita notturna di Ibiza, qui trovi l\u2019equilibrio perfetto. La sua posizione strategica ti permette di muoverti tra la calma delle sue terrazze e l\u2019energia dei migliori beach club e locali di San Antonio.<\/p>\n<p><img loading=\"lazy\" decoding=\"async\" src=\"https:\/\/www.vibrahotels.com\/blog\/wp-content\/uploads\/2025\/07\/thumb_2048x1536_f65bdd4b-2518-4b36-8a68-0431cfad0fa3.jpg\" alt=\"apertura vibra yamm ibiza tramonto\" width=\"800\" height=\"445\" class=\"alignnone size-full wp-image-9747\" srcset=\"https:\/\/www.vibrahotels.com\/blog\/wp-content\/uploads\/2025\/07\/thumb_2048x1536_f65bdd4b-2518-4b36-8a68-0431cfad0fa3.jpg 800w, https:\/\/www.vibrahotels.com\/blog\/wp-content\/uploads\/2025\/07\/thumb_2048x1536_f65bdd4b-2518-4b36-8a68-0431cfad0fa3-300x167.jpg 300w, https:\/\/www.vibrahotels.com\/blog\/wp-content\/uploads\/2025\/07\/thumb_2048x1536_f65bdd4b-2518-4b36-8a68-0431cfad0fa3-768x427.jpg 768w\" sizes=\"auto, (max-width: 800px) 100vw, 800px\" \/><\/p>\n<p>Dimentica il solito. <strong>Vibra Yamm<\/strong> \u00e8 il luogo dove tutto inizia a sentirsi diverso. Pronto a vibrare diversamente?<\/p>\n","protected":false},"excerpt":{"rendered":"<p>Vibra Yamm arriva a Ibiza: il nuovo hotel di Vibra Hotels con viste incredibili sui tramonti di Ibiza. Stile, energia e vacanze indimenticabili.<\/p>\n","protected":false},"author":1,"featured_media":9749,"comment_status":"open","ping_status":"open","sticky":false,"template":"","format":"standard","meta":{"footnotes":""},"categories":[1555,1532,1552],"tags":[],"class_list":["post-9763","post","type-post","status-publish","format-standard","has-post-thumbnail","hentry","category-living-vibra-it","category-piani-ibiza","category-travel-it"],"yoast_head":"<!-- This site is optimized with the Yoast SEO plugin v27.4 - https:\/\/yoast.com\/product\/yoast-seo-wordpress\/ -->\n<title>Scopri Vibra Yamm, la nuova gemma di Vibra Hotels a Ibiza. - Islander by Vibra Hotels<\/title>\n<meta name=\"robots\" content=\"index, follow, max-snippet:-1, max-image-preview:large, max-video-preview:-1\" \/>\n<link rel=\"canonical\" href=\"https:\/\/www.vibrahotels.com\/blog\/it\/vibra-hotels-apertura-yamm-ibiza\/\" \/>\n<meta property=\"og:locale\" content=\"it_IT\" \/>\n<meta property=\"og:type\" content=\"article\" \/>\n<meta property=\"og:title\" content=\"Scopri Vibra Yamm, la nuova gemma di Vibra Hotels a Ibiza. - Islander by Vibra Hotels\" \/>\n<meta property=\"og:description\" content=\"Vibra Yamm arriva a Ibiza: il nuovo hotel di Vibra Hotels con viste incredibili sui tramonti di Ibiza. Stile, energia e vacanze indimenticabili.\" \/>\n<meta property=\"og:url\" content=\"https:\/\/www.vibrahotels.com\/blog\/it\/vibra-hotels-apertura-yamm-ibiza\/\" \/>\n<meta property=\"og:site_name\" content=\"Islander by Vibra Hotels\" \/>\n<meta property=\"article:published_time\" content=\"2025-08-01T08:54:26+00:00\" \/>\n<meta property=\"og:image\" content=\"https:\/\/www.vibrahotels.com\/blog\/wp-content\/uploads\/2025\/07\/thumb_2048x1536_f65bdd4b-2518-4b36-8a68-0431cfad0fa3.jpg\" \/>\n\t<meta property=\"og:image:width\" content=\"800\" \/>\n\t<meta property=\"og:image:height\" content=\"445\" \/>\n\t<meta property=\"og:image:type\" content=\"image\/jpeg\" \/>\n<meta name=\"author\" content=\"The Ibiza Blog\" \/>\n<meta name=\"twitter:card\" content=\"summary_large_image\" \/>\n<meta name=\"twitter:label1\" content=\"Scritto da\" \/>\n\t<meta name=\"twitter:data1\" content=\"The Ibiza Blog\" \/>\n\t<meta name=\"twitter:label2\" content=\"Tempo di lettura stimato\" \/>\n\t<meta name=\"twitter:data2\" content=\"3 minuti\" \/>\n<script type=\"application\/ld+json\" class=\"yoast-schema-graph\">{\"@context\":\"https:\\\/\\\/schema.org\",\"@graph\":[{\"@type\":\"Article\",\"@id\":\"https:\\\/\\\/www.vibrahotels.com\\\/blog\\\/it\\\/vibra-hotels-apertura-yamm-ibiza\\\/#article\",\"isPartOf\":{\"@id\":\"https:\\\/\\\/www.vibrahotels.com\\\/blog\\\/it\\\/vibra-hotels-apertura-yamm-ibiza\\\/\"},\"author\":{\"name\":\"The Ibiza Blog\",\"@id\":\"https:\\\/\\\/www.vibrahotels.com\\\/blog\\\/it\\\/#\\\/schema\\\/person\\\/ad74f13df6e44e7081ef65424f668972\"},\"headline\":\"Scopri Vibra Yamm, la nuova gemma di Vibra Hotels a Ibiza.\",\"datePublished\":\"2025-08-01T08:54:26+00:00\",\"mainEntityOfPage\":{\"@id\":\"https:\\\/\\\/www.vibrahotels.com\\\/blog\\\/it\\\/vibra-hotels-apertura-yamm-ibiza\\\/\"},\"wordCount\":521,\"commentCount\":0,\"image\":{\"@id\":\"https:\\\/\\\/www.vibrahotels.com\\\/blog\\\/it\\\/vibra-hotels-apertura-yamm-ibiza\\\/#primaryimage\"},\"thumbnailUrl\":\"https:\\\/\\\/www.vibrahotels.com\\\/blog\\\/wp-content\\\/uploads\\\/2025\\\/07\\\/thumb_2048x1536_f65bdd4b-2518-4b36-8a68-0431cfad0fa3.jpg\",\"articleSection\":[\"Living Vibra\",\"Piani Ibiza\",\"Travel\"],\"inLanguage\":\"it-IT\",\"potentialAction\":[{\"@type\":\"CommentAction\",\"name\":\"Comment\",\"target\":[\"https:\\\/\\\/www.vibrahotels.com\\\/blog\\\/it\\\/vibra-hotels-apertura-yamm-ibiza\\\/#respond\"]}]},{\"@type\":\"WebPage\",\"@id\":\"https:\\\/\\\/www.vibrahotels.com\\\/blog\\\/it\\\/vibra-hotels-apertura-yamm-ibiza\\\/\",\"url\":\"https:\\\/\\\/www.vibrahotels.com\\\/blog\\\/it\\\/vibra-hotels-apertura-yamm-ibiza\\\/\",\"name\":\"Scopri Vibra Yamm, la nuova gemma di Vibra Hotels a Ibiza. - Islander by Vibra Hotels\",\"isPartOf\":{\"@id\":\"https:\\\/\\\/www.vibrahotels.com\\\/blog\\\/it\\\/#website\"},\"primaryImageOfPage\":{\"@id\":\"https:\\\/\\\/www.vibrahotels.com\\\/blog\\\/it\\\/vibra-hotels-apertura-yamm-ibiza\\\/#primaryimage\"},\"image\":{\"@id\":\"https:\\\/\\\/www.vibrahotels.com\\\/blog\\\/it\\\/vibra-hotels-apertura-yamm-ibiza\\\/#primaryimage\"},\"thumbnailUrl\":\"https:\\\/\\\/www.vibrahotels.com\\\/blog\\\/wp-content\\\/uploads\\\/2025\\\/07\\\/thumb_2048x1536_f65bdd4b-2518-4b36-8a68-0431cfad0fa3.jpg\",\"datePublished\":\"2025-08-01T08:54:26+00:00\",\"author\":{\"@id\":\"https:\\\/\\\/www.vibrahotels.com\\\/blog\\\/it\\\/#\\\/schema\\\/person\\\/ad74f13df6e44e7081ef65424f668972\"},\"breadcrumb\":{\"@id\":\"https:\\\/\\\/www.vibrahotels.com\\\/blog\\\/it\\\/vibra-hotels-apertura-yamm-ibiza\\\/#breadcrumb\"},\"inLanguage\":\"it-IT\",\"potentialAction\":[{\"@type\":\"ReadAction\",\"target\":[\"https:\\\/\\\/www.vibrahotels.com\\\/blog\\\/it\\\/vibra-hotels-apertura-yamm-ibiza\\\/\"]}]},{\"@type\":\"ImageObject\",\"inLanguage\":\"it-IT\",\"@id\":\"https:\\\/\\\/www.vibrahotels.com\\\/blog\\\/it\\\/vibra-hotels-apertura-yamm-ibiza\\\/#primaryimage\",\"url\":\"https:\\\/\\\/www.vibrahotels.com\\\/blog\\\/wp-content\\\/uploads\\\/2025\\\/07\\\/thumb_2048x1536_f65bdd4b-2518-4b36-8a68-0431cfad0fa3.jpg\",\"contentUrl\":\"https:\\\/\\\/www.vibrahotels.com\\\/blog\\\/wp-content\\\/uploads\\\/2025\\\/07\\\/thumb_2048x1536_f65bdd4b-2518-4b36-8a68-0431cfad0fa3.jpg\",\"width\":800,\"height\":445,\"caption\":\"apertura vibra yamm ibiza puesta de sol\"},{\"@type\":\"BreadcrumbList\",\"@id\":\"https:\\\/\\\/www.vibrahotels.com\\\/blog\\\/it\\\/vibra-hotels-apertura-yamm-ibiza\\\/#breadcrumb\",\"itemListElement\":[{\"@type\":\"ListItem\",\"position\":1,\"name\":\"Portada\",\"item\":\"https:\\\/\\\/www.vibrahotels.com\\\/blog\\\/it\\\/\"},{\"@type\":\"ListItem\",\"position\":2,\"name\":\"Scopri Vibra Yamm, la nuova gemma di Vibra Hotels a Ibiza.\"}]},{\"@type\":\"WebSite\",\"@id\":\"https:\\\/\\\/www.vibrahotels.com\\\/blog\\\/it\\\/#website\",\"url\":\"https:\\\/\\\/www.vibrahotels.com\\\/blog\\\/it\\\/\",\"name\":\"Islander by Vibra Hotels\",\"description\":\"\",\"potentialAction\":[{\"@type\":\"SearchAction\",\"target\":{\"@type\":\"EntryPoint\",\"urlTemplate\":\"https:\\\/\\\/www.vibrahotels.com\\\/blog\\\/it\\\/?s={search_term_string}\"},\"query-input\":{\"@type\":\"PropertyValueSpecification\",\"valueRequired\":true,\"valueName\":\"search_term_string\"}}],\"inLanguage\":\"it-IT\"},{\"@type\":\"Person\",\"@id\":\"https:\\\/\\\/www.vibrahotels.com\\\/blog\\\/it\\\/#\\\/schema\\\/person\\\/ad74f13df6e44e7081ef65424f668972\",\"name\":\"The Ibiza Blog\",\"image\":{\"@type\":\"ImageObject\",\"inLanguage\":\"it-IT\",\"@id\":\"https:\\\/\\\/secure.gravatar.com\\\/avatar\\\/d172713df318fe4ba11547ee4a70ab1eae0206026db57d7a5920186b9f5ee855?s=96&d=mm&r=g\",\"url\":\"https:\\\/\\\/secure.gravatar.com\\\/avatar\\\/d172713df318fe4ba11547ee4a70ab1eae0206026db57d7a5920186b9f5ee855?s=96&d=mm&r=g\",\"contentUrl\":\"https:\\\/\\\/secure.gravatar.com\\\/avatar\\\/d172713df318fe4ba11547ee4a70ab1eae0206026db57d7a5920186b9f5ee855?s=96&d=mm&r=g\",\"caption\":\"The Ibiza Blog\"},\"url\":\"https:\\\/\\\/www.vibrahotels.com\\\/blog\\\/it\\\/author\\\/the-ibiza-blog\\\/\"}]}<\/script>\n<!-- \/ Yoast SEO plugin. -->","yoast_head_json":{"title":"Scopri Vibra Yamm, la nuova gemma di Vibra Hotels a Ibiza. - Islander by Vibra Hotels","robots":{"index":"index","follow":"follow","max-snippet":"max-snippet:-1","max-image-preview":"max-image-preview:large","max-video-preview":"max-video-preview:-1"},"canonical":"https:\/\/www.vibrahotels.com\/blog\/it\/vibra-hotels-apertura-yamm-ibiza\/","og_locale":"it_IT","og_type":"article","og_title":"Scopri Vibra Yamm, la nuova gemma di Vibra Hotels a Ibiza. - Islander by Vibra Hotels","og_description":"Vibra Yamm arriva a Ibiza: il nuovo hotel di Vibra Hotels con viste incredibili sui tramonti di Ibiza. Stile, energia e vacanze indimenticabili.","og_url":"https:\/\/www.vibrahotels.com\/blog\/it\/vibra-hotels-apertura-yamm-ibiza\/","og_site_name":"Islander by Vibra Hotels","article_published_time":"2025-08-01T08:54:26+00:00","og_image":[{"width":800,"height":445,"url":"https:\/\/www.vibrahotels.com\/blog\/wp-content\/uploads\/2025\/07\/thumb_2048x1536_f65bdd4b-2518-4b36-8a68-0431cfad0fa3.jpg","type":"image\/jpeg"}],"author":"The Ibiza Blog","twitter_card":"summary_large_image","twitter_misc":{"Scritto da":"The Ibiza Blog","Tempo di lettura stimato":"3 minuti"},"schema":{"@context":"https:\/\/schema.org","@graph":[{"@type":"Article","@id":"https:\/\/www.vibrahotels.com\/blog\/it\/vibra-hotels-apertura-yamm-ibiza\/#article","isPartOf":{"@id":"https:\/\/www.vibrahotels.com\/blog\/it\/vibra-hotels-apertura-yamm-ibiza\/"},"author":{"name":"The Ibiza Blog","@id":"https:\/\/www.vibrahotels.com\/blog\/it\/#\/schema\/person\/ad74f13df6e44e7081ef65424f668972"},"headline":"Scopri Vibra Yamm, la nuova gemma di Vibra Hotels a Ibiza.","datePublished":"2025-08-01T08:54:26+00:00","mainEntityOfPage":{"@id":"https:\/\/www.vibrahotels.com\/blog\/it\/vibra-hotels-apertura-yamm-ibiza\/"},"wordCount":521,"commentCount":0,"image":{"@id":"https:\/\/www.vibrahotels.com\/blog\/it\/vibra-hotels-apertura-yamm-ibiza\/#primaryimage"},"thumbnailUrl":"https:\/\/www.vibrahotels.com\/blog\/wp-content\/uploads\/2025\/07\/thumb_2048x1536_f65bdd4b-2518-4b36-8a68-0431cfad0fa3.jpg","articleSection":["Living Vibra","Piani Ibiza","Travel"],"inLanguage":"it-IT","potentialAction":[{"@type":"CommentAction","name":"Comment","target":["https:\/\/www.vibrahotels.com\/blog\/it\/vibra-hotels-apertura-yamm-ibiza\/#respond"]}]},{"@type":"WebPage","@id":"https:\/\/www.vibrahotels.com\/blog\/it\/vibra-hotels-apertura-yamm-ibiza\/","url":"https:\/\/www.vibrahotels.com\/blog\/it\/vibra-hotels-apertura-yamm-ibiza\/","name":"Scopri Vibra Yamm, la nuova gemma di Vibra Hotels a Ibiza. - Islander by Vibra Hotels","isPartOf":{"@id":"https:\/\/www.vibrahotels.com\/blog\/it\/#website"},"primaryImageOfPage":{"@id":"https:\/\/www.vibrahotels.com\/blog\/it\/vibra-hotels-apertura-yamm-ibiza\/#primaryimage"},"image":{"@id":"https:\/\/www.vibrahotels.com\/blog\/it\/vibra-hotels-apertura-yamm-ibiza\/#primaryimage"},"thumbnailUrl":"https:\/\/www.vibrahotels.com\/blog\/wp-content\/uploads\/2025\/07\/thumb_2048x1536_f65bdd4b-2518-4b36-8a68-0431cfad0fa3.jpg","datePublished":"2025-08-01T08:54:26+00:00","author":{"@id":"https:\/\/www.vibrahotels.com\/blog\/it\/#\/schema\/person\/ad74f13df6e44e7081ef65424f668972"},"breadcrumb":{"@id":"https:\/\/www.vibrahotels.com\/blog\/it\/vibra-hotels-apertura-yamm-ibiza\/#breadcrumb"},"inLanguage":"it-IT","potentialAction":[{"@type":"ReadAction","target":["https:\/\/www.vibrahotels.com\/blog\/it\/vibra-hotels-apertura-yamm-ibiza\/"]}]},{"@type":"ImageObject","inLanguage":"it-IT","@id":"https:\/\/www.vibrahotels.com\/blog\/it\/vibra-hotels-apertura-yamm-ibiza\/#primaryimage","url":"https:\/\/www.vibrahotels.com\/blog\/wp-content\/uploads\/2025\/07\/thumb_2048x1536_f65bdd4b-2518-4b36-8a68-0431cfad0fa3.jpg","contentUrl":"https:\/\/www.vibrahotels.com\/blog\/wp-content\/uploads\/2025\/07\/thumb_2048x1536_f65bdd4b-2518-4b36-8a68-0431cfad0fa3.jpg","width":800,"height":445,"caption":"apertura vibra yamm ibiza puesta de sol"},{"@type":"BreadcrumbList","@id":"https:\/\/www.vibrahotels.com\/blog\/it\/vibra-hotels-apertura-yamm-ibiza\/#breadcrumb","itemListElement":[{"@type":"ListItem","position":1,"name":"Portada","item":"https:\/\/www.vibrahotels.com\/blog\/it\/"},{"@type":"ListItem","position":2,"name":"Scopri Vibra Yamm, la nuova gemma di Vibra Hotels a Ibiza."}]},{"@type":"WebSite","@id":"https:\/\/www.vibrahotels.com\/blog\/it\/#website","url":"https:\/\/www.vibrahotels.com\/blog\/it\/","name":"Islander by Vibra Hotels","description":"","potentialAction":[{"@type":"SearchAction","target":{"@type":"EntryPoint","urlTemplate":"https:\/\/www.vibrahotels.com\/blog\/it\/?s={search_term_string}"},"query-input":{"@type":"PropertyValueSpecification","valueRequired":true,"valueName":"search_term_string"}}],"inLanguage":"it-IT"},{"@type":"Person","@id":"https:\/\/www.vibrahotels.com\/blog\/it\/#\/schema\/person\/ad74f13df6e44e7081ef65424f668972","name":"The Ibiza Blog","image":{"@type":"ImageObject","inLanguage":"it-IT","@id":"https:\/\/secure.gravatar.com\/avatar\/d172713df318fe4ba11547ee4a70ab1eae0206026db57d7a5920186b9f5ee855?s=96&d=mm&r=g","url":"https:\/\/secure.gravatar.com\/avatar\/d172713df318fe4ba11547ee4a70ab1eae0206026db57d7a5920186b9f5ee855?s=96&d=mm&r=g","contentUrl":"https:\/\/secure.gravatar.com\/avatar\/d172713df318fe4ba11547ee4a70ab1eae0206026db57d7a5920186b9f5ee855?s=96&d=mm&r=g","caption":"The Ibiza Blog"},"url":"https:\/\/www.vibrahotels.com\/blog\/it\/author\/the-ibiza-blog\/"}]}},"_links":{"self":[{"href":"https:\/\/www.vibrahotels.com\/blog\/it\/wp-json\/wp\/v2\/posts\/9763","targetHints":{"allow":["GET"]}}],"collection":[{"href":"https:\/\/www.vibrahotels.com\/blog\/it\/wp-json\/wp\/v2\/posts"}],"about":[{"href":"https:\/\/www.vibrahotels.com\/blog\/it\/wp-json\/wp\/v2\/types\/post"}],"author":[{"embeddable":true,"href":"https:\/\/www.vibrahotels.com\/blog\/it\/wp-json\/wp\/v2\/users\/1"}],"replies":[{"embeddable":true,"href":"https:\/\/www.vibrahotels.com\/blog\/it\/wp-json\/wp\/v2\/comments?post=9763"}],"version-history":[{"count":1,"href":"https:\/\/www.vibrahotels.com\/blog\/it\/wp-json\/wp\/v2\/posts\/9763\/revisions"}],"predecessor-version":[{"id":9765,"href":"https:\/\/www.vibrahotels.com\/blog\/it\/wp-json\/wp\/v2\/posts\/9763\/revisions\/9765"}],"wp:featuredmedia":[{"embeddable":true,"href":"https:\/\/www.vibrahotels.com\/blog\/it\/wp-json\/wp\/v2\/media\/9749"}],"wp:attachment":[{"href":"https:\/\/www.vibrahotels.com\/blog\/it\/wp-json\/wp\/v2\/media?parent=9763"}],"wp:term":[{"taxonomy":"category","embeddable":true,"href":"https:\/\/www.vibrahotels.com\/blog\/it\/wp-json\/wp\/v2\/categories?post=9763"},{"taxonomy":"post_tag","embeddable":true,"href":"https:\/\/www.vibrahotels.com\/blog\/it\/wp-json\/wp\/v2\/tags?post=9763"}],"curies":[{"name":"wp","href":"https:\/\/api.w.org\/{rel}","templated":true}]}}