{"id":9636,"date":"2025-07-02T13:41:23","date_gmt":"2025-07-02T11:41:23","guid":{"rendered":"https:\/\/www.vibrahotels.com\/blog\/?p=9636"},"modified":"2025-07-04T14:32:12","modified_gmt":"2025-07-04T12:32:12","slug":"cala-bassa-ibiza-mejor-playa","status":"publish","type":"post","link":"https:\/\/www.vibrahotels.com\/blog\/it\/cala-bassa-ibiza-mejor-playa\/","title":{"rendered":"Cala Bassa Ibiza: la migliore spiaggia di Spagna nel 2025"},"content":{"rendered":"<p>Ogni anno, la rivista internazionale <strong>Cond\u00e9 Nast Traveler<\/strong> invita i suoi lettori a votare per la migliore spiaggia del paese.<br \/>\nNell\u2019edizione 2025, il risultato \u00e8 stato chiaro: Cala Bassa Ibiza \u00e8 stata eletta la migliore spiaggia di Spagna. Questo riconoscimento consolida la sua posizione come una delle destinazioni imprescindibili per chi cerca di godersi il Mediterraneo nella sua massima espressione.<\/p>\n<h2>Un paradiso naturale a Sant Josep de sa Talaia<\/h2>\n<p>Situata a sud-ovest di Ibiza, nel comune di Sant Josep de sa Talaia, Cala Bassa Ibiza \u00e8 molto pi\u00f9 di una semplice spiaggia bella.<br \/>\nCircondata da un ambiente naturale ben conservato, con folti pini e ginepri che offrono ombra e frescura, questa cala combina tranquillit\u00e0, servizi di qualit\u00e0 e un\u2019atmosfera unica.<br \/>\nLe sue acque cristalline e la sabbia dorata sono il marchio di fabbrica che conquista sia i locali che i visitatori. Con appena 250 metri di lunghezza, Cala Bassa Ibiza si distingue per la sua bellezza compatta e l\u2019ambiente rilassato.<\/p>\n<p><img loading=\"lazy\" decoding=\"async\" src=\"https:\/\/www.vibrahotels.com\/blog\/wp-content\/uploads\/2025\/07\/cala_bassa_ibiza_mejor_playa.jpg\" alt=\"cala bassa ibiza miglior spiaggia\" width=\"800\" height=\"600\" class=\"alignnone size-full wp-image-9626\" srcset=\"https:\/\/www.vibrahotels.com\/blog\/wp-content\/uploads\/2025\/07\/cala_bassa_ibiza_mejor_playa.jpg 800w, https:\/\/www.vibrahotels.com\/blog\/wp-content\/uploads\/2025\/07\/cala_bassa_ibiza_mejor_playa-300x225.jpg 300w, https:\/\/www.vibrahotels.com\/blog\/wp-content\/uploads\/2025\/07\/cala_bassa_ibiza_mejor_playa-768x576.jpg 768w\" sizes=\"auto, (max-width: 800px) 100vw, 800px\" \/><\/p>\n<h2>Ideale per tutte le et\u00e0 e stili di viaggio<\/h2>\n<p>Che tu viaggi in coppia, in famiglia o con amici, Cala Bassa Ibiza offre esperienze per tutti i gusti. \u00c8 perfetta per nuotare grazie alla sua scarsa profondit\u00e0, e le sue acque tranquille invitano a fare snorkeling e altre attivit\u00e0 acquatiche come il paddle surf o anche passeggiate in kayak.<\/p>\n<p>Per chi cerca una giornata di totale relax, ci sono lettini, ombrelloni e zone d\u2019ombra naturale, oltre a un ambiente sicuro per i bambini. \u00c8 anche un luogo perfetto per chi vuole esplorare, con sentieri che attraversano la foresta mediterranea e conducono a punti panoramici e piccole calette nascoste.<\/p>\n<h2>Come arrivare a Cala Bassa Ibiza<\/h2>\n<p>Raggiungere Cala Bassa Ibiza \u00e8 semplice. Si pu\u00f2 arrivare in auto da qualsiasi punto dell\u2019isola, soprattutto da San Antonio o Sant Josep. Ci sono anche opzioni in traghetto da San Antonio o anche in barca privata. Il parcheggio \u00e8 disponibile vicino alla spiaggia, anche se in alta stagione \u00e8 consigliato arrivare presto.<\/p>\n<h2><a href=\"https:\/\/www.vibrahotels.com\/blog\/en\/where-to-stay-in-ibiza-best-areas-and-hotels-on-the-island-ses-figueretas\/\">Dove alloggiare<\/a> vicino a Cala Bassa Ibiza <\/h2>\n<p><a href=\"https:\/\/www.vibrahotels.com\/es\/ibiza\/cala-tarida\/hotel-vibra-cala-tarida\">Hotel Vibra Cala Tarida<\/a>: a soli 7 minuti di auto. \u00c8 ideale per chi vuole stare vicino al mare ed esplorare facilmente altre calette della zona.<br \/>\n<a href=\"https:\/\/www.vibrahotels.com\/es\/ibiza\/bahia-de-san-antonio\/apartamentos-vibra-riviera\">Hotel Vibra Riviera:<\/a> situato nella Baia di San Antonio, a soli 13 minuti da Cala Bassa Ibiza. \u00c8 un\u2019ottima opzione per famiglie che cercano comfort, buona connessione e servizi completi.<\/p>\n<p><img loading=\"lazy\" decoding=\"async\" src=\"https:\/\/www.vibrahotels.com\/blog\/wp-content\/uploads\/2025\/07\/hotel_vibra_riviera_ibiza-1-copia.jpg\" alt=\"hotel vibra hotels ibiza\" width=\"1920\" height=\"1278\" class=\"alignnone size-full wp-image-9629\" srcset=\"https:\/\/www.vibrahotels.com\/blog\/wp-content\/uploads\/2025\/07\/hotel_vibra_riviera_ibiza-1-copia.jpg 1920w, https:\/\/www.vibrahotels.com\/blog\/wp-content\/uploads\/2025\/07\/hotel_vibra_riviera_ibiza-1-copia-300x200.jpg 300w, https:\/\/www.vibrahotels.com\/blog\/wp-content\/uploads\/2025\/07\/hotel_vibra_riviera_ibiza-1-copia-1024x682.jpg 1024w, https:\/\/www.vibrahotels.com\/blog\/wp-content\/uploads\/2025\/07\/hotel_vibra_riviera_ibiza-1-copia-768x511.jpg 768w, https:\/\/www.vibrahotels.com\/blog\/wp-content\/uploads\/2025\/07\/hotel_vibra_riviera_ibiza-1-copia-1536x1022.jpg 1536w\" sizes=\"auto, (max-width: 1920px) 100vw, 1920px\" \/><\/p>\n<p>Entrambi gli hotel offrono una posizione privilegiata per chi vuole godersi Cala Bassa Ibiza senza rinunciare al comfort.<\/p>\n","protected":false},"excerpt":{"rendered":"<p>Scopri Cala Bassa Ibiza, premiata come migliore spiaggia di Spagna nel 2025<\/p>\n","protected":false},"author":1,"featured_media":9628,"comment_status":"open","ping_status":"open","sticky":false,"template":"","format":"standard","meta":{"footnotes":""},"categories":[1532,1552],"tags":[],"class_list":["post-9636","post","type-post","status-publish","format-standard","has-post-thumbnail","hentry","category-piani-ibiza","category-travel-it"],"yoast_head":"<!-- This site is optimized with the Yoast SEO plugin v27.4 - https:\/\/yoast.com\/product\/yoast-seo-wordpress\/ -->\n<title>Cala Bassa Ibiza: la migliore spiaggia di Spagna nel 2025 - Islander by Vibra Hotels<\/title>\n<meta name=\"robots\" content=\"index, follow, max-snippet:-1, max-image-preview:large, max-video-preview:-1\" \/>\n<link rel=\"canonical\" href=\"https:\/\/www.vibrahotels.com\/blog\/it\/cala-bassa-ibiza-mejor-playa\/\" \/>\n<meta property=\"og:locale\" content=\"it_IT\" \/>\n<meta property=\"og:type\" content=\"article\" \/>\n<meta property=\"og:title\" content=\"Cala Bassa Ibiza: la migliore spiaggia di Spagna nel 2025 - Islander by Vibra Hotels\" \/>\n<meta property=\"og:description\" content=\"Scopri Cala Bassa Ibiza, premiata come migliore spiaggia di Spagna nel 2025\" \/>\n<meta property=\"og:url\" content=\"https:\/\/www.vibrahotels.com\/blog\/it\/cala-bassa-ibiza-mejor-playa\/\" \/>\n<meta property=\"og:site_name\" content=\"Islander by Vibra Hotels\" \/>\n<meta property=\"article:published_time\" content=\"2025-07-02T11:41:23+00:00\" \/>\n<meta property=\"article:modified_time\" content=\"2025-07-04T12:32:12+00:00\" \/>\n<meta property=\"og:image\" content=\"https:\/\/www.vibrahotels.com\/blog\/wp-content\/uploads\/2025\/07\/cala_bassa_ibiza_mejor_playa.jpg\" \/>\n\t<meta property=\"og:image:width\" content=\"800\" \/>\n\t<meta property=\"og:image:height\" content=\"600\" \/>\n\t<meta property=\"og:image:type\" content=\"image\/jpeg\" \/>\n<meta name=\"author\" content=\"The Ibiza Blog\" \/>\n<meta name=\"twitter:card\" content=\"summary_large_image\" \/>\n<meta name=\"twitter:label1\" content=\"Scritto da\" \/>\n\t<meta name=\"twitter:data1\" content=\"The Ibiza Blog\" \/>\n\t<meta name=\"twitter:label2\" content=\"Tempo di lettura stimato\" \/>\n\t<meta name=\"twitter:data2\" content=\"2 minuti\" \/>\n<script type=\"application\/ld+json\" class=\"yoast-schema-graph\">{\"@context\":\"https:\\\/\\\/schema.org\",\"@graph\":[{\"@type\":\"Article\",\"@id\":\"https:\\\/\\\/www.vibrahotels.com\\\/blog\\\/it\\\/cala-bassa-ibiza-mejor-playa\\\/#article\",\"isPartOf\":{\"@id\":\"https:\\\/\\\/www.vibrahotels.com\\\/blog\\\/it\\\/cala-bassa-ibiza-mejor-playa\\\/\"},\"author\":{\"name\":\"The Ibiza Blog\",\"@id\":\"https:\\\/\\\/www.vibrahotels.com\\\/blog\\\/it\\\/#\\\/schema\\\/person\\\/ad74f13df6e44e7081ef65424f668972\"},\"headline\":\"Cala Bassa Ibiza: la migliore spiaggia di Spagna nel 2025\",\"datePublished\":\"2025-07-02T11:41:23+00:00\",\"dateModified\":\"2025-07-04T12:32:12+00:00\",\"mainEntityOfPage\":{\"@id\":\"https:\\\/\\\/www.vibrahotels.com\\\/blog\\\/it\\\/cala-bassa-ibiza-mejor-playa\\\/\"},\"wordCount\":408,\"commentCount\":0,\"image\":{\"@id\":\"https:\\\/\\\/www.vibrahotels.com\\\/blog\\\/it\\\/cala-bassa-ibiza-mejor-playa\\\/#primaryimage\"},\"thumbnailUrl\":\"https:\\\/\\\/www.vibrahotels.com\\\/blog\\\/wp-content\\\/uploads\\\/2025\\\/07\\\/cala_bassa_ibiza_mejor_playa.jpg\",\"articleSection\":[\"Piani Ibiza\",\"Travel\"],\"inLanguage\":\"it-IT\",\"potentialAction\":[{\"@type\":\"CommentAction\",\"name\":\"Comment\",\"target\":[\"https:\\\/\\\/www.vibrahotels.com\\\/blog\\\/it\\\/cala-bassa-ibiza-mejor-playa\\\/#respond\"]}]},{\"@type\":\"WebPage\",\"@id\":\"https:\\\/\\\/www.vibrahotels.com\\\/blog\\\/it\\\/cala-bassa-ibiza-mejor-playa\\\/\",\"url\":\"https:\\\/\\\/www.vibrahotels.com\\\/blog\\\/it\\\/cala-bassa-ibiza-mejor-playa\\\/\",\"name\":\"Cala Bassa Ibiza: la migliore spiaggia di Spagna nel 2025 - Islander by Vibra Hotels\",\"isPartOf\":{\"@id\":\"https:\\\/\\\/www.vibrahotels.com\\\/blog\\\/it\\\/#website\"},\"primaryImageOfPage\":{\"@id\":\"https:\\\/\\\/www.vibrahotels.com\\\/blog\\\/it\\\/cala-bassa-ibiza-mejor-playa\\\/#primaryimage\"},\"image\":{\"@id\":\"https:\\\/\\\/www.vibrahotels.com\\\/blog\\\/it\\\/cala-bassa-ibiza-mejor-playa\\\/#primaryimage\"},\"thumbnailUrl\":\"https:\\\/\\\/www.vibrahotels.com\\\/blog\\\/wp-content\\\/uploads\\\/2025\\\/07\\\/cala_bassa_ibiza_mejor_playa.jpg\",\"datePublished\":\"2025-07-02T11:41:23+00:00\",\"dateModified\":\"2025-07-04T12:32:12+00:00\",\"author\":{\"@id\":\"https:\\\/\\\/www.vibrahotels.com\\\/blog\\\/it\\\/#\\\/schema\\\/person\\\/ad74f13df6e44e7081ef65424f668972\"},\"breadcrumb\":{\"@id\":\"https:\\\/\\\/www.vibrahotels.com\\\/blog\\\/it\\\/cala-bassa-ibiza-mejor-playa\\\/#breadcrumb\"},\"inLanguage\":\"it-IT\",\"potentialAction\":[{\"@type\":\"ReadAction\",\"target\":[\"https:\\\/\\\/www.vibrahotels.com\\\/blog\\\/it\\\/cala-bassa-ibiza-mejor-playa\\\/\"]}]},{\"@type\":\"ImageObject\",\"inLanguage\":\"it-IT\",\"@id\":\"https:\\\/\\\/www.vibrahotels.com\\\/blog\\\/it\\\/cala-bassa-ibiza-mejor-playa\\\/#primaryimage\",\"url\":\"https:\\\/\\\/www.vibrahotels.com\\\/blog\\\/wp-content\\\/uploads\\\/2025\\\/07\\\/cala_bassa_ibiza_mejor_playa.jpg\",\"contentUrl\":\"https:\\\/\\\/www.vibrahotels.com\\\/blog\\\/wp-content\\\/uploads\\\/2025\\\/07\\\/cala_bassa_ibiza_mejor_playa.jpg\",\"width\":800,\"height\":600,\"caption\":\"cala bassa ibiza mejor playa\"},{\"@type\":\"BreadcrumbList\",\"@id\":\"https:\\\/\\\/www.vibrahotels.com\\\/blog\\\/it\\\/cala-bassa-ibiza-mejor-playa\\\/#breadcrumb\",\"itemListElement\":[{\"@type\":\"ListItem\",\"position\":1,\"name\":\"Portada\",\"item\":\"https:\\\/\\\/www.vibrahotels.com\\\/blog\\\/it\\\/\"},{\"@type\":\"ListItem\",\"position\":2,\"name\":\"Cala Bassa Ibiza: la migliore spiaggia di Spagna nel 2025\"}]},{\"@type\":\"WebSite\",\"@id\":\"https:\\\/\\\/www.vibrahotels.com\\\/blog\\\/it\\\/#website\",\"url\":\"https:\\\/\\\/www.vibrahotels.com\\\/blog\\\/it\\\/\",\"name\":\"Islander by Vibra Hotels\",\"description\":\"\",\"potentialAction\":[{\"@type\":\"SearchAction\",\"target\":{\"@type\":\"EntryPoint\",\"urlTemplate\":\"https:\\\/\\\/www.vibrahotels.com\\\/blog\\\/it\\\/?s={search_term_string}\"},\"query-input\":{\"@type\":\"PropertyValueSpecification\",\"valueRequired\":true,\"valueName\":\"search_term_string\"}}],\"inLanguage\":\"it-IT\"},{\"@type\":\"Person\",\"@id\":\"https:\\\/\\\/www.vibrahotels.com\\\/blog\\\/it\\\/#\\\/schema\\\/person\\\/ad74f13df6e44e7081ef65424f668972\",\"name\":\"The Ibiza Blog\",\"image\":{\"@type\":\"ImageObject\",\"inLanguage\":\"it-IT\",\"@id\":\"https:\\\/\\\/secure.gravatar.com\\\/avatar\\\/d172713df318fe4ba11547ee4a70ab1eae0206026db57d7a5920186b9f5ee855?s=96&d=mm&r=g\",\"url\":\"https:\\\/\\\/secure.gravatar.com\\\/avatar\\\/d172713df318fe4ba11547ee4a70ab1eae0206026db57d7a5920186b9f5ee855?s=96&d=mm&r=g\",\"contentUrl\":\"https:\\\/\\\/secure.gravatar.com\\\/avatar\\\/d172713df318fe4ba11547ee4a70ab1eae0206026db57d7a5920186b9f5ee855?s=96&d=mm&r=g\",\"caption\":\"The Ibiza Blog\"},\"url\":\"https:\\\/\\\/www.vibrahotels.com\\\/blog\\\/it\\\/author\\\/the-ibiza-blog\\\/\"}]}<\/script>\n<!-- \/ Yoast SEO plugin. -->","yoast_head_json":{"title":"Cala Bassa Ibiza: la migliore spiaggia di Spagna nel 2025 - Islander by Vibra Hotels","robots":{"index":"index","follow":"follow","max-snippet":"max-snippet:-1","max-image-preview":"max-image-preview:large","max-video-preview":"max-video-preview:-1"},"canonical":"https:\/\/www.vibrahotels.com\/blog\/it\/cala-bassa-ibiza-mejor-playa\/","og_locale":"it_IT","og_type":"article","og_title":"Cala Bassa Ibiza: la migliore spiaggia di Spagna nel 2025 - Islander by Vibra Hotels","og_description":"Scopri Cala Bassa Ibiza, premiata come migliore spiaggia di Spagna nel 2025","og_url":"https:\/\/www.vibrahotels.com\/blog\/it\/cala-bassa-ibiza-mejor-playa\/","og_site_name":"Islander by Vibra Hotels","article_published_time":"2025-07-02T11:41:23+00:00","article_modified_time":"2025-07-04T12:32:12+00:00","og_image":[{"width":800,"height":600,"url":"https:\/\/www.vibrahotels.com\/blog\/wp-content\/uploads\/2025\/07\/cala_bassa_ibiza_mejor_playa.jpg","type":"image\/jpeg"}],"author":"The Ibiza Blog","twitter_card":"summary_large_image","twitter_misc":{"Scritto da":"The Ibiza Blog","Tempo di lettura stimato":"2 minuti"},"schema":{"@context":"https:\/\/schema.org","@graph":[{"@type":"Article","@id":"https:\/\/www.vibrahotels.com\/blog\/it\/cala-bassa-ibiza-mejor-playa\/#article","isPartOf":{"@id":"https:\/\/www.vibrahotels.com\/blog\/it\/cala-bassa-ibiza-mejor-playa\/"},"author":{"name":"The Ibiza Blog","@id":"https:\/\/www.vibrahotels.com\/blog\/it\/#\/schema\/person\/ad74f13df6e44e7081ef65424f668972"},"headline":"Cala Bassa Ibiza: la migliore spiaggia di Spagna nel 2025","datePublished":"2025-07-02T11:41:23+00:00","dateModified":"2025-07-04T12:32:12+00:00","mainEntityOfPage":{"@id":"https:\/\/www.vibrahotels.com\/blog\/it\/cala-bassa-ibiza-mejor-playa\/"},"wordCount":408,"commentCount":0,"image":{"@id":"https:\/\/www.vibrahotels.com\/blog\/it\/cala-bassa-ibiza-mejor-playa\/#primaryimage"},"thumbnailUrl":"https:\/\/www.vibrahotels.com\/blog\/wp-content\/uploads\/2025\/07\/cala_bassa_ibiza_mejor_playa.jpg","articleSection":["Piani Ibiza","Travel"],"inLanguage":"it-IT","potentialAction":[{"@type":"CommentAction","name":"Comment","target":["https:\/\/www.vibrahotels.com\/blog\/it\/cala-bassa-ibiza-mejor-playa\/#respond"]}]},{"@type":"WebPage","@id":"https:\/\/www.vibrahotels.com\/blog\/it\/cala-bassa-ibiza-mejor-playa\/","url":"https:\/\/www.vibrahotels.com\/blog\/it\/cala-bassa-ibiza-mejor-playa\/","name":"Cala Bassa Ibiza: la migliore spiaggia di Spagna nel 2025 - Islander by Vibra Hotels","isPartOf":{"@id":"https:\/\/www.vibrahotels.com\/blog\/it\/#website"},"primaryImageOfPage":{"@id":"https:\/\/www.vibrahotels.com\/blog\/it\/cala-bassa-ibiza-mejor-playa\/#primaryimage"},"image":{"@id":"https:\/\/www.vibrahotels.com\/blog\/it\/cala-bassa-ibiza-mejor-playa\/#primaryimage"},"thumbnailUrl":"https:\/\/www.vibrahotels.com\/blog\/wp-content\/uploads\/2025\/07\/cala_bassa_ibiza_mejor_playa.jpg","datePublished":"2025-07-02T11:41:23+00:00","dateModified":"2025-07-04T12:32:12+00:00","author":{"@id":"https:\/\/www.vibrahotels.com\/blog\/it\/#\/schema\/person\/ad74f13df6e44e7081ef65424f668972"},"breadcrumb":{"@id":"https:\/\/www.vibrahotels.com\/blog\/it\/cala-bassa-ibiza-mejor-playa\/#breadcrumb"},"inLanguage":"it-IT","potentialAction":[{"@type":"ReadAction","target":["https:\/\/www.vibrahotels.com\/blog\/it\/cala-bassa-ibiza-mejor-playa\/"]}]},{"@type":"ImageObject","inLanguage":"it-IT","@id":"https:\/\/www.vibrahotels.com\/blog\/it\/cala-bassa-ibiza-mejor-playa\/#primaryimage","url":"https:\/\/www.vibrahotels.com\/blog\/wp-content\/uploads\/2025\/07\/cala_bassa_ibiza_mejor_playa.jpg","contentUrl":"https:\/\/www.vibrahotels.com\/blog\/wp-content\/uploads\/2025\/07\/cala_bassa_ibiza_mejor_playa.jpg","width":800,"height":600,"caption":"cala bassa ibiza mejor playa"},{"@type":"BreadcrumbList","@id":"https:\/\/www.vibrahotels.com\/blog\/it\/cala-bassa-ibiza-mejor-playa\/#breadcrumb","itemListElement":[{"@type":"ListItem","position":1,"name":"Portada","item":"https:\/\/www.vibrahotels.com\/blog\/it\/"},{"@type":"ListItem","position":2,"name":"Cala Bassa Ibiza: la migliore spiaggia di Spagna nel 2025"}]},{"@type":"WebSite","@id":"https:\/\/www.vibrahotels.com\/blog\/it\/#website","url":"https:\/\/www.vibrahotels.com\/blog\/it\/","name":"Islander by Vibra Hotels","description":"","potentialAction":[{"@type":"SearchAction","target":{"@type":"EntryPoint","urlTemplate":"https:\/\/www.vibrahotels.com\/blog\/it\/?s={search_term_string}"},"query-input":{"@type":"PropertyValueSpecification","valueRequired":true,"valueName":"search_term_string"}}],"inLanguage":"it-IT"},{"@type":"Person","@id":"https:\/\/www.vibrahotels.com\/blog\/it\/#\/schema\/person\/ad74f13df6e44e7081ef65424f668972","name":"The Ibiza Blog","image":{"@type":"ImageObject","inLanguage":"it-IT","@id":"https:\/\/secure.gravatar.com\/avatar\/d172713df318fe4ba11547ee4a70ab1eae0206026db57d7a5920186b9f5ee855?s=96&d=mm&r=g","url":"https:\/\/secure.gravatar.com\/avatar\/d172713df318fe4ba11547ee4a70ab1eae0206026db57d7a5920186b9f5ee855?s=96&d=mm&r=g","contentUrl":"https:\/\/secure.gravatar.com\/avatar\/d172713df318fe4ba11547ee4a70ab1eae0206026db57d7a5920186b9f5ee855?s=96&d=mm&r=g","caption":"The Ibiza Blog"},"url":"https:\/\/www.vibrahotels.com\/blog\/it\/author\/the-ibiza-blog\/"}]}},"_links":{"self":[{"href":"https:\/\/www.vibrahotels.com\/blog\/it\/wp-json\/wp\/v2\/posts\/9636","targetHints":{"allow":["GET"]}}],"collection":[{"href":"https:\/\/www.vibrahotels.com\/blog\/it\/wp-json\/wp\/v2\/posts"}],"about":[{"href":"https:\/\/www.vibrahotels.com\/blog\/it\/wp-json\/wp\/v2\/types\/post"}],"author":[{"embeddable":true,"href":"https:\/\/www.vibrahotels.com\/blog\/it\/wp-json\/wp\/v2\/users\/1"}],"replies":[{"embeddable":true,"href":"https:\/\/www.vibrahotels.com\/blog\/it\/wp-json\/wp\/v2\/comments?post=9636"}],"version-history":[{"count":1,"href":"https:\/\/www.vibrahotels.com\/blog\/it\/wp-json\/wp\/v2\/posts\/9636\/revisions"}],"predecessor-version":[{"id":9637,"href":"https:\/\/www.vibrahotels.com\/blog\/it\/wp-json\/wp\/v2\/posts\/9636\/revisions\/9637"}],"wp:featuredmedia":[{"embeddable":true,"href":"https:\/\/www.vibrahotels.com\/blog\/it\/wp-json\/wp\/v2\/media\/9628"}],"wp:attachment":[{"href":"https:\/\/www.vibrahotels.com\/blog\/it\/wp-json\/wp\/v2\/media?parent=9636"}],"wp:term":[{"taxonomy":"category","embeddable":true,"href":"https:\/\/www.vibrahotels.com\/blog\/it\/wp-json\/wp\/v2\/categories?post=9636"},{"taxonomy":"post_tag","embeddable":true,"href":"https:\/\/www.vibrahotels.com\/blog\/it\/wp-json\/wp\/v2\/tags?post=9636"}],"curies":[{"name":"wp","href":"https:\/\/api.w.org\/{rel}","templated":true}]}}