{"id":9430,"date":"2025-05-03T09:00:00","date_gmt":"2025-05-03T07:00:00","guid":{"rendered":"https:\/\/www.vibrahotels.com\/blog\/?p=9430"},"modified":"2025-04-23T17:40:40","modified_gmt":"2025-04-23T15:40:40","slug":"feria-medieval-de-ibiza-el-emblematico-mercado-celebrado-en-dalt-vila","status":"publish","type":"post","link":"https:\/\/www.vibrahotels.com\/blog\/it\/feria-medieval-de-ibiza-el-emblematico-mercado-celebrado-en-dalt-vila\/","title":{"rendered":"Fiera medievale Ibiza: ecco com\u2019\u00e8 l\u2019emblematico mercatino di Dalt Vila"},"content":{"rendered":"<p>Stai pensando di completare le tue giornate a Ibiza con qualcosa di pi\u00f9 di sole e spiaggia e non sai cosa fare? <strong>Ti raccontiamo tutto sulla Fiera Medievale di Ibiza<\/strong>, un emblematico mercatino che si tiene a Dalt Vila e che non puoi assolutamente perderti!<\/p>\n<p>Come ogni anno, la coloratissima <strong>Fiera Medievale<\/strong> torna sull\u2019isola dall\u201911 al 14 maggio, quindi vieni a godertela: il divertimento \u00e8 assicurato. Vedrai che le tortuose strade del centro storico di Ibiza, a Dalt Vila, si trasformano in un tipico scenario dell\u2019epoca medievale, ricordando la ricca storia dell\u2019isola.<\/p>\n<p><img loading=\"lazy\" decoding=\"async\" src=\"https:\/\/www.vibrahotels.com\/blog\/wp-content\/uploads\/2023\/05\/shutterstock_2155850657-1-scaled.jpg\" alt=\"Fiera medievale Ibiza: ecco com\u2019\u00e8 l\u2019emblematico mercatino di Dalt Vila\" width=\"2560\" height=\"1920\" class=\"alignnone size-full wp-image-8215\" srcset=\"https:\/\/www.vibrahotels.com\/blog\/wp-content\/uploads\/2023\/05\/shutterstock_2155850657-1-scaled.jpg 2560w, https:\/\/www.vibrahotels.com\/blog\/wp-content\/uploads\/2023\/05\/shutterstock_2155850657-1-300x225.jpg 300w, https:\/\/www.vibrahotels.com\/blog\/wp-content\/uploads\/2023\/05\/shutterstock_2155850657-1-1024x768.jpg 1024w, https:\/\/www.vibrahotels.com\/blog\/wp-content\/uploads\/2023\/05\/shutterstock_2155850657-1-768x576.jpg 768w, https:\/\/www.vibrahotels.com\/blog\/wp-content\/uploads\/2023\/05\/shutterstock_2155850657-1-1536x1152.jpg 1536w, https:\/\/www.vibrahotels.com\/blog\/wp-content\/uploads\/2023\/05\/shutterstock_2155850657-1-2048x1536.jpg 2048w\" sizes=\"auto, (max-width: 2560px) 100vw, 2560px\" \/><\/p>\n<p>Le strade della splendida Dalt Vila si decorano con bandiere e tessuti, dando un aspetto medievale alla citt\u00e0 di Ibiza, dove troverai un\u2019ampia variet\u00e0 di prodotti artigianali che rappresentano le antiche culture. Il mercato medievale \u00e8 il piano ideale per trascorrere qualche giorno in famiglia o con amici sull\u2019isola bianca, circondati dal mare, dal sole e da una splendida atmosfera.<\/p>\n<h2><strong>Dalt Vila torna al Medioevo<\/strong><\/h2>\n<p>Cosa troverai alla <strong>Fiera Medievale di Ibiza<\/strong>? Il centro storico dell\u2019isola di Ibiza si riempie di bancarelle e stand artigianali, gastronomia, musica e spettacoli con giocolieri e acrobati, tutto ambientato nell\u2019epoca medievale: \u00e8 una vera e propria replica di un vivace <strong>mercato medievale<\/strong> con menestrelli e fachiri ovunque. I vicoli all\u2019interno delle mura che circondano la parte alta della citt\u00e0 sono il palcoscenico principale della fiera. <strong>Dalt Vila<\/strong> comprende tutto il centro storico della citt\u00e0 di Ibiza: la cinta muraria, il castello e l\u2019intero complesso fortificato, considerati Patrimonio dell\u2019Umanit\u00e0 dall\u2019UNESCO dal 1999 e riconosciuti come l\u2019acropoli meglio conservata del Mediterraneo.<\/p>\n<p><img loading=\"lazy\" decoding=\"async\" class=\"alignnone wp-image-6286\" src=\"https:\/\/www.vibrahotels.com\/wp-content\/uploads\/2023\/05\/Medieval-4.jpg\" alt=\"Fiera medievale Ibiza: ecco com\u2019\u00e8 l\u2019emblematico mercatino di Dalt Vila\" width=\"735\" height=\"551\" srcset=\"https:\/\/www.vibrahotels.com\/blog\/wp-content\/uploads\/2023\/05\/Medieval-4.jpg 1022w, https:\/\/www.vibrahotels.com\/blog\/wp-content\/uploads\/2023\/05\/Medieval-4-300x225.jpg 300w, https:\/\/www.vibrahotels.com\/blog\/wp-content\/uploads\/2023\/05\/Medieval-4-768x576.jpg 768w\" sizes=\"auto, (max-width: 735px) 100vw, 735px\" \/><\/p>\n<p>La citt\u00e0 si trasforma in un grande teatro all\u2019aperto in questa zona di <strong>Dalt Vila<\/strong>. Ti ricordiamo che Dalt Vila \u00e8 il nome con cui si conosce la parte alta della citt\u00e0 di Ibiza, capoluogo dell\u2019isola, dove si trova il suo nucleo storico. Tutti gli eventi che vedrai sono ispirati alle culture che hanno forgiato l\u2019essenza dell\u2019isola di Ibiza: una citt\u00e0 attraversata da fenici, romani e arabi.<\/p>\n<p><img loading=\"lazy\" decoding=\"async\" class=\"alignnone wp-image-6284\" src=\"https:\/\/www.vibrahotels.com\/wp-content\/uploads\/2023\/05\/Medieval-5.jpg\" alt=\"\" width=\"761\" height=\"570\" srcset=\"https:\/\/www.vibrahotels.com\/blog\/wp-content\/uploads\/2023\/05\/Medieval-5.jpg 1003w, https:\/\/www.vibrahotels.com\/blog\/wp-content\/uploads\/2023\/05\/Medieval-5-300x225.jpg 300w, https:\/\/www.vibrahotels.com\/blog\/wp-content\/uploads\/2023\/05\/Medieval-5-768x576.jpg 768w\" sizes=\"auto, (max-width: 761px) 100vw, 761px\" \/><\/p>\n<p>Le strade di Dalt Vila si riempiono di persone per assistere ai diversi spettacoli e attivit\u00e0 della Fiera Medievale di Ibiza che ti conquisteranno per il loro realismo, come le danze arabe o il tiro con l\u2019arco. Se sei tra coloro che vogliono approfondire un po\u2019 di pi\u00f9 la storia dell\u2019isola di Ibiza, puoi completare il programma con i concerti di musica corale nelle chiese di Dalt Vila e le esibizioni di folklore nel chiostro del XVI secolo del Municipio.<\/p>\n<p><img loading=\"lazy\" decoding=\"async\" class=\"wp-image-6280 aligncenter\" src=\"https:\/\/www.vibrahotels.com\/wp-content\/uploads\/2023\/05\/Medieval-6.png\" alt=\"Fiera medievale Ibiza: ecco com\u2019\u00e8 l\u2019emblematico mercatino di Dalt Vila\" width=\"469\" height=\"353\" srcset=\"https:\/\/www.vibrahotels.com\/blog\/wp-content\/uploads\/2023\/05\/Medieval-6.png 367w, https:\/\/www.vibrahotels.com\/blog\/wp-content\/uploads\/2023\/05\/Medieval-6-300x226.png 300w\" sizes=\"auto, (max-width: 469px) 100vw, 469px\" \/><\/p>\n<p>Per non perderti nessuna delle esibizioni e rappresentazioni di questo magico viaggio nel tempo, dai un\u2019occhiata al programma completo, che sar\u00e0 pubblicato prossimamente. <a href=\"https:\/\/www.eivissa.es\/portal\/index.php\/es\/personas\/fiestas\/8340-eivissa-medieval\">Eivissa Medievale<\/a><\/p>\n<h2><strong>Dove alloggiare nella citt\u00e0 di Ibiza<\/strong><\/h2>\n<p>Dove alloggiare sull\u2019isola di Ibiza? Il nostro consiglio \u00e8 di scegliere un hotel o aparthotel nella citt\u00e0 di Ibiza, anche se, ovviamente, <strong>il top \u00e8 poter vedere il mare!<\/strong> Ti consigliamo quindi l\u2019aparthotel <a href=\"https:\/\/www.vibrahotels.com\/es\/ibiza\/ciudad\/aparthotel-vibra-lux-mar utm_medium=cpc&#038;utm_source=google&#038;utm_campaign=marca&#038;utm_content=ALXM&#038;utm_term=es&#038;gad=1&#038;gclid=CjwKCAjwl6OiBhA2EiwAuUwWZeZI4-h_Di4OAbVuZEZ6xpzQ9mcLw2N5NicUPvw6xI86i_-I9RO40BoCcoMQAvD_BwE\">Vibra Luxmar<\/a>, a 10-15 minuti a piedi dalla zona di Dalt Vila, con una spettacolare vista sul mare e sull\u2019isola di Formentera. Si trova a soli 300 metri dalla spiaggia di Figueretas e ha un ottimo rapporto qualit\u00e0-prezzo. Offre colazione a buffet nel ristorante e snack bar a bordo piscina, tra gli altri servizi. Inoltre, dispone di comodi monolocali e appartamenti completamente attrezzati, con tutti i comfort necessari.<\/p>\n<p>Se preferisci un hotel, nella stessa strada c\u2019\u00e8 l\u2019hotel <a href=\"https:\/\/www.vibrahotels.com\/es\/ibiza\/ciudad\/hotel-vibra-maritimo\">Vibra Mar\u00edtimo<\/a>, con tutte le camere vista mare, piscina coperta e palestra. Non perderti il suo divertente e accogliente <a href=\"https:\/\/www.vibrahotels.com\/en\/gastonomy\/blavos-ibiza?utm_source=google&#038;utm_medium=gmb&#038;utm_campaign=Prospecting\">ristorante Blav\u00f3s<\/a> con terrazza sul lungomare di Figueretas, affacciata sul mare, e un men\u00f9 con tapas e piatti deliziosi, perfetto anche solo per godersi il panorama con un drink.<\/p>\n<p>Non pensarci troppo e goditi l\u2019isola di Ibiza! Inoltre, iscrivendoti al nostro <a href=\"https:\/\/clubvibra.vibrahotels.com\/\">Club Vibra<\/a> otterrai uno <strong>sconto del 7% sulla tua prossima prenotazione.<\/strong> Avrai anche fino a 72 ore per cancellare gratuitamente la tua prenotazione.<\/p>\n","protected":false},"excerpt":{"rendered":"<p>Stai pensando di completare le tue giornate a Ibiza con qualcosa di pi\u00f9 di sole e spiaggia e non sai cosa fare? Ti raccontiamo tutto sulla Fiera Medievale di Ibiza, un emblematico mercatino che si tiene a Dalt Vila e&#8230;<\/p>\n","protected":false},"author":1,"featured_media":9432,"comment_status":"open","ping_status":"open","sticky":false,"template":"","format":"standard","meta":{"footnotes":""},"categories":[1532,1552],"tags":[],"class_list":["post-9430","post","type-post","status-publish","format-standard","has-post-thumbnail","hentry","category-piani-ibiza","category-travel-it"],"yoast_head":"<!-- This site is optimized with the Yoast SEO plugin v27.4 - https:\/\/yoast.com\/product\/yoast-seo-wordpress\/ -->\n<title>Fiera medievale Ibiza: ecco com\u2019\u00e8 l\u2019emblematico mercatino di Dalt Vila - Islander by Vibra Hotels<\/title>\n<meta name=\"robots\" content=\"index, follow, max-snippet:-1, max-image-preview:large, max-video-preview:-1\" \/>\n<link rel=\"canonical\" href=\"https:\/\/www.vibrahotels.com\/blog\/it\/feria-medieval-de-ibiza-el-emblematico-mercado-celebrado-en-dalt-vila\/\" \/>\n<meta property=\"og:locale\" content=\"it_IT\" \/>\n<meta property=\"og:type\" content=\"article\" \/>\n<meta property=\"og:title\" content=\"Fiera medievale Ibiza: ecco com\u2019\u00e8 l\u2019emblematico mercatino di Dalt Vila - Islander by Vibra Hotels\" \/>\n<meta property=\"og:description\" content=\"Stai pensando di completare le tue giornate a Ibiza con qualcosa di pi\u00f9 di sole e spiaggia e non sai cosa fare? Ti raccontiamo tutto sulla Fiera Medievale di Ibiza, un emblematico mercatino che si tiene a Dalt Vila e...\" \/>\n<meta property=\"og:url\" content=\"https:\/\/www.vibrahotels.com\/blog\/it\/feria-medieval-de-ibiza-el-emblematico-mercado-celebrado-en-dalt-vila\/\" \/>\n<meta property=\"og:site_name\" content=\"Islander by Vibra Hotels\" \/>\n<meta property=\"article:published_time\" content=\"2025-05-03T07:00:00+00:00\" \/>\n<meta property=\"og:image\" content=\"https:\/\/www.vibrahotels.com\/blog\/wp-content\/uploads\/2023\/05\/shutterstock_2302134471.jpg\" \/>\n\t<meta property=\"og:image:width\" content=\"1000\" \/>\n\t<meta property=\"og:image:height\" content=\"750\" \/>\n\t<meta property=\"og:image:type\" content=\"image\/jpeg\" \/>\n<meta name=\"author\" content=\"The Ibiza Blog\" \/>\n<meta name=\"twitter:card\" content=\"summary_large_image\" \/>\n<meta name=\"twitter:label1\" content=\"Scritto da\" \/>\n\t<meta name=\"twitter:data1\" content=\"The Ibiza Blog\" \/>\n\t<meta name=\"twitter:label2\" content=\"Tempo di lettura stimato\" \/>\n\t<meta name=\"twitter:data2\" content=\"5 minuti\" \/>\n<script type=\"application\/ld+json\" class=\"yoast-schema-graph\">{\"@context\":\"https:\\\/\\\/schema.org\",\"@graph\":[{\"@type\":\"Article\",\"@id\":\"https:\\\/\\\/www.vibrahotels.com\\\/blog\\\/it\\\/feria-medieval-de-ibiza-el-emblematico-mercado-celebrado-en-dalt-vila\\\/#article\",\"isPartOf\":{\"@id\":\"https:\\\/\\\/www.vibrahotels.com\\\/blog\\\/it\\\/feria-medieval-de-ibiza-el-emblematico-mercado-celebrado-en-dalt-vila\\\/\"},\"author\":{\"name\":\"The Ibiza Blog\",\"@id\":\"https:\\\/\\\/www.vibrahotels.com\\\/blog\\\/it\\\/#\\\/schema\\\/person\\\/ad74f13df6e44e7081ef65424f668972\"},\"headline\":\"Fiera medievale Ibiza: ecco com\u2019\u00e8 l\u2019emblematico mercatino di Dalt Vila\",\"datePublished\":\"2025-05-03T07:00:00+00:00\",\"mainEntityOfPage\":{\"@id\":\"https:\\\/\\\/www.vibrahotels.com\\\/blog\\\/it\\\/feria-medieval-de-ibiza-el-emblematico-mercado-celebrado-en-dalt-vila\\\/\"},\"wordCount\":655,\"commentCount\":0,\"image\":{\"@id\":\"https:\\\/\\\/www.vibrahotels.com\\\/blog\\\/it\\\/feria-medieval-de-ibiza-el-emblematico-mercado-celebrado-en-dalt-vila\\\/#primaryimage\"},\"thumbnailUrl\":\"https:\\\/\\\/www.vibrahotels.com\\\/blog\\\/wp-content\\\/uploads\\\/2023\\\/05\\\/shutterstock_2302134471.jpg\",\"articleSection\":[\"Piani Ibiza\",\"Travel\"],\"inLanguage\":\"it-IT\",\"potentialAction\":[{\"@type\":\"CommentAction\",\"name\":\"Comment\",\"target\":[\"https:\\\/\\\/www.vibrahotels.com\\\/blog\\\/it\\\/feria-medieval-de-ibiza-el-emblematico-mercado-celebrado-en-dalt-vila\\\/#respond\"]}]},{\"@type\":\"WebPage\",\"@id\":\"https:\\\/\\\/www.vibrahotels.com\\\/blog\\\/it\\\/feria-medieval-de-ibiza-el-emblematico-mercado-celebrado-en-dalt-vila\\\/\",\"url\":\"https:\\\/\\\/www.vibrahotels.com\\\/blog\\\/it\\\/feria-medieval-de-ibiza-el-emblematico-mercado-celebrado-en-dalt-vila\\\/\",\"name\":\"Fiera medievale Ibiza: ecco com\u2019\u00e8 l\u2019emblematico mercatino di Dalt Vila - Islander by Vibra Hotels\",\"isPartOf\":{\"@id\":\"https:\\\/\\\/www.vibrahotels.com\\\/blog\\\/it\\\/#website\"},\"primaryImageOfPage\":{\"@id\":\"https:\\\/\\\/www.vibrahotels.com\\\/blog\\\/it\\\/feria-medieval-de-ibiza-el-emblematico-mercado-celebrado-en-dalt-vila\\\/#primaryimage\"},\"image\":{\"@id\":\"https:\\\/\\\/www.vibrahotels.com\\\/blog\\\/it\\\/feria-medieval-de-ibiza-el-emblematico-mercado-celebrado-en-dalt-vila\\\/#primaryimage\"},\"thumbnailUrl\":\"https:\\\/\\\/www.vibrahotels.com\\\/blog\\\/wp-content\\\/uploads\\\/2023\\\/05\\\/shutterstock_2302134471.jpg\",\"datePublished\":\"2025-05-03T07:00:00+00:00\",\"author\":{\"@id\":\"https:\\\/\\\/www.vibrahotels.com\\\/blog\\\/it\\\/#\\\/schema\\\/person\\\/ad74f13df6e44e7081ef65424f668972\"},\"breadcrumb\":{\"@id\":\"https:\\\/\\\/www.vibrahotels.com\\\/blog\\\/it\\\/feria-medieval-de-ibiza-el-emblematico-mercado-celebrado-en-dalt-vila\\\/#breadcrumb\"},\"inLanguage\":\"it-IT\",\"potentialAction\":[{\"@type\":\"ReadAction\",\"target\":[\"https:\\\/\\\/www.vibrahotels.com\\\/blog\\\/it\\\/feria-medieval-de-ibiza-el-emblematico-mercado-celebrado-en-dalt-vila\\\/\"]}]},{\"@type\":\"ImageObject\",\"inLanguage\":\"it-IT\",\"@id\":\"https:\\\/\\\/www.vibrahotels.com\\\/blog\\\/it\\\/feria-medieval-de-ibiza-el-emblematico-mercado-celebrado-en-dalt-vila\\\/#primaryimage\",\"url\":\"https:\\\/\\\/www.vibrahotels.com\\\/blog\\\/wp-content\\\/uploads\\\/2023\\\/05\\\/shutterstock_2302134471.jpg\",\"contentUrl\":\"https:\\\/\\\/www.vibrahotels.com\\\/blog\\\/wp-content\\\/uploads\\\/2023\\\/05\\\/shutterstock_2302134471.jpg\",\"width\":1000,\"height\":750},{\"@type\":\"BreadcrumbList\",\"@id\":\"https:\\\/\\\/www.vibrahotels.com\\\/blog\\\/it\\\/feria-medieval-de-ibiza-el-emblematico-mercado-celebrado-en-dalt-vila\\\/#breadcrumb\",\"itemListElement\":[{\"@type\":\"ListItem\",\"position\":1,\"name\":\"Portada\",\"item\":\"https:\\\/\\\/www.vibrahotels.com\\\/blog\\\/it\\\/\"},{\"@type\":\"ListItem\",\"position\":2,\"name\":\"Fiera medievale Ibiza: ecco com\u2019\u00e8 l\u2019emblematico mercatino di Dalt Vila\"}]},{\"@type\":\"WebSite\",\"@id\":\"https:\\\/\\\/www.vibrahotels.com\\\/blog\\\/it\\\/#website\",\"url\":\"https:\\\/\\\/www.vibrahotels.com\\\/blog\\\/it\\\/\",\"name\":\"Islander by Vibra Hotels\",\"description\":\"\",\"potentialAction\":[{\"@type\":\"SearchAction\",\"target\":{\"@type\":\"EntryPoint\",\"urlTemplate\":\"https:\\\/\\\/www.vibrahotels.com\\\/blog\\\/it\\\/?s={search_term_string}\"},\"query-input\":{\"@type\":\"PropertyValueSpecification\",\"valueRequired\":true,\"valueName\":\"search_term_string\"}}],\"inLanguage\":\"it-IT\"},{\"@type\":\"Person\",\"@id\":\"https:\\\/\\\/www.vibrahotels.com\\\/blog\\\/it\\\/#\\\/schema\\\/person\\\/ad74f13df6e44e7081ef65424f668972\",\"name\":\"The Ibiza Blog\",\"image\":{\"@type\":\"ImageObject\",\"inLanguage\":\"it-IT\",\"@id\":\"https:\\\/\\\/secure.gravatar.com\\\/avatar\\\/d172713df318fe4ba11547ee4a70ab1eae0206026db57d7a5920186b9f5ee855?s=96&d=mm&r=g\",\"url\":\"https:\\\/\\\/secure.gravatar.com\\\/avatar\\\/d172713df318fe4ba11547ee4a70ab1eae0206026db57d7a5920186b9f5ee855?s=96&d=mm&r=g\",\"contentUrl\":\"https:\\\/\\\/secure.gravatar.com\\\/avatar\\\/d172713df318fe4ba11547ee4a70ab1eae0206026db57d7a5920186b9f5ee855?s=96&d=mm&r=g\",\"caption\":\"The Ibiza Blog\"},\"url\":\"https:\\\/\\\/www.vibrahotels.com\\\/blog\\\/it\\\/author\\\/the-ibiza-blog\\\/\"}]}<\/script>\n<!-- \/ Yoast SEO plugin. -->","yoast_head_json":{"title":"Fiera medievale Ibiza: ecco com\u2019\u00e8 l\u2019emblematico mercatino di Dalt Vila - Islander by Vibra Hotels","robots":{"index":"index","follow":"follow","max-snippet":"max-snippet:-1","max-image-preview":"max-image-preview:large","max-video-preview":"max-video-preview:-1"},"canonical":"https:\/\/www.vibrahotels.com\/blog\/it\/feria-medieval-de-ibiza-el-emblematico-mercado-celebrado-en-dalt-vila\/","og_locale":"it_IT","og_type":"article","og_title":"Fiera medievale Ibiza: ecco com\u2019\u00e8 l\u2019emblematico mercatino di Dalt Vila - Islander by Vibra Hotels","og_description":"Stai pensando di completare le tue giornate a Ibiza con qualcosa di pi\u00f9 di sole e spiaggia e non sai cosa fare? Ti raccontiamo tutto sulla Fiera Medievale di Ibiza, un emblematico mercatino che si tiene a Dalt Vila e...","og_url":"https:\/\/www.vibrahotels.com\/blog\/it\/feria-medieval-de-ibiza-el-emblematico-mercado-celebrado-en-dalt-vila\/","og_site_name":"Islander by Vibra Hotels","article_published_time":"2025-05-03T07:00:00+00:00","og_image":[{"width":1000,"height":750,"url":"https:\/\/www.vibrahotels.com\/blog\/wp-content\/uploads\/2023\/05\/shutterstock_2302134471.jpg","type":"image\/jpeg"}],"author":"The Ibiza Blog","twitter_card":"summary_large_image","twitter_misc":{"Scritto da":"The Ibiza Blog","Tempo di lettura stimato":"5 minuti"},"schema":{"@context":"https:\/\/schema.org","@graph":[{"@type":"Article","@id":"https:\/\/www.vibrahotels.com\/blog\/it\/feria-medieval-de-ibiza-el-emblematico-mercado-celebrado-en-dalt-vila\/#article","isPartOf":{"@id":"https:\/\/www.vibrahotels.com\/blog\/it\/feria-medieval-de-ibiza-el-emblematico-mercado-celebrado-en-dalt-vila\/"},"author":{"name":"The Ibiza Blog","@id":"https:\/\/www.vibrahotels.com\/blog\/it\/#\/schema\/person\/ad74f13df6e44e7081ef65424f668972"},"headline":"Fiera medievale Ibiza: ecco com\u2019\u00e8 l\u2019emblematico mercatino di Dalt Vila","datePublished":"2025-05-03T07:00:00+00:00","mainEntityOfPage":{"@id":"https:\/\/www.vibrahotels.com\/blog\/it\/feria-medieval-de-ibiza-el-emblematico-mercado-celebrado-en-dalt-vila\/"},"wordCount":655,"commentCount":0,"image":{"@id":"https:\/\/www.vibrahotels.com\/blog\/it\/feria-medieval-de-ibiza-el-emblematico-mercado-celebrado-en-dalt-vila\/#primaryimage"},"thumbnailUrl":"https:\/\/www.vibrahotels.com\/blog\/wp-content\/uploads\/2023\/05\/shutterstock_2302134471.jpg","articleSection":["Piani Ibiza","Travel"],"inLanguage":"it-IT","potentialAction":[{"@type":"CommentAction","name":"Comment","target":["https:\/\/www.vibrahotels.com\/blog\/it\/feria-medieval-de-ibiza-el-emblematico-mercado-celebrado-en-dalt-vila\/#respond"]}]},{"@type":"WebPage","@id":"https:\/\/www.vibrahotels.com\/blog\/it\/feria-medieval-de-ibiza-el-emblematico-mercado-celebrado-en-dalt-vila\/","url":"https:\/\/www.vibrahotels.com\/blog\/it\/feria-medieval-de-ibiza-el-emblematico-mercado-celebrado-en-dalt-vila\/","name":"Fiera medievale Ibiza: ecco com\u2019\u00e8 l\u2019emblematico mercatino di Dalt Vila - Islander by Vibra Hotels","isPartOf":{"@id":"https:\/\/www.vibrahotels.com\/blog\/it\/#website"},"primaryImageOfPage":{"@id":"https:\/\/www.vibrahotels.com\/blog\/it\/feria-medieval-de-ibiza-el-emblematico-mercado-celebrado-en-dalt-vila\/#primaryimage"},"image":{"@id":"https:\/\/www.vibrahotels.com\/blog\/it\/feria-medieval-de-ibiza-el-emblematico-mercado-celebrado-en-dalt-vila\/#primaryimage"},"thumbnailUrl":"https:\/\/www.vibrahotels.com\/blog\/wp-content\/uploads\/2023\/05\/shutterstock_2302134471.jpg","datePublished":"2025-05-03T07:00:00+00:00","author":{"@id":"https:\/\/www.vibrahotels.com\/blog\/it\/#\/schema\/person\/ad74f13df6e44e7081ef65424f668972"},"breadcrumb":{"@id":"https:\/\/www.vibrahotels.com\/blog\/it\/feria-medieval-de-ibiza-el-emblematico-mercado-celebrado-en-dalt-vila\/#breadcrumb"},"inLanguage":"it-IT","potentialAction":[{"@type":"ReadAction","target":["https:\/\/www.vibrahotels.com\/blog\/it\/feria-medieval-de-ibiza-el-emblematico-mercado-celebrado-en-dalt-vila\/"]}]},{"@type":"ImageObject","inLanguage":"it-IT","@id":"https:\/\/www.vibrahotels.com\/blog\/it\/feria-medieval-de-ibiza-el-emblematico-mercado-celebrado-en-dalt-vila\/#primaryimage","url":"https:\/\/www.vibrahotels.com\/blog\/wp-content\/uploads\/2023\/05\/shutterstock_2302134471.jpg","contentUrl":"https:\/\/www.vibrahotels.com\/blog\/wp-content\/uploads\/2023\/05\/shutterstock_2302134471.jpg","width":1000,"height":750},{"@type":"BreadcrumbList","@id":"https:\/\/www.vibrahotels.com\/blog\/it\/feria-medieval-de-ibiza-el-emblematico-mercado-celebrado-en-dalt-vila\/#breadcrumb","itemListElement":[{"@type":"ListItem","position":1,"name":"Portada","item":"https:\/\/www.vibrahotels.com\/blog\/it\/"},{"@type":"ListItem","position":2,"name":"Fiera medievale Ibiza: ecco com\u2019\u00e8 l\u2019emblematico mercatino di Dalt Vila"}]},{"@type":"WebSite","@id":"https:\/\/www.vibrahotels.com\/blog\/it\/#website","url":"https:\/\/www.vibrahotels.com\/blog\/it\/","name":"Islander by Vibra Hotels","description":"","potentialAction":[{"@type":"SearchAction","target":{"@type":"EntryPoint","urlTemplate":"https:\/\/www.vibrahotels.com\/blog\/it\/?s={search_term_string}"},"query-input":{"@type":"PropertyValueSpecification","valueRequired":true,"valueName":"search_term_string"}}],"inLanguage":"it-IT"},{"@type":"Person","@id":"https:\/\/www.vibrahotels.com\/blog\/it\/#\/schema\/person\/ad74f13df6e44e7081ef65424f668972","name":"The Ibiza Blog","image":{"@type":"ImageObject","inLanguage":"it-IT","@id":"https:\/\/secure.gravatar.com\/avatar\/d172713df318fe4ba11547ee4a70ab1eae0206026db57d7a5920186b9f5ee855?s=96&d=mm&r=g","url":"https:\/\/secure.gravatar.com\/avatar\/d172713df318fe4ba11547ee4a70ab1eae0206026db57d7a5920186b9f5ee855?s=96&d=mm&r=g","contentUrl":"https:\/\/secure.gravatar.com\/avatar\/d172713df318fe4ba11547ee4a70ab1eae0206026db57d7a5920186b9f5ee855?s=96&d=mm&r=g","caption":"The Ibiza Blog"},"url":"https:\/\/www.vibrahotels.com\/blog\/it\/author\/the-ibiza-blog\/"}]}},"_links":{"self":[{"href":"https:\/\/www.vibrahotels.com\/blog\/it\/wp-json\/wp\/v2\/posts\/9430","targetHints":{"allow":["GET"]}}],"collection":[{"href":"https:\/\/www.vibrahotels.com\/blog\/it\/wp-json\/wp\/v2\/posts"}],"about":[{"href":"https:\/\/www.vibrahotels.com\/blog\/it\/wp-json\/wp\/v2\/types\/post"}],"author":[{"embeddable":true,"href":"https:\/\/www.vibrahotels.com\/blog\/it\/wp-json\/wp\/v2\/users\/1"}],"replies":[{"embeddable":true,"href":"https:\/\/www.vibrahotels.com\/blog\/it\/wp-json\/wp\/v2\/comments?post=9430"}],"version-history":[{"count":1,"href":"https:\/\/www.vibrahotels.com\/blog\/it\/wp-json\/wp\/v2\/posts\/9430\/revisions"}],"predecessor-version":[{"id":9440,"href":"https:\/\/www.vibrahotels.com\/blog\/it\/wp-json\/wp\/v2\/posts\/9430\/revisions\/9440"}],"wp:featuredmedia":[{"embeddable":true,"href":"https:\/\/www.vibrahotels.com\/blog\/it\/wp-json\/wp\/v2\/media\/9432"}],"wp:attachment":[{"href":"https:\/\/www.vibrahotels.com\/blog\/it\/wp-json\/wp\/v2\/media?parent=9430"}],"wp:term":[{"taxonomy":"category","embeddable":true,"href":"https:\/\/www.vibrahotels.com\/blog\/it\/wp-json\/wp\/v2\/categories?post=9430"},{"taxonomy":"post_tag","embeddable":true,"href":"https:\/\/www.vibrahotels.com\/blog\/it\/wp-json\/wp\/v2\/tags?post=9430"}],"curies":[{"name":"wp","href":"https:\/\/api.w.org\/{rel}","templated":true}]}}