{"id":9387,"date":"2024-04-19T12:00:56","date_gmt":"2024-04-19T10:00:56","guid":{"rendered":"https:\/\/www.vibrahotels.com\/blog\/ruta-de-3-dias-en-menorca\/"},"modified":"2025-04-03T16:26:55","modified_gmt":"2025-04-03T14:26:55","slug":"ruta-de-3-dias-en-menorca","status":"publish","type":"post","link":"https:\/\/www.vibrahotels.com\/blog\/it\/ruta-de-3-dias-en-menorca\/","title":{"rendered":"Itinerario di 3 giorni a Minorca."},"content":{"rendered":"<p>Menorca \u00e8 uno di quei luoghi in cui ti invade una sensazione di pace e tranquillit\u00e0, grazie ai suoi paesaggi, ai suoi villaggi e alle sue persone. Se hai solo <strong>tre giorni<\/strong> e ti stai chiedendo <strong>cosa vedere a Menorca<\/strong>, te lo raccontiamo qui! \u00c8 un paradiso ricco di cose da fare!<\/p>\n<p>Puoi arrivare in traghetto o in aereo, ma se hai poco tempo per visitare tutte le isole, ti consigliamo l&#8217;aereo. Ci sono voli frequenti da Maiorca e sono voli brevi, di circa 30 minuti di durata. La nostra proposta \u00e8 di cercare alloggio nella zona di Ciutadella e niente di meglio che gli <a href=\"https:\/\/www.vibrahotels.com\/es\/menorca\">appartamenti e apartahotel di Vibra Hotels<\/a> con eccezionali spazi verdi e fantastiche piscine, ideali sia per <strong>coppie<\/strong> che per <strong>famiglie con bambini<\/strong>. Si tratta di un <strong>alloggio con charme<\/strong> a tutti gli effetti, situato a soli 2 km da Ciutadella, molto vicino al mare. Offrono un eccellente rapporto qualit\u00e0-prezzo.<img loading=\"lazy\" decoding=\"async\" class=\"alignnone size-full wp-image-7091\" src=\"https:\/\/www.vibrahotels.com\/wp-content\/uploads\/2024\/04\/thumb_2048x1536_10d01213-45e9-488e-9f18-75d7948c6832.jpg\" alt=\"ciutadella beach\" width=\"1024\" height=\"683\" srcset=\"https:\/\/www.vibrahotels.com\/blog\/wp-content\/uploads\/2024\/04\/thumb_2048x1536_10d01213-45e9-488e-9f18-75d7948c6832.jpg 1024w, https:\/\/www.vibrahotels.com\/blog\/wp-content\/uploads\/2024\/04\/thumb_2048x1536_10d01213-45e9-488e-9f18-75d7948c6832-300x200.jpg 300w, https:\/\/www.vibrahotels.com\/blog\/wp-content\/uploads\/2024\/04\/thumb_2048x1536_10d01213-45e9-488e-9f18-75d7948c6832-768x512.jpg 768w\" sizes=\"auto, (max-width: 1024px) 100vw, 1024px\" \/><\/p>\n<p>Come punto di partenza ti suggeriamo di <strong>visitare<\/strong><strong> Ciutadella<\/strong>, passeggiare per le sue strade del centro storico dove ammirare il Castello di San Nicol\u00e1s o la sua Cattedrale. Nel porto di Ciutadella troverai un&#8217;atmosfera vivace tra una moltitudine di bar e ristoranti dove potrai gustare i piatti tipici locali come la caldereta o le uova con aragosta.<\/p>\n<p>L&#8217;altra citt\u00e0 importante che dovresti visitare \u00e8 Mah\u00f3n, considerato uno dei porti naturali pi\u00f9 estesi del Mar Mediterraneo e del mondo. La Fortezza della Mola o Fortezza di Isabella II \u00e8 <strong>una delle visite pi\u00f9 interessanti<\/strong> che puoi fare sull&#8217;isola. Appartiene al comune di Mah\u00f3n, ma si accede in auto. Qui puoi visitare il Bastione di Sant Roc o la Chiesa di Sant Francesc.<\/p>\n<p><img loading=\"lazy\" decoding=\"async\" class=\"alignnone size-full wp-image-7085\" src=\"https:\/\/www.vibrahotels.com\/wp-content\/uploads\/2024\/04\/shutterstock_162346184-scaled.jpg\" alt=\"\" width=\"2560\" height=\"1707\" srcset=\"https:\/\/www.vibrahotels.com\/blog\/wp-content\/uploads\/2024\/04\/shutterstock_162346184-scaled.jpg 2560w, https:\/\/www.vibrahotels.com\/blog\/wp-content\/uploads\/2024\/04\/shutterstock_162346184-300x200.jpg 300w, https:\/\/www.vibrahotels.com\/blog\/wp-content\/uploads\/2024\/04\/shutterstock_162346184-1024x683.jpg 1024w, https:\/\/www.vibrahotels.com\/blog\/wp-content\/uploads\/2024\/04\/shutterstock_162346184-768x512.jpg 768w, https:\/\/www.vibrahotels.com\/blog\/wp-content\/uploads\/2024\/04\/shutterstock_162346184-1536x1024.jpg 1536w, https:\/\/www.vibrahotels.com\/blog\/wp-content\/uploads\/2024\/04\/shutterstock_162346184-2048x1365.jpg 2048w\" sizes=\"auto, (max-width: 2560px) 100vw, 2560px\" \/><\/p>\n<p>Le spiagge di quest&#8217;isola sono anche paradisiache, come in tutto l&#8217;arcipelago delle Baleari. Se ti piacciono i luoghi popolari, possiamo segnalare <strong>Cala di Son Bou<\/strong>, che, oltre a essere la spiaggia pi\u00f9 lunga di Menorca, \u00e8 circondata da una riserva naturale. Si tratta di un&#8217;area nella costa meridionale, nel comune di <strong>Alaior<\/strong>, ricca di attrattive. Tuttavia, a Menorca c&#8217;\u00e8 qualcosa di molto caratteristico: le spiagge di sabbia dorata circondate da montagne rossastre, come Cala Pregonda, Cala Tortuga e Cala Pilar. Altre spiagge che ti suggeriamo se hai tempo sono Cala en Turqueta, Cala Mitjana, <strong>Cala Galdana<\/strong> o <strong>Cala Macarella<\/strong>.<\/p>\n<p><img loading=\"lazy\" decoding=\"async\" class=\"alignnone size-full wp-image-7087\" src=\"https:\/\/www.vibrahotels.com\/wp-content\/uploads\/2024\/04\/shutterstock_1028563462-scaled.jpg\" alt=\"\" width=\"2560\" height=\"1707\" srcset=\"https:\/\/www.vibrahotels.com\/blog\/wp-content\/uploads\/2024\/04\/shutterstock_1028563462-scaled.jpg 2560w, https:\/\/www.vibrahotels.com\/blog\/wp-content\/uploads\/2024\/04\/shutterstock_1028563462-300x200.jpg 300w, https:\/\/www.vibrahotels.com\/blog\/wp-content\/uploads\/2024\/04\/shutterstock_1028563462-1024x683.jpg 1024w, https:\/\/www.vibrahotels.com\/blog\/wp-content\/uploads\/2024\/04\/shutterstock_1028563462-768x512.jpg 768w, https:\/\/www.vibrahotels.com\/blog\/wp-content\/uploads\/2024\/04\/shutterstock_1028563462-1536x1024.jpg 1536w, https:\/\/www.vibrahotels.com\/blog\/wp-content\/uploads\/2024\/04\/shutterstock_1028563462-2048x1365.jpg 2048w\" sizes=\"auto, (max-width: 2560px) 100vw, 2560px\" \/><\/p>\n<p>E poich\u00e9 siamo vicini al mare, non possiamo non menzionare i tramonti dai <strong>fari di Menorca<\/strong>. Ce ne sono molti sparsi per l&#8217;isola, e la maggior parte sono di grande bellezza, come il faro di Cavaller\u00eda o quello di Punta Nati.<\/p>\n<p>Se ti piace fare escursioni, non perdere il famoso percorso del Cam\u00ed de Cavalls, un sentiero di <strong>185 chilometri<\/strong> che circonda tutta l&#8217;isola di Menorca. Dal sentiero avrai magnifiche viste e il percorso comprende zone selvagge che non immaginavi nemmeno esistessero.<\/p>\n<p>Una curiosit\u00e0 su Menorca riguarda i <strong>resti della Cultura Talay\u00f2tica<\/strong>, societ\u00e0 preistoriche che si svilupparono tra il 2000 a.C. e il 1000 a.C. a Maiorca e Menorca, come quelli trovati nella Naveta des Tudons, nella Necropoli di Cala Morell o nella Torre d\u2019en Galm\u00e9s, tra gli altri.<\/p>\n<p>Infine, ti consigliamo una <strong>escursione in barca a Menorca<\/strong> per arrivare in un luogo magico situato a Cala en Porter, la Cova d\u2019en Xoroi, che \u00e8 accessibile solo via mare, perfetta per godere del tramonto!<\/p>\n<p><img loading=\"lazy\" decoding=\"async\" class=\"alignnone size-full wp-image-7083\" src=\"https:\/\/www.vibrahotels.com\/wp-content\/uploads\/2024\/04\/shutterstock_152127377-1-scaled.jpg\" alt=\"\" width=\"2560\" height=\"1826\" srcset=\"https:\/\/www.vibrahotels.com\/blog\/wp-content\/uploads\/2024\/04\/shutterstock_152127377-1-scaled.jpg 2560w, https:\/\/www.vibrahotels.com\/blog\/wp-content\/uploads\/2024\/04\/shutterstock_152127377-1-300x214.jpg 300w, https:\/\/www.vibrahotels.com\/blog\/wp-content\/uploads\/2024\/04\/shutterstock_152127377-1-1024x731.jpg 1024w, https:\/\/www.vibrahotels.com\/blog\/wp-content\/uploads\/2024\/04\/shutterstock_152127377-1-768x548.jpg 768w, https:\/\/www.vibrahotels.com\/blog\/wp-content\/uploads\/2024\/04\/shutterstock_152127377-1-1536x1096.jpg 1536w, https:\/\/www.vibrahotels.com\/blog\/wp-content\/uploads\/2024\/04\/shutterstock_152127377-1-2048x1461.jpg 2048w\" sizes=\"auto, (max-width: 2560px) 100vw, 2560px\" \/><\/p>\n<p>Ricorda il nostro consiglio per l&#8217;alloggio negli <a href=\"https:\/\/www.vibrahotels.com\/es\/menorca\">appartamenti e apartahotel di Vibra Hotels<\/a> e, inoltre, se ti unisci al <a href=\"https:\/\/www.vibrahotels.com\/es\/club-vibra\">Club Vibra<\/a> <strong>ottieni uno sconto del 7%<\/strong> sulla tua prenotazione, e potrai godere di vantaggi come un <strong>10% di sconto su Balearia<\/strong> per alcune rotte, cos\u00ec potrai vivere al massimo la tua esperienza!<\/p>\n","protected":false},"excerpt":{"rendered":"<p>Menorca \u00e8 uno di quei luoghi in cui ti invade una sensazione di pace e tranquillit\u00e0, grazie ai suoi paesaggi, ai suoi villaggi e alle sue persone. Se hai solo tre giorni e ti stai chiedendo cosa vedere a Menorca,&#8230;<\/p>\n","protected":false},"author":1,"featured_media":9389,"comment_status":"open","ping_status":"open","sticky":false,"template":"","format":"standard","meta":{"footnotes":""},"categories":[1556],"tags":[],"class_list":["post-9387","post","type-post","status-publish","format-standard","has-post-thumbnail","hentry","category-piani-minorca-it"],"yoast_head":"<!-- This site is optimized with the Yoast SEO plugin v27.4 - https:\/\/yoast.com\/product\/yoast-seo-wordpress\/ -->\n<title>Itinerario di 3 giorni a Minorca. - Islander by Vibra Hotels<\/title>\n<meta name=\"robots\" content=\"index, follow, max-snippet:-1, max-image-preview:large, max-video-preview:-1\" \/>\n<link rel=\"canonical\" href=\"https:\/\/www.vibrahotels.com\/blog\/it\/ruta-de-3-dias-en-menorca\/\" \/>\n<meta property=\"og:locale\" content=\"it_IT\" \/>\n<meta property=\"og:type\" content=\"article\" \/>\n<meta property=\"og:title\" content=\"Itinerario di 3 giorni a Minorca. - Islander by Vibra Hotels\" \/>\n<meta property=\"og:description\" content=\"Menorca \u00e8 uno di quei luoghi in cui ti invade una sensazione di pace e tranquillit\u00e0, grazie ai suoi paesaggi, ai suoi villaggi e alle sue persone. Se hai solo tre giorni e ti stai chiedendo cosa vedere a Menorca,...\" \/>\n<meta property=\"og:url\" content=\"https:\/\/www.vibrahotels.com\/blog\/it\/ruta-de-3-dias-en-menorca\/\" \/>\n<meta property=\"og:site_name\" content=\"Islander by Vibra Hotels\" \/>\n<meta property=\"article:published_time\" content=\"2024-04-19T10:00:56+00:00\" \/>\n<meta property=\"article:modified_time\" content=\"2025-04-03T14:26:55+00:00\" \/>\n<meta property=\"og:image\" content=\"https:\/\/www.vibrahotels.com\/blog\/wp-content\/uploads\/2024\/04\/shutterstock_1028563462-scaled.jpg\" \/>\n\t<meta property=\"og:image:width\" content=\"2560\" \/>\n\t<meta property=\"og:image:height\" content=\"1707\" \/>\n\t<meta property=\"og:image:type\" content=\"image\/jpeg\" \/>\n<meta name=\"author\" content=\"The Ibiza Blog\" \/>\n<meta name=\"twitter:card\" content=\"summary_large_image\" \/>\n<meta name=\"twitter:label1\" content=\"Scritto da\" \/>\n\t<meta name=\"twitter:data1\" content=\"The Ibiza Blog\" \/>\n\t<meta name=\"twitter:label2\" content=\"Tempo di lettura stimato\" \/>\n\t<meta name=\"twitter:data2\" content=\"3 minuti\" \/>\n<script type=\"application\/ld+json\" class=\"yoast-schema-graph\">{\"@context\":\"https:\\\/\\\/schema.org\",\"@graph\":[{\"@type\":\"Article\",\"@id\":\"https:\\\/\\\/www.vibrahotels.com\\\/blog\\\/it\\\/ruta-de-3-dias-en-menorca\\\/#article\",\"isPartOf\":{\"@id\":\"https:\\\/\\\/www.vibrahotels.com\\\/blog\\\/it\\\/ruta-de-3-dias-en-menorca\\\/\"},\"author\":{\"name\":\"The Ibiza Blog\",\"@id\":\"https:\\\/\\\/www.vibrahotels.com\\\/blog\\\/it\\\/#\\\/schema\\\/person\\\/ad74f13df6e44e7081ef65424f668972\"},\"headline\":\"Itinerario di 3 giorni a Minorca.\",\"datePublished\":\"2024-04-19T10:00:56+00:00\",\"dateModified\":\"2025-04-03T14:26:55+00:00\",\"mainEntityOfPage\":{\"@id\":\"https:\\\/\\\/www.vibrahotels.com\\\/blog\\\/it\\\/ruta-de-3-dias-en-menorca\\\/\"},\"wordCount\":592,\"commentCount\":0,\"image\":{\"@id\":\"https:\\\/\\\/www.vibrahotels.com\\\/blog\\\/it\\\/ruta-de-3-dias-en-menorca\\\/#primaryimage\"},\"thumbnailUrl\":\"https:\\\/\\\/www.vibrahotels.com\\\/blog\\\/wp-content\\\/uploads\\\/2024\\\/04\\\/shutterstock_1028563462-scaled.jpg\",\"articleSection\":[\"Piani Minorca\"],\"inLanguage\":\"it-IT\",\"potentialAction\":[{\"@type\":\"CommentAction\",\"name\":\"Comment\",\"target\":[\"https:\\\/\\\/www.vibrahotels.com\\\/blog\\\/it\\\/ruta-de-3-dias-en-menorca\\\/#respond\"]}]},{\"@type\":\"WebPage\",\"@id\":\"https:\\\/\\\/www.vibrahotels.com\\\/blog\\\/it\\\/ruta-de-3-dias-en-menorca\\\/\",\"url\":\"https:\\\/\\\/www.vibrahotels.com\\\/blog\\\/it\\\/ruta-de-3-dias-en-menorca\\\/\",\"name\":\"Itinerario di 3 giorni a Minorca. - Islander by Vibra Hotels\",\"isPartOf\":{\"@id\":\"https:\\\/\\\/www.vibrahotels.com\\\/blog\\\/it\\\/#website\"},\"primaryImageOfPage\":{\"@id\":\"https:\\\/\\\/www.vibrahotels.com\\\/blog\\\/it\\\/ruta-de-3-dias-en-menorca\\\/#primaryimage\"},\"image\":{\"@id\":\"https:\\\/\\\/www.vibrahotels.com\\\/blog\\\/it\\\/ruta-de-3-dias-en-menorca\\\/#primaryimage\"},\"thumbnailUrl\":\"https:\\\/\\\/www.vibrahotels.com\\\/blog\\\/wp-content\\\/uploads\\\/2024\\\/04\\\/shutterstock_1028563462-scaled.jpg\",\"datePublished\":\"2024-04-19T10:00:56+00:00\",\"dateModified\":\"2025-04-03T14:26:55+00:00\",\"author\":{\"@id\":\"https:\\\/\\\/www.vibrahotels.com\\\/blog\\\/it\\\/#\\\/schema\\\/person\\\/ad74f13df6e44e7081ef65424f668972\"},\"breadcrumb\":{\"@id\":\"https:\\\/\\\/www.vibrahotels.com\\\/blog\\\/it\\\/ruta-de-3-dias-en-menorca\\\/#breadcrumb\"},\"inLanguage\":\"it-IT\",\"potentialAction\":[{\"@type\":\"ReadAction\",\"target\":[\"https:\\\/\\\/www.vibrahotels.com\\\/blog\\\/it\\\/ruta-de-3-dias-en-menorca\\\/\"]}]},{\"@type\":\"ImageObject\",\"inLanguage\":\"it-IT\",\"@id\":\"https:\\\/\\\/www.vibrahotels.com\\\/blog\\\/it\\\/ruta-de-3-dias-en-menorca\\\/#primaryimage\",\"url\":\"https:\\\/\\\/www.vibrahotels.com\\\/blog\\\/wp-content\\\/uploads\\\/2024\\\/04\\\/shutterstock_1028563462-scaled.jpg\",\"contentUrl\":\"https:\\\/\\\/www.vibrahotels.com\\\/blog\\\/wp-content\\\/uploads\\\/2024\\\/04\\\/shutterstock_1028563462-scaled.jpg\",\"width\":2560,\"height\":1707},{\"@type\":\"BreadcrumbList\",\"@id\":\"https:\\\/\\\/www.vibrahotels.com\\\/blog\\\/it\\\/ruta-de-3-dias-en-menorca\\\/#breadcrumb\",\"itemListElement\":[{\"@type\":\"ListItem\",\"position\":1,\"name\":\"Portada\",\"item\":\"https:\\\/\\\/www.vibrahotels.com\\\/blog\\\/it\\\/\"},{\"@type\":\"ListItem\",\"position\":2,\"name\":\"Itinerario di 3 giorni a Minorca.\"}]},{\"@type\":\"WebSite\",\"@id\":\"https:\\\/\\\/www.vibrahotels.com\\\/blog\\\/it\\\/#website\",\"url\":\"https:\\\/\\\/www.vibrahotels.com\\\/blog\\\/it\\\/\",\"name\":\"Islander by Vibra Hotels\",\"description\":\"\",\"potentialAction\":[{\"@type\":\"SearchAction\",\"target\":{\"@type\":\"EntryPoint\",\"urlTemplate\":\"https:\\\/\\\/www.vibrahotels.com\\\/blog\\\/it\\\/?s={search_term_string}\"},\"query-input\":{\"@type\":\"PropertyValueSpecification\",\"valueRequired\":true,\"valueName\":\"search_term_string\"}}],\"inLanguage\":\"it-IT\"},{\"@type\":\"Person\",\"@id\":\"https:\\\/\\\/www.vibrahotels.com\\\/blog\\\/it\\\/#\\\/schema\\\/person\\\/ad74f13df6e44e7081ef65424f668972\",\"name\":\"The Ibiza Blog\",\"image\":{\"@type\":\"ImageObject\",\"inLanguage\":\"it-IT\",\"@id\":\"https:\\\/\\\/secure.gravatar.com\\\/avatar\\\/d172713df318fe4ba11547ee4a70ab1eae0206026db57d7a5920186b9f5ee855?s=96&d=mm&r=g\",\"url\":\"https:\\\/\\\/secure.gravatar.com\\\/avatar\\\/d172713df318fe4ba11547ee4a70ab1eae0206026db57d7a5920186b9f5ee855?s=96&d=mm&r=g\",\"contentUrl\":\"https:\\\/\\\/secure.gravatar.com\\\/avatar\\\/d172713df318fe4ba11547ee4a70ab1eae0206026db57d7a5920186b9f5ee855?s=96&d=mm&r=g\",\"caption\":\"The Ibiza Blog\"},\"url\":\"https:\\\/\\\/www.vibrahotels.com\\\/blog\\\/it\\\/author\\\/the-ibiza-blog\\\/\"}]}<\/script>\n<!-- \/ Yoast SEO plugin. -->","yoast_head_json":{"title":"Itinerario di 3 giorni a Minorca. - Islander by Vibra Hotels","robots":{"index":"index","follow":"follow","max-snippet":"max-snippet:-1","max-image-preview":"max-image-preview:large","max-video-preview":"max-video-preview:-1"},"canonical":"https:\/\/www.vibrahotels.com\/blog\/it\/ruta-de-3-dias-en-menorca\/","og_locale":"it_IT","og_type":"article","og_title":"Itinerario di 3 giorni a Minorca. - Islander by Vibra Hotels","og_description":"Menorca \u00e8 uno di quei luoghi in cui ti invade una sensazione di pace e tranquillit\u00e0, grazie ai suoi paesaggi, ai suoi villaggi e alle sue persone. Se hai solo tre giorni e ti stai chiedendo cosa vedere a Menorca,...","og_url":"https:\/\/www.vibrahotels.com\/blog\/it\/ruta-de-3-dias-en-menorca\/","og_site_name":"Islander by Vibra Hotels","article_published_time":"2024-04-19T10:00:56+00:00","article_modified_time":"2025-04-03T14:26:55+00:00","og_image":[{"width":2560,"height":1707,"url":"https:\/\/www.vibrahotels.com\/blog\/wp-content\/uploads\/2024\/04\/shutterstock_1028563462-scaled.jpg","type":"image\/jpeg"}],"author":"The Ibiza Blog","twitter_card":"summary_large_image","twitter_misc":{"Scritto da":"The Ibiza Blog","Tempo di lettura stimato":"3 minuti"},"schema":{"@context":"https:\/\/schema.org","@graph":[{"@type":"Article","@id":"https:\/\/www.vibrahotels.com\/blog\/it\/ruta-de-3-dias-en-menorca\/#article","isPartOf":{"@id":"https:\/\/www.vibrahotels.com\/blog\/it\/ruta-de-3-dias-en-menorca\/"},"author":{"name":"The Ibiza Blog","@id":"https:\/\/www.vibrahotels.com\/blog\/it\/#\/schema\/person\/ad74f13df6e44e7081ef65424f668972"},"headline":"Itinerario di 3 giorni a Minorca.","datePublished":"2024-04-19T10:00:56+00:00","dateModified":"2025-04-03T14:26:55+00:00","mainEntityOfPage":{"@id":"https:\/\/www.vibrahotels.com\/blog\/it\/ruta-de-3-dias-en-menorca\/"},"wordCount":592,"commentCount":0,"image":{"@id":"https:\/\/www.vibrahotels.com\/blog\/it\/ruta-de-3-dias-en-menorca\/#primaryimage"},"thumbnailUrl":"https:\/\/www.vibrahotels.com\/blog\/wp-content\/uploads\/2024\/04\/shutterstock_1028563462-scaled.jpg","articleSection":["Piani Minorca"],"inLanguage":"it-IT","potentialAction":[{"@type":"CommentAction","name":"Comment","target":["https:\/\/www.vibrahotels.com\/blog\/it\/ruta-de-3-dias-en-menorca\/#respond"]}]},{"@type":"WebPage","@id":"https:\/\/www.vibrahotels.com\/blog\/it\/ruta-de-3-dias-en-menorca\/","url":"https:\/\/www.vibrahotels.com\/blog\/it\/ruta-de-3-dias-en-menorca\/","name":"Itinerario di 3 giorni a Minorca. - Islander by Vibra Hotels","isPartOf":{"@id":"https:\/\/www.vibrahotels.com\/blog\/it\/#website"},"primaryImageOfPage":{"@id":"https:\/\/www.vibrahotels.com\/blog\/it\/ruta-de-3-dias-en-menorca\/#primaryimage"},"image":{"@id":"https:\/\/www.vibrahotels.com\/blog\/it\/ruta-de-3-dias-en-menorca\/#primaryimage"},"thumbnailUrl":"https:\/\/www.vibrahotels.com\/blog\/wp-content\/uploads\/2024\/04\/shutterstock_1028563462-scaled.jpg","datePublished":"2024-04-19T10:00:56+00:00","dateModified":"2025-04-03T14:26:55+00:00","author":{"@id":"https:\/\/www.vibrahotels.com\/blog\/it\/#\/schema\/person\/ad74f13df6e44e7081ef65424f668972"},"breadcrumb":{"@id":"https:\/\/www.vibrahotels.com\/blog\/it\/ruta-de-3-dias-en-menorca\/#breadcrumb"},"inLanguage":"it-IT","potentialAction":[{"@type":"ReadAction","target":["https:\/\/www.vibrahotels.com\/blog\/it\/ruta-de-3-dias-en-menorca\/"]}]},{"@type":"ImageObject","inLanguage":"it-IT","@id":"https:\/\/www.vibrahotels.com\/blog\/it\/ruta-de-3-dias-en-menorca\/#primaryimage","url":"https:\/\/www.vibrahotels.com\/blog\/wp-content\/uploads\/2024\/04\/shutterstock_1028563462-scaled.jpg","contentUrl":"https:\/\/www.vibrahotels.com\/blog\/wp-content\/uploads\/2024\/04\/shutterstock_1028563462-scaled.jpg","width":2560,"height":1707},{"@type":"BreadcrumbList","@id":"https:\/\/www.vibrahotels.com\/blog\/it\/ruta-de-3-dias-en-menorca\/#breadcrumb","itemListElement":[{"@type":"ListItem","position":1,"name":"Portada","item":"https:\/\/www.vibrahotels.com\/blog\/it\/"},{"@type":"ListItem","position":2,"name":"Itinerario di 3 giorni a Minorca."}]},{"@type":"WebSite","@id":"https:\/\/www.vibrahotels.com\/blog\/it\/#website","url":"https:\/\/www.vibrahotels.com\/blog\/it\/","name":"Islander by Vibra Hotels","description":"","potentialAction":[{"@type":"SearchAction","target":{"@type":"EntryPoint","urlTemplate":"https:\/\/www.vibrahotels.com\/blog\/it\/?s={search_term_string}"},"query-input":{"@type":"PropertyValueSpecification","valueRequired":true,"valueName":"search_term_string"}}],"inLanguage":"it-IT"},{"@type":"Person","@id":"https:\/\/www.vibrahotels.com\/blog\/it\/#\/schema\/person\/ad74f13df6e44e7081ef65424f668972","name":"The Ibiza Blog","image":{"@type":"ImageObject","inLanguage":"it-IT","@id":"https:\/\/secure.gravatar.com\/avatar\/d172713df318fe4ba11547ee4a70ab1eae0206026db57d7a5920186b9f5ee855?s=96&d=mm&r=g","url":"https:\/\/secure.gravatar.com\/avatar\/d172713df318fe4ba11547ee4a70ab1eae0206026db57d7a5920186b9f5ee855?s=96&d=mm&r=g","contentUrl":"https:\/\/secure.gravatar.com\/avatar\/d172713df318fe4ba11547ee4a70ab1eae0206026db57d7a5920186b9f5ee855?s=96&d=mm&r=g","caption":"The Ibiza Blog"},"url":"https:\/\/www.vibrahotels.com\/blog\/it\/author\/the-ibiza-blog\/"}]}},"_links":{"self":[{"href":"https:\/\/www.vibrahotels.com\/blog\/it\/wp-json\/wp\/v2\/posts\/9387","targetHints":{"allow":["GET"]}}],"collection":[{"href":"https:\/\/www.vibrahotels.com\/blog\/it\/wp-json\/wp\/v2\/posts"}],"about":[{"href":"https:\/\/www.vibrahotels.com\/blog\/it\/wp-json\/wp\/v2\/types\/post"}],"author":[{"embeddable":true,"href":"https:\/\/www.vibrahotels.com\/blog\/it\/wp-json\/wp\/v2\/users\/1"}],"replies":[{"embeddable":true,"href":"https:\/\/www.vibrahotels.com\/blog\/it\/wp-json\/wp\/v2\/comments?post=9387"}],"version-history":[{"count":1,"href":"https:\/\/www.vibrahotels.com\/blog\/it\/wp-json\/wp\/v2\/posts\/9387\/revisions"}],"predecessor-version":[{"id":9394,"href":"https:\/\/www.vibrahotels.com\/blog\/it\/wp-json\/wp\/v2\/posts\/9387\/revisions\/9394"}],"wp:featuredmedia":[{"embeddable":true,"href":"https:\/\/www.vibrahotels.com\/blog\/it\/wp-json\/wp\/v2\/media\/9389"}],"wp:attachment":[{"href":"https:\/\/www.vibrahotels.com\/blog\/it\/wp-json\/wp\/v2\/media?parent=9387"}],"wp:term":[{"taxonomy":"category","embeddable":true,"href":"https:\/\/www.vibrahotels.com\/blog\/it\/wp-json\/wp\/v2\/categories?post=9387"},{"taxonomy":"post_tag","embeddable":true,"href":"https:\/\/www.vibrahotels.com\/blog\/it\/wp-json\/wp\/v2\/tags?post=9387"}],"curies":[{"name":"wp","href":"https:\/\/api.w.org\/{rel}","templated":true}]}}