{"id":9373,"date":"2024-04-05T12:00:28","date_gmt":"2024-04-05T10:00:28","guid":{"rendered":"https:\/\/www.vibrahotels.com\/blog\/ruta-de-3-dias-por-mallorca\/"},"modified":"2025-04-03T16:20:27","modified_gmt":"2025-04-03T14:20:27","slug":"ruta-de-3-dias-por-mallorca","status":"publish","type":"post","link":"https:\/\/www.vibrahotels.com\/blog\/it\/ruta-de-3-dias-por-mallorca\/","title":{"rendered":"Itinerario di 3 giorni a Maiorca"},"content":{"rendered":"<p><span data-contrast=\"auto\">Hai un weekend lungo di tre giorni e stai pensando di andare a Maiorca&#8230;? <\/span><span data-ccp-props=\"{\"134233117\":false,\"134233118\":false,\"201341983\":0,\"335551550\":6,\"335551620\":6,\"335557856\":16777215,\"335559738\":0,\"335559739\":540,\"335559740\":240}\"> <\/span><\/p>\n<p><span data-contrast=\"auto\">Hai fatto la scelta giusta! Maiorca \u00e8 facilmente raggiungibile in aereo dalla maggior parte degli aeroporti spagnoli ed europei, ed \u00e8 a solo due ore di traghetto da Valencia o Denia. Una volta arrivato a Maiorca, ti consigliamo di noleggiare un&#8217;auto per goderti al massimo l&#8217;isola pi\u00f9 grande dell&#8217;arcipelago delle Baleari, conosciuta per le sue innumerevoli spiagge di acque cristalline e per i luoghi incantevoli da visitare; se viaggi in traghetto con la tua auto \u00e8 una scelta molto comoda. Un&#8217;altra opzione fantastica \u00e8 fare un&#8217;escursione in barca, che ti permetter\u00e0 di vedere l&#8217;isola da una prospettiva diversa e, inoltre, potrai goderti un bagno in calette incredibili che non sono facilmente raggiungibili in auto. <\/span><span data-ccp-props=\"{\"134233117\":false,\"134233118\":false,\"201341983\":0,\"335551550\":6,\"335551620\":6,\"335557856\":16777215,\"335559738\":0,\"335559739\":540,\"335559740\":240}\"> <\/span><\/p>\n<p><span data-contrast=\"auto\">Se cerchi idee su <\/span><b><span data-contrast=\"auto\">dove alloggiare a Maiorca<\/span><\/b><span data-contrast=\"auto\">, ti consigliamo di scegliere un hotel come base e, da l\u00ec, percorrere i percorsi che abbiamo selezionato per rendere il tuo viaggio indimenticabile! Sicuramente vorrai tornare! Ovviamente, la soluzione ideale sono <\/span><b><span data-contrast=\"auto\">gli hotel vicino alla spiaggia<\/span><\/b><span data-contrast=\"auto\">, come ad esempio l&#8217;<\/span><a href=\"https:\/\/www.vibrahotels.com\/mallorca\/playa-de-palma\/hotel-vibra-palma?utm_source=google&#038;utm_medium=gmb&#038;utm_campaign=listing&#038;utm_content=HPAL\"><span data-contrast=\"none\">Hotel Vibra Palma Cactus<\/span><\/a><span data-contrast=\"auto\">, sulla Playa de Palma, a 11 km dalla citt\u00e0 di Palma e a 5 km dall&#8217;aeroporto di Maiorca, con un design accogliente ispirato a Miami negli anni &#8217;50, con piscina, e a solo 300 metri dalla Playa de Palma. <\/span><span data-ccp-props=\"{\"134233117\":false,\"134233118\":false,\"201341983\":0,\"335551550\":6,\"335551620\":6,\"335557856\":16777215,\"335559738\":0,\"335559739\":540,\"335559740\":240}\"> <\/span><\/p>\n<p><img loading=\"lazy\" decoding=\"async\" class=\"alignnone size-full wp-image-7074\" src=\"https:\/\/www.vibrahotels.com\/wp-content\/uploads\/2024\/04\/thumb_2048x1536_c89ade8e-e600-4ba6-8fd9-6c06c2621b92-1.jpg\" alt=\"\" width=\"2045\" height=\"1536\" srcset=\"https:\/\/www.vibrahotels.com\/blog\/wp-content\/uploads\/2024\/04\/thumb_2048x1536_c89ade8e-e600-4ba6-8fd9-6c06c2621b92-1.jpg 2045w, https:\/\/www.vibrahotels.com\/blog\/wp-content\/uploads\/2024\/04\/thumb_2048x1536_c89ade8e-e600-4ba6-8fd9-6c06c2621b92-1-300x225.jpg 300w, https:\/\/www.vibrahotels.com\/blog\/wp-content\/uploads\/2024\/04\/thumb_2048x1536_c89ade8e-e600-4ba6-8fd9-6c06c2621b92-1-1024x769.jpg 1024w, https:\/\/www.vibrahotels.com\/blog\/wp-content\/uploads\/2024\/04\/thumb_2048x1536_c89ade8e-e600-4ba6-8fd9-6c06c2621b92-1-768x577.jpg 768w, https:\/\/www.vibrahotels.com\/blog\/wp-content\/uploads\/2024\/04\/thumb_2048x1536_c89ade8e-e600-4ba6-8fd9-6c06c2621b92-1-1536x1154.jpg 1536w\" sizes=\"auto, (max-width: 2045px) 100vw, 2045px\" \/><\/p>\n<p><span class=\"TextRun SCXW175109158 BCX8\" lang=\"ES-ES\" xml:lang=\"ES-ES\" data-contrast=\"auto\"><span class=\"NormalTextRun SCXW175109158 BCX8\" data-ccp-parastyle=\"Normal (Web)\">Un&#8217;altra <\/span><span class=\"NormalTextRun ContextualSpellingAndGrammarErrorV2Themed SCXW175109158 BCX8\" data-ccp-parastyle=\"Normal (Web)\">opzione\u00a0<\/span> <span class=\"NormalTextRun ContextualSpellingAndGrammarErrorV2Themed SCXW175109158 BCX8\" data-ccp-parastyle=\"Normal (Web)\">\u00e8<\/span> <span class=\"NormalTextRun SCXW175109158 BCX8\" data-ccp-parastyle=\"Normal (Web)\">l&#8217;impressionante <\/span><\/span><a class=\"Hyperlink SCXW175109158 BCX8\" href=\"https:\/\/www.vibrahotels.com\/es\/mallorca\/paguera-calvia\/hotel-vibra-beverly-playa\" target=\"_blank\" rel=\"noreferrer noopener\"><span class=\"TextRun Underlined SCXW175109158 BCX8\" lang=\"ES-ES\" xml:lang=\"ES-ES\" data-contrast=\"none\"><span class=\"NormalTextRun SCXW175109158 BCX8\" data-ccp-charstyle=\"Hyperlink\">Hotel Vibra Beverly Playa<\/span><\/span><\/a><span class=\"TextRun SCXW175109158 BCX8\" lang=\"ES-ES\" xml:lang=\"ES-ES\" data-contrast=\"auto\"><span class=\"NormalTextRun SCXW175109158 BCX8\" data-ccp-parastyle=\"Normal (Web)\">, <\/span><span class=\"NormalTextRun SCXW175109158 BCX8\" data-ccp-parastyle=\"Normal (Web)\">questo <\/span><\/span><span class=\"TextRun SCXW175109158 BCX8\" lang=\"ES-ES\" xml:lang=\"ES-ES\" data-contrast=\"auto\"><span class=\"NormalTextRun SCXW175109158 BCX8\" data-ccp-parastyle=\"Normal (Web)\">hotel \u00e8 <\/span><span class=\"NormalTextRun SCXW175109158 BCX8\" data-ccp-parastyle=\"Normal (Web)\">situato <\/span><span class=\"NormalTextRun SCXW175109158 BCX8\" data-ccp-parastyle=\"Normal (Web)\">in prima linea di mare<\/span><\/span><span class=\"TextRun SCXW175109158 BCX8\" lang=\"ES-ES\" xml:lang=\"ES-ES\" data-contrast=\"auto\"><span class=\"NormalTextRun SCXW175109158 BCX8\" data-ccp-parastyle=\"Normal (Web)\">, sulla <\/span><span class=\"NormalTextRun SCXW175109158 BCX8\" data-ccp-parastyle=\"Normal (Web)\">spiaggia di <\/span><span class=\"NormalTextRun SpellingErrorV2Themed SCXW175109158 BCX8\" data-ccp-parastyle=\"Normal (Web)\">Paguera<\/span><span class=\"NormalTextRun SCXW175109158 BCX8\" data-ccp-parastyle=\"Normal (Web)\"> (Calvi\u00e0)<\/span><span class=\"NormalTextRun SCXW175109158 BCX8\" data-ccp-parastyle=\"Normal (Web)\">, una zona di grande bellezza a <\/span><span class=\"NormalTextRun SCXW175109158 BCX8\" data-ccp-parastyle=\"Normal (Web)\">30<\/span><span class=\"NormalTextRun SCXW175109158 BCX8\" data-ccp-parastyle=\"Normal (Web)\"> minuti dall&#8217;aeroporto di<\/span><span class=\"NormalTextRun SCXW175109158 BCX8\" data-ccp-parastyle=\"Normal (Web)\"> Palma, in direzione del porto di <\/span><span class=\"NormalTextRun SCXW175109158 BCX8\" data-ccp-parastyle=\"Normal (Web)\">Andratx<\/span><span class=\"NormalTextRun SCXW175109158 BCX8\" data-ccp-parastyle=\"Normal (Web)\">, tutte le sue camere offrono vista mare e dispone di diverse piscine, inclusa una per i pi\u00f9 piccoli. <\/span><span class=\"NormalTextRun SCXW175109158 BCX8\" data-ccp-parastyle=\"Normal (Web)\">Non perdere i tramonti che si possono ammirare dalle sue camere!<\/span><\/span><span class=\"EOP SCXW175109158 BCX8\" data-ccp-props=\"{\"134233117\":false,\"134233118\":false,\"201341983\":0,\"335551550\":6,\"335551620\":6,\"335557856\":16777215,\"335559738\":0,\"335559739\":540,\"335559740\":240}\"> <\/span><\/p>\n<p><img loading=\"lazy\" decoding=\"async\" class=\"alignnone size-full wp-image-7070\" src=\"https:\/\/www.vibrahotels.com\/wp-content\/uploads\/2024\/04\/IMG_5841-scaled.jpg\" alt=\"\" width=\"2560\" height=\"1920\" srcset=\"https:\/\/www.vibrahotels.com\/blog\/wp-content\/uploads\/2024\/04\/IMG_5841-scaled.jpg 2560w, https:\/\/www.vibrahotels.com\/blog\/wp-content\/uploads\/2024\/04\/IMG_5841-300x225.jpg 300w, https:\/\/www.vibrahotels.com\/blog\/wp-content\/uploads\/2024\/04\/IMG_5841-1024x768.jpg 1024w, https:\/\/www.vibrahotels.com\/blog\/wp-content\/uploads\/2024\/04\/IMG_5841-768x576.jpg 768w, https:\/\/www.vibrahotels.com\/blog\/wp-content\/uploads\/2024\/04\/IMG_5841-1536x1152.jpg 1536w, https:\/\/www.vibrahotels.com\/blog\/wp-content\/uploads\/2024\/04\/IMG_5841-2048x1536.jpg 2048w\" sizes=\"auto, (max-width: 2560px) 100vw, 2560px\" \/><\/p>\n<p><span data-contrast=\"auto\">Iniziamo il nostro itinerario:<\/span><span data-ccp-props=\"{\"201341983\":0,\"335551550\":6,\"335551620\":6,\"335557856\":16777215,\"335559739\":540,\"335559740\":240}\"> <\/span><\/p>\n<p><b><span data-contrast=\"auto\">Giorno 1 S\u00f3ller e Palma di Maiorca di notte &#8211; <\/span><\/b><span data-contrast=\"auto\">Il bellissimo paese di S\u00f3ller \u00e8 situato nel mezzo di una valle di arance ed \u00e8 famoso per il suo porto marittimo e per gli edifici modernisti nel centro del paese. Non perdere l&#8217;opportunit\u00e0 di fare un giro sul treno che parte dalla piazza centrale di S\u00f3ller e arriva al porto. Il sabato si tiene un mercato e i suoi piccoli negozi offrono una grande variet\u00e0 di artigianato locale. Inoltre, S\u00f3ller \u00e8 il punto di partenza di molte escursioni per escursionisti con spettacolari percorsi nella Serra di Tramuntana.<\/span><span data-ccp-props=\"{\"201341983\":0,\"335551550\":6,\"335551620\":6,\"335557856\":16777215,\"335559739\":540,\"335559740\":240}\"> <\/span><\/p>\n<p><b><span data-contrast=\"auto\">Giorno 2 Valldemossa e Dei\u00e0 \u2013 <\/span><\/b><span data-contrast=\"auto\">Valldemossa \u00e8 un bellissimo paese dell&#8217;interno situato nella Serra di Tramuntana, a 17 km da Palma di Maiorca. \u00c8 circondato da boschi e passeggiando per le sue strade acciottolate troverai numerosi piccoli negozi e ottimi ristoranti dal fascino unico. Si dice che Chopin abbia vissuto qui e non ci sorprende che abbia trovato ispirazione in questo luogo circondato da cose semplici, che sono l&#8217;essenza stessa della bellezza. La tappa successiva \u00e8 il paese di Dei\u00e0, che ha lo stesso stile di strade acciottolate e strette; un paese di tradizione boh\u00e9mien e artistica da visitare assolutamente.<\/span><span data-ccp-props=\"{\"201341983\":0,\"335551550\":6,\"335551620\":6,\"335557856\":16777215,\"335559739\":540,\"335559740\":240}\"> <\/span><\/p>\n<p><b><span data-contrast=\"\n\n<\/p>\n","protected":false},"excerpt":{"rendered":"<p>Hai un weekend lungo di tre giorni e stai pensando di andare a Maiorca&#8230;? Hai fatto la scelta giusta! Maiorca \u00e8 facilmente raggiungibile in aereo dalla maggior parte degli aeroporti spagnoli ed europei, ed \u00e8 a solo due ore di&#8230;<\/p>\n","protected":false},"author":1,"featured_media":9375,"comment_status":"open","ping_status":"open","sticky":false,"template":"","format":"standard","meta":{"footnotes":""},"categories":[1553],"tags":[],"class_list":["post-9373","post","type-post","status-publish","format-standard","has-post-thumbnail","hentry","category-piani-maiorca"],"yoast_head":"<!-- This site is optimized with the Yoast SEO plugin v27.4 - https:\/\/yoast.com\/product\/yoast-seo-wordpress\/ -->\n<title>Itinerario di 3 giorni a Maiorca - Islander by Vibra Hotels<\/title>\n<meta name=\"robots\" content=\"index, follow, max-snippet:-1, max-image-preview:large, max-video-preview:-1\" \/>\n<link rel=\"canonical\" href=\"https:\/\/www.vibrahotels.com\/blog\/it\/ruta-de-3-dias-por-mallorca\/\" \/>\n<meta property=\"og:locale\" content=\"it_IT\" \/>\n<meta property=\"og:type\" content=\"article\" \/>\n<meta property=\"og:title\" content=\"Itinerario di 3 giorni a Maiorca - Islander by Vibra Hotels\" \/>\n<meta property=\"og:description\" content=\"Hai un weekend lungo di tre giorni e stai pensando di andare a Maiorca&#8230;? Hai fatto la scelta giusta! Maiorca \u00e8 facilmente raggiungibile in aereo dalla maggior parte degli aeroporti spagnoli ed europei, ed \u00e8 a solo due ore di...\" \/>\n<meta property=\"og:url\" content=\"https:\/\/www.vibrahotels.com\/blog\/it\/ruta-de-3-dias-por-mallorca\/\" \/>\n<meta property=\"og:site_name\" content=\"Islander by Vibra Hotels\" \/>\n<meta property=\"article:published_time\" content=\"2024-04-05T10:00:28+00:00\" \/>\n<meta property=\"article:modified_time\" content=\"2025-04-03T14:20:27+00:00\" \/>\n<meta property=\"og:image\" content=\"https:\/\/www.vibrahotels.com\/blog\/wp-content\/uploads\/2024\/04\/shutterstock_1764321179-scaled.jpg\" \/>\n\t<meta property=\"og:image:width\" content=\"2560\" \/>\n\t<meta property=\"og:image:height\" content=\"1676\" \/>\n\t<meta property=\"og:image:type\" content=\"image\/jpeg\" \/>\n<meta name=\"author\" content=\"The Ibiza Blog\" \/>\n<meta name=\"twitter:card\" content=\"summary_large_image\" \/>\n<meta name=\"twitter:label1\" content=\"Scritto da\" \/>\n\t<meta name=\"twitter:data1\" content=\"The Ibiza Blog\" \/>\n\t<meta name=\"twitter:label2\" content=\"Tempo di lettura stimato\" \/>\n\t<meta name=\"twitter:data2\" content=\"2 minuti\" \/>\n<script type=\"application\/ld+json\" class=\"yoast-schema-graph\">{\"@context\":\"https:\\\/\\\/schema.org\",\"@graph\":[{\"@type\":\"Article\",\"@id\":\"https:\\\/\\\/www.vibrahotels.com\\\/blog\\\/it\\\/ruta-de-3-dias-por-mallorca\\\/#article\",\"isPartOf\":{\"@id\":\"https:\\\/\\\/www.vibrahotels.com\\\/blog\\\/it\\\/ruta-de-3-dias-por-mallorca\\\/\"},\"author\":{\"name\":\"The Ibiza Blog\",\"@id\":\"https:\\\/\\\/www.vibrahotels.com\\\/blog\\\/it\\\/#\\\/schema\\\/person\\\/ad74f13df6e44e7081ef65424f668972\"},\"headline\":\"Itinerario di 3 giorni a Maiorca\",\"datePublished\":\"2024-04-05T10:00:28+00:00\",\"dateModified\":\"2025-04-03T14:20:27+00:00\",\"mainEntityOfPage\":{\"@id\":\"https:\\\/\\\/www.vibrahotels.com\\\/blog\\\/it\\\/ruta-de-3-dias-por-mallorca\\\/\"},\"wordCount\":480,\"commentCount\":0,\"image\":{\"@id\":\"https:\\\/\\\/www.vibrahotels.com\\\/blog\\\/it\\\/ruta-de-3-dias-por-mallorca\\\/#primaryimage\"},\"thumbnailUrl\":\"https:\\\/\\\/www.vibrahotels.com\\\/blog\\\/wp-content\\\/uploads\\\/2024\\\/04\\\/shutterstock_1764321179-scaled.jpg\",\"articleSection\":[\"Piani Maiorca\"],\"inLanguage\":\"it-IT\",\"potentialAction\":[{\"@type\":\"CommentAction\",\"name\":\"Comment\",\"target\":[\"https:\\\/\\\/www.vibrahotels.com\\\/blog\\\/it\\\/ruta-de-3-dias-por-mallorca\\\/#respond\"]}]},{\"@type\":\"WebPage\",\"@id\":\"https:\\\/\\\/www.vibrahotels.com\\\/blog\\\/it\\\/ruta-de-3-dias-por-mallorca\\\/\",\"url\":\"https:\\\/\\\/www.vibrahotels.com\\\/blog\\\/it\\\/ruta-de-3-dias-por-mallorca\\\/\",\"name\":\"Itinerario di 3 giorni a Maiorca - Islander by Vibra Hotels\",\"isPartOf\":{\"@id\":\"https:\\\/\\\/www.vibrahotels.com\\\/blog\\\/it\\\/#website\"},\"primaryImageOfPage\":{\"@id\":\"https:\\\/\\\/www.vibrahotels.com\\\/blog\\\/it\\\/ruta-de-3-dias-por-mallorca\\\/#primaryimage\"},\"image\":{\"@id\":\"https:\\\/\\\/www.vibrahotels.com\\\/blog\\\/it\\\/ruta-de-3-dias-por-mallorca\\\/#primaryimage\"},\"thumbnailUrl\":\"https:\\\/\\\/www.vibrahotels.com\\\/blog\\\/wp-content\\\/uploads\\\/2024\\\/04\\\/shutterstock_1764321179-scaled.jpg\",\"datePublished\":\"2024-04-05T10:00:28+00:00\",\"dateModified\":\"2025-04-03T14:20:27+00:00\",\"author\":{\"@id\":\"https:\\\/\\\/www.vibrahotels.com\\\/blog\\\/it\\\/#\\\/schema\\\/person\\\/ad74f13df6e44e7081ef65424f668972\"},\"breadcrumb\":{\"@id\":\"https:\\\/\\\/www.vibrahotels.com\\\/blog\\\/it\\\/ruta-de-3-dias-por-mallorca\\\/#breadcrumb\"},\"inLanguage\":\"it-IT\",\"potentialAction\":[{\"@type\":\"ReadAction\",\"target\":[\"https:\\\/\\\/www.vibrahotels.com\\\/blog\\\/it\\\/ruta-de-3-dias-por-mallorca\\\/\"]}]},{\"@type\":\"ImageObject\",\"inLanguage\":\"it-IT\",\"@id\":\"https:\\\/\\\/www.vibrahotels.com\\\/blog\\\/it\\\/ruta-de-3-dias-por-mallorca\\\/#primaryimage\",\"url\":\"https:\\\/\\\/www.vibrahotels.com\\\/blog\\\/wp-content\\\/uploads\\\/2024\\\/04\\\/shutterstock_1764321179-scaled.jpg\",\"contentUrl\":\"https:\\\/\\\/www.vibrahotels.com\\\/blog\\\/wp-content\\\/uploads\\\/2024\\\/04\\\/shutterstock_1764321179-scaled.jpg\",\"width\":2560,\"height\":1676},{\"@type\":\"BreadcrumbList\",\"@id\":\"https:\\\/\\\/www.vibrahotels.com\\\/blog\\\/it\\\/ruta-de-3-dias-por-mallorca\\\/#breadcrumb\",\"itemListElement\":[{\"@type\":\"ListItem\",\"position\":1,\"name\":\"Portada\",\"item\":\"https:\\\/\\\/www.vibrahotels.com\\\/blog\\\/it\\\/\"},{\"@type\":\"ListItem\",\"position\":2,\"name\":\"Itinerario di 3 giorni a Maiorca\"}]},{\"@type\":\"WebSite\",\"@id\":\"https:\\\/\\\/www.vibrahotels.com\\\/blog\\\/it\\\/#website\",\"url\":\"https:\\\/\\\/www.vibrahotels.com\\\/blog\\\/it\\\/\",\"name\":\"Islander by Vibra Hotels\",\"description\":\"\",\"potentialAction\":[{\"@type\":\"SearchAction\",\"target\":{\"@type\":\"EntryPoint\",\"urlTemplate\":\"https:\\\/\\\/www.vibrahotels.com\\\/blog\\\/it\\\/?s={search_term_string}\"},\"query-input\":{\"@type\":\"PropertyValueSpecification\",\"valueRequired\":true,\"valueName\":\"search_term_string\"}}],\"inLanguage\":\"it-IT\"},{\"@type\":\"Person\",\"@id\":\"https:\\\/\\\/www.vibrahotels.com\\\/blog\\\/it\\\/#\\\/schema\\\/person\\\/ad74f13df6e44e7081ef65424f668972\",\"name\":\"The Ibiza Blog\",\"image\":{\"@type\":\"ImageObject\",\"inLanguage\":\"it-IT\",\"@id\":\"https:\\\/\\\/secure.gravatar.com\\\/avatar\\\/d172713df318fe4ba11547ee4a70ab1eae0206026db57d7a5920186b9f5ee855?s=96&d=mm&r=g\",\"url\":\"https:\\\/\\\/secure.gravatar.com\\\/avatar\\\/d172713df318fe4ba11547ee4a70ab1eae0206026db57d7a5920186b9f5ee855?s=96&d=mm&r=g\",\"contentUrl\":\"https:\\\/\\\/secure.gravatar.com\\\/avatar\\\/d172713df318fe4ba11547ee4a70ab1eae0206026db57d7a5920186b9f5ee855?s=96&d=mm&r=g\",\"caption\":\"The Ibiza Blog\"},\"url\":\"https:\\\/\\\/www.vibrahotels.com\\\/blog\\\/it\\\/author\\\/the-ibiza-blog\\\/\"}]}<\/script>\n<!-- \/ Yoast SEO plugin. -->","yoast_head_json":{"title":"Itinerario di 3 giorni a Maiorca - Islander by Vibra Hotels","robots":{"index":"index","follow":"follow","max-snippet":"max-snippet:-1","max-image-preview":"max-image-preview:large","max-video-preview":"max-video-preview:-1"},"canonical":"https:\/\/www.vibrahotels.com\/blog\/it\/ruta-de-3-dias-por-mallorca\/","og_locale":"it_IT","og_type":"article","og_title":"Itinerario di 3 giorni a Maiorca - Islander by Vibra Hotels","og_description":"Hai un weekend lungo di tre giorni e stai pensando di andare a Maiorca&#8230;? Hai fatto la scelta giusta! Maiorca \u00e8 facilmente raggiungibile in aereo dalla maggior parte degli aeroporti spagnoli ed europei, ed \u00e8 a solo due ore di...","og_url":"https:\/\/www.vibrahotels.com\/blog\/it\/ruta-de-3-dias-por-mallorca\/","og_site_name":"Islander by Vibra Hotels","article_published_time":"2024-04-05T10:00:28+00:00","article_modified_time":"2025-04-03T14:20:27+00:00","og_image":[{"width":2560,"height":1676,"url":"https:\/\/www.vibrahotels.com\/blog\/wp-content\/uploads\/2024\/04\/shutterstock_1764321179-scaled.jpg","type":"image\/jpeg"}],"author":"The Ibiza Blog","twitter_card":"summary_large_image","twitter_misc":{"Scritto da":"The Ibiza Blog","Tempo di lettura stimato":"2 minuti"},"schema":{"@context":"https:\/\/schema.org","@graph":[{"@type":"Article","@id":"https:\/\/www.vibrahotels.com\/blog\/it\/ruta-de-3-dias-por-mallorca\/#article","isPartOf":{"@id":"https:\/\/www.vibrahotels.com\/blog\/it\/ruta-de-3-dias-por-mallorca\/"},"author":{"name":"The Ibiza Blog","@id":"https:\/\/www.vibrahotels.com\/blog\/it\/#\/schema\/person\/ad74f13df6e44e7081ef65424f668972"},"headline":"Itinerario di 3 giorni a Maiorca","datePublished":"2024-04-05T10:00:28+00:00","dateModified":"2025-04-03T14:20:27+00:00","mainEntityOfPage":{"@id":"https:\/\/www.vibrahotels.com\/blog\/it\/ruta-de-3-dias-por-mallorca\/"},"wordCount":480,"commentCount":0,"image":{"@id":"https:\/\/www.vibrahotels.com\/blog\/it\/ruta-de-3-dias-por-mallorca\/#primaryimage"},"thumbnailUrl":"https:\/\/www.vibrahotels.com\/blog\/wp-content\/uploads\/2024\/04\/shutterstock_1764321179-scaled.jpg","articleSection":["Piani Maiorca"],"inLanguage":"it-IT","potentialAction":[{"@type":"CommentAction","name":"Comment","target":["https:\/\/www.vibrahotels.com\/blog\/it\/ruta-de-3-dias-por-mallorca\/#respond"]}]},{"@type":"WebPage","@id":"https:\/\/www.vibrahotels.com\/blog\/it\/ruta-de-3-dias-por-mallorca\/","url":"https:\/\/www.vibrahotels.com\/blog\/it\/ruta-de-3-dias-por-mallorca\/","name":"Itinerario di 3 giorni a Maiorca - Islander by Vibra Hotels","isPartOf":{"@id":"https:\/\/www.vibrahotels.com\/blog\/it\/#website"},"primaryImageOfPage":{"@id":"https:\/\/www.vibrahotels.com\/blog\/it\/ruta-de-3-dias-por-mallorca\/#primaryimage"},"image":{"@id":"https:\/\/www.vibrahotels.com\/blog\/it\/ruta-de-3-dias-por-mallorca\/#primaryimage"},"thumbnailUrl":"https:\/\/www.vibrahotels.com\/blog\/wp-content\/uploads\/2024\/04\/shutterstock_1764321179-scaled.jpg","datePublished":"2024-04-05T10:00:28+00:00","dateModified":"2025-04-03T14:20:27+00:00","author":{"@id":"https:\/\/www.vibrahotels.com\/blog\/it\/#\/schema\/person\/ad74f13df6e44e7081ef65424f668972"},"breadcrumb":{"@id":"https:\/\/www.vibrahotels.com\/blog\/it\/ruta-de-3-dias-por-mallorca\/#breadcrumb"},"inLanguage":"it-IT","potentialAction":[{"@type":"ReadAction","target":["https:\/\/www.vibrahotels.com\/blog\/it\/ruta-de-3-dias-por-mallorca\/"]}]},{"@type":"ImageObject","inLanguage":"it-IT","@id":"https:\/\/www.vibrahotels.com\/blog\/it\/ruta-de-3-dias-por-mallorca\/#primaryimage","url":"https:\/\/www.vibrahotels.com\/blog\/wp-content\/uploads\/2024\/04\/shutterstock_1764321179-scaled.jpg","contentUrl":"https:\/\/www.vibrahotels.com\/blog\/wp-content\/uploads\/2024\/04\/shutterstock_1764321179-scaled.jpg","width":2560,"height":1676},{"@type":"BreadcrumbList","@id":"https:\/\/www.vibrahotels.com\/blog\/it\/ruta-de-3-dias-por-mallorca\/#breadcrumb","itemListElement":[{"@type":"ListItem","position":1,"name":"Portada","item":"https:\/\/www.vibrahotels.com\/blog\/it\/"},{"@type":"ListItem","position":2,"name":"Itinerario di 3 giorni a Maiorca"}]},{"@type":"WebSite","@id":"https:\/\/www.vibrahotels.com\/blog\/it\/#website","url":"https:\/\/www.vibrahotels.com\/blog\/it\/","name":"Islander by Vibra Hotels","description":"","potentialAction":[{"@type":"SearchAction","target":{"@type":"EntryPoint","urlTemplate":"https:\/\/www.vibrahotels.com\/blog\/it\/?s={search_term_string}"},"query-input":{"@type":"PropertyValueSpecification","valueRequired":true,"valueName":"search_term_string"}}],"inLanguage":"it-IT"},{"@type":"Person","@id":"https:\/\/www.vibrahotels.com\/blog\/it\/#\/schema\/person\/ad74f13df6e44e7081ef65424f668972","name":"The Ibiza Blog","image":{"@type":"ImageObject","inLanguage":"it-IT","@id":"https:\/\/secure.gravatar.com\/avatar\/d172713df318fe4ba11547ee4a70ab1eae0206026db57d7a5920186b9f5ee855?s=96&d=mm&r=g","url":"https:\/\/secure.gravatar.com\/avatar\/d172713df318fe4ba11547ee4a70ab1eae0206026db57d7a5920186b9f5ee855?s=96&d=mm&r=g","contentUrl":"https:\/\/secure.gravatar.com\/avatar\/d172713df318fe4ba11547ee4a70ab1eae0206026db57d7a5920186b9f5ee855?s=96&d=mm&r=g","caption":"The Ibiza Blog"},"url":"https:\/\/www.vibrahotels.com\/blog\/it\/author\/the-ibiza-blog\/"}]}},"_links":{"self":[{"href":"https:\/\/www.vibrahotels.com\/blog\/it\/wp-json\/wp\/v2\/posts\/9373","targetHints":{"allow":["GET"]}}],"collection":[{"href":"https:\/\/www.vibrahotels.com\/blog\/it\/wp-json\/wp\/v2\/posts"}],"about":[{"href":"https:\/\/www.vibrahotels.com\/blog\/it\/wp-json\/wp\/v2\/types\/post"}],"author":[{"embeddable":true,"href":"https:\/\/www.vibrahotels.com\/blog\/it\/wp-json\/wp\/v2\/users\/1"}],"replies":[{"embeddable":true,"href":"https:\/\/www.vibrahotels.com\/blog\/it\/wp-json\/wp\/v2\/comments?post=9373"}],"version-history":[{"count":1,"href":"https:\/\/www.vibrahotels.com\/blog\/it\/wp-json\/wp\/v2\/posts\/9373\/revisions"}],"predecessor-version":[{"id":9377,"href":"https:\/\/www.vibrahotels.com\/blog\/it\/wp-json\/wp\/v2\/posts\/9373\/revisions\/9377"}],"wp:featuredmedia":[{"embeddable":true,"href":"https:\/\/www.vibrahotels.com\/blog\/it\/wp-json\/wp\/v2\/media\/9375"}],"wp:attachment":[{"href":"https:\/\/www.vibrahotels.com\/blog\/it\/wp-json\/wp\/v2\/media?parent=9373"}],"wp:term":[{"taxonomy":"category","embeddable":true,"href":"https:\/\/www.vibrahotels.com\/blog\/it\/wp-json\/wp\/v2\/categories?post=9373"},{"taxonomy":"post_tag","embeddable":true,"href":"https:\/\/www.vibrahotels.com\/blog\/it\/wp-json\/wp\/v2\/tags?post=9373"}],"curies":[{"name":"wp","href":"https:\/\/api.w.org\/{rel}","templated":true}]}}