{"id":9355,"date":"2024-03-27T11:55:30","date_gmt":"2024-03-27T10:55:30","guid":{"rendered":"https:\/\/www.vibrahotels.com\/blog\/las-5-mejores-playas-y-calas-de-ibiza\/"},"modified":"2025-04-03T16:11:23","modified_gmt":"2025-04-03T14:11:23","slug":"las-5-mejores-playas-y-calas-de-ibiza","status":"publish","type":"post","link":"https:\/\/www.vibrahotels.com\/blog\/it\/las-5-mejores-playas-y-calas-de-ibiza\/","title":{"rendered":"Le 5 migliori calette e spiagge di Ibiza"},"content":{"rendered":"<h2>Le 5 migliori calette e spiagge di Ibiza<\/h2>\n<p>Hai gi\u00e0 visto che Ibiza \u00e8 un paradiso, un&#8217;isola dal fascino incomparabile per la sua bellezza naturale, le sue spiagge e calette, e le sue acque cristalline, che ti faranno desiderare di tornarci ancora e ancora&#8230; \u00c8 difficile scegliere una spiaggia o una cala pi\u00f9 delle altre, ma oggi ti raccontiamo quali sono le 5 che, secondo noi, non dovresti assolutamente perdere durante la tua prossima visita sull\u2019isola. Ti piaceranno tantissimo!<\/p>\n<p>Iniziamo con Cala Tarida, una spiaggia di sabbia bianca circondata da colline, situata nel comune di Sant Josep de Sa Talaia, una zona turistica nell&#8217;ovest dell\u2019isola che ti sorprender\u00e0 per la variet\u00e0 del suo paesaggio. A Cala Tarida troverai ogni tipo di servizio che soddisfa coppie, gruppi di amici e famiglie allo stesso modo. Se viaggi con bambini, questa spiaggia \u00e8 il posto ideale, dove i bambini possono giocare e correre nella vasta zona di sabbia. Troverai ogni tipo di comodit\u00e0, <strong>bar, ristoranti e negozi<\/strong>. Su un lato della spiaggia troverai una scalinata che porta a uno degli hotel pi\u00f9 affascinanti della zona, l\u2019<a href=\"https:\/\/www.vibrahotels.com\/ibiza\/cala-tarida\/hotel-vibra-cala-tarida?utm_source=google&#038;utm_medium=gmb&#038;utm_campaign=listing&#038;utm_content=HCLT\">Hotel Vibra Cala Tarida<\/a>, che dispone di due piscine, ampi giardini e camere molto eleganti. Anche se non soggiorni nell\u2019hotel, puoi usufruire del suo <strong>servizio Day Pass<\/strong> e goderti tutto il giorno con formula all-inclusive, che comprende bevande, colazione e pranzo a buffet, accesso alle piscine, lettini (soggetti a disponibilit\u00e0), asciugamani e Kids Club con animazione durante il giorno. Questo servizio \u00e8 disponibile anche in altri hotel del gruppo, come <a href=\"https:\/\/www.vibrahotels.com\/ibiza\/playa-d-en-bossa\/hotel-vibra-algarb?utm_source=google&#038;utm_medium=gmb&#038;utm_campaign=listing&#038;utm_content=HALG\">Vibra Algarb<\/a>, <a href=\"https:\/\/www.vibrahotels.com\/ibiza\/playa-d-en-bossa\/hotel-vibra-mare-nostrum?utm_source=google&#038;utm_medium=gmb&#038;utm_campaign=listing&#038;utm_content=HMRN\">Vibra Mare Nostrum<\/a>, <a href=\"https:\/\/www.vibrahotels.com\/ibiza\/san-antonio\/hotel-vibra-district?utm_source=google&#038;utm_medium=gmb&#038;utm_campaign=listing&#038;utm_content=HPIS\">Vibra District<\/a> e <a href=\"https:\/\/seahorseibiza.com\/\">Vibra Seahorse Beach Club<\/a>, a partire da 65\u20ac per adulto e 25\u20ac per bambino. \u00c8 un\u2019opzione ideale per coccolarti e passare una giornata divertente piena di comfort!<\/p>\n<p><img loading=\"lazy\" decoding=\"async\" class=\"alignnone wp-image-7046\" src=\"https:\/\/www.vibrahotels.com\/wp-content\/uploads\/2024\/03\/thumb_2048x1536_751260d6-7e09-454c-942b-a5d7f3137632-7.jpg\" alt=\"\" width=\"422\" height=\"281\" srcset=\"https:\/\/www.vibrahotels.com\/blog\/wp-content\/uploads\/2024\/03\/thumb_2048x1536_751260d6-7e09-454c-942b-a5d7f3137632-7.jpg 2048w, https:\/\/www.vibrahotels.com\/blog\/wp-content\/uploads\/2024\/03\/thumb_2048x1536_751260d6-7e09-454c-942b-a5d7f3137632-7-300x200.jpg 300w, https:\/\/www.vibrahotels.com\/blog\/wp-content\/uploads\/2024\/03\/thumb_2048x1536_751260d6-7e09-454c-942b-a5d7f3137632-7-1024x682.jpg 1024w, https:\/\/www.vibrahotels.com\/blog\/wp-content\/uploads\/2024\/03\/thumb_2048x1536_751260d6-7e09-454c-942b-a5d7f3137632-7-768x511.jpg 768w, https:\/\/www.vibrahotels.com\/blog\/wp-content\/uploads\/2024\/03\/thumb_2048x1536_751260d6-7e09-454c-942b-a5d7f3137632-7-1536x1022.jpg 1536w\" sizes=\"auto, (max-width: 422px) 100vw, 422px\" \/><\/p>\n<p>Dal <a href=\"https:\/\/www.vibrahotels.com\/es\/ibiza\/cala-tarida\/hotel-vibra-cala-tarida\">Hotel Vibra Cala Tarida<\/a> arrivi facilmente alla prossima fermata del nostro tour delle calette e spiagge, le <strong><em>platges<\/em> di Comte<\/strong> o Cala Conta, a solo 9 minuti in auto dalla strada Cala Tarida del Embarcador. In questa zona troverai molte calette con acque color smeraldo. Anche qui i tramonti sono impareggiabili, ma Ibiza \u00e8 cos\u00ec&#8230; ovunque tu vada, il tramonto ti lascer\u00e0 una sensazione speciale.<\/p>\n<p><img loading=\"lazy\" decoding=\"async\" class=\"alignnone wp-image-7040\" src=\"https:\/\/www.vibrahotels.com\/wp-content\/uploads\/2024\/03\/shutterstock_650396242-1-scaled.jpg\" alt=\"\" width=\"422\" height=\"281\" srcset=\"https:\/\/www.vibrahotels.com\/blog\/wp-content\/uploads\/2024\/03\/shutterstock_650396242-1-scaled.jpg 2560w, https:\/\/www.vibrahotels.com\/blog\/wp-content\/uploads\/2024\/03\/shutterstock_650396242-1-300x200.jpg 300w, https:\/\/www.vibrahotels.com\/blog\/wp-content\/uploads\/2024\/03\/shutterstock_650396242-1-1024x683.jpg 1024w, https:\/\/www.vibrahotels.com\/blog\/wp-content\/uploads\/2024\/03\/shutterstock_650396242-1-768x512.jpg 768w, https:\/\/www.vibrahotels.com\/blog\/wp-content\/uploads\/2024\/03\/shutterstock_650396242-1-1536x1024.jpg 1536w, https:\/\/www.vibrahotels.com\/blog\/wp-content\/uploads\/2024\/03\/shutterstock_650396242-1-2048x1365.jpg 2048w\" sizes=\"auto, (max-width: 422px) 100vw, 422px\" \/><\/p>\n<p><strong>Cala Conta<\/strong><\/p>\n<p>Proseguendo verso nord, troverai uno degli angoli pi\u00f9 belli di Ibiza, Cala Salada, situata nell&#8217;Area Naturale di Speciale Interesse di Es Amunts, una formazione montuosa a nord-ovest dell\u2019isola, circondata da boschi di pini e acque cristalline che formano un paesaggio senza pari. Vedrai scogliere da cui ammirare le casette tipiche utilizzate dai pescatori. Non perderti il tramonto e alcuni isolotti come Illa Conillera. Vicino a Cala Salada, a San Antonio di Portmany, ti consigliamo di soggiornare in uno degli <a href=\"https:\/\/www.vibrahotels.com\/es\/ibiza\/san-antonio\">Vibra Hotels<\/a> della citt\u00e0 e della <a href=\"https:\/\/www.vibrahotels.com\/es\/ibiza\/bahia-de-san-antonio\">Baia di San Antonio.<\/a> Ti piaceranno le loro posizioni, sia nel centro di San Antonio, a 100 metri dalla spiaggia, che quelli situati nella Baia di San Antonio, che sono fronte mare.<\/p>\n<p><img loading=\"lazy\" decoding=\"async\" class=\"alignnone wp-image-7044\" src=\"https:\/\/www.vibrahotels.com\/wp-content\/uploads\/2024\/03\/shutterstock_1457216219-scaled.jpg\" alt=\"\" width=\"422\" height=\"282\" srcset=\"https:\/\/www.vibrahotels.com\/blog\/wp-content\/uploads\/2024\/03\/shutterstock_1457216219-scaled.jpg 2560w, https:\/\/www.vibrahotels.com\/blog\/wp-content\/uploads\/2024\/03\/shutterstock_1457216219-300x200.jpg 300w, https:\/\/www.vibrahotels.com\/blog\/wp-content\/uploads\/2024\/03\/shutterstock_1457216219-1024x683.jpg 1024w, https:\/\/www.vibrahotels.com\/blog\/wp-content\/uploads\/2024\/03\/shutterstock_1457216219-768x512.jpg 768w, https:\/\/www.vibrahotels.com\/blog\/wp-content\/uploads\/2024\/03\/shutterstock_1457216219-1536x1025.jpg 1536w, https:\/\/www.vibrahotels.com\/blog\/wp-content\/uploads\/2024\/03\/shutterstock_1457216219-2048x1366.jpg 2048w\" sizes=\"auto, (max-width: 422px) 100vw, 422px\" \/><\/p>\n<p><strong>Cala Salada<\/strong><\/p>\n<p>Da San Antonio di Portmany ti proponiamo un&#8217;escursione a Cala d\u2019Hort, uno di quei luoghi magici che offre viste impareggiabili sugli isolotti di Es Vedr\u00e1 ed Es Vedranell, conosciuti a Ibiza per il loro magnetismo e maestosit\u00e0, che raggiungono il loro apice durante i tramonti spettacolari! Non perdere l\u2019occasione di andarci, te ne pentiresti! La spiaggia ha un\u2019atmosfera familiare e rilassata, \u00e8 circondata da alte scogliere con vegetazione di pini e bassa macchia. L\u2019acqua \u00e8 poco profonda in questa cala, perfetta per gli amanti dello snorkeling.<\/p>\n<p><img loading=\"lazy\" decoding=\"async\" class=\"alignnone wp-image-7038\" src=\"https:\/\/www.vibrahotels.com\/wp-content\/uploads\/2024\/03\/shutterstock_648400642-1-scaled.jpg\" alt=\"\" width=\"422\" height=\"281\" srcset=\"https:\/\/www.vibrahotels.com\/blog\/wp-content\/uploads\/2024\/03\/shutterstock_648400642-1-scaled.jpg 2560w, https:\/\/www.vibrahotels.com\/blog\/wp-content\/uploads\/2024\/03\/shutterstock_648400642-1-300x200.jpg 300w, https:\/\/www.vibrahotels.com\/blog\/wp-content\/uploads\/2024\/03\/shutterstock_648400642-1-1024x683.jpg 1024w, https:\/\/www.vibrahotels.com\/blog\/wp-content\/uploads\/2024\/03\/shutterstock_648400642-1-768x512.jpg 768w, https:\/\/www.vibrahotels.com\/blog\/wp-content\/uploads\/2024\/03\/shutterstock_648400642-1-1536x1024.jpg 1536w, https:\/\/www.vibrahotels.com\/blog\/wp-content\/uploads\/2024\/03\/shutterstock_648400642-1-2048x1365.jpg 2048w\" sizes=\"auto, (max-width: 422px) 100vw, 422px\" \/><\/p>\n<p><strong>Cala D\u2019Hort<\/strong><\/p>\n<p>La nostra ultima fermata di oggi \u00e8 Cala Xarraca, una piccola cala situata a nord dell\u2019isola di Ibiza che rappresenta una vera meraviglia naturale. Acque cristalline che fanno felici i subacquei, con una flora marina straordinaria. Si tratta di una spiaggia lunga 10 metri e larga 15, molto frequentata dai nudisti.<\/p>\n<p><img decoding=\"async\" class=\"alignnone wp-image-7042\" src=\"https:\/\/www.vibrahotels.com\/wp-content\/uploads\/\n\n\n<\/p>\n","protected":false},"excerpt":{"rendered":"<p>Le 5 migliori calette e spiagge di Ibiza Hai gi\u00e0 visto che Ibiza \u00e8 un paradiso, un&#8217;isola dal fascino incomparabile per la sua bellezza naturale, le sue spiagge e calette, e le sue acque cristalline, che ti faranno desiderare di&#8230;<\/p>\n","protected":false},"author":1,"featured_media":9357,"comment_status":"open","ping_status":"open","sticky":false,"template":"","format":"standard","meta":{"footnotes":""},"categories":[1532,1552],"tags":[],"class_list":["post-9355","post","type-post","status-publish","format-standard","has-post-thumbnail","hentry","category-piani-ibiza","category-travel-it"],"yoast_head":"<!-- This site is optimized with the Yoast SEO plugin v27.4 - https:\/\/yoast.com\/product\/yoast-seo-wordpress\/ -->\n<title>Le 5 migliori calette e spiagge di Ibiza - Islander by Vibra Hotels<\/title>\n<meta name=\"robots\" content=\"index, follow, max-snippet:-1, max-image-preview:large, max-video-preview:-1\" \/>\n<link rel=\"canonical\" href=\"https:\/\/www.vibrahotels.com\/blog\/it\/las-5-mejores-playas-y-calas-de-ibiza\/\" \/>\n<meta property=\"og:locale\" content=\"it_IT\" \/>\n<meta property=\"og:type\" content=\"article\" \/>\n<meta property=\"og:title\" content=\"Le 5 migliori calette e spiagge di Ibiza - Islander by Vibra Hotels\" \/>\n<meta property=\"og:description\" content=\"Le 5 migliori calette e spiagge di Ibiza Hai gi\u00e0 visto che Ibiza \u00e8 un paradiso, un&#8217;isola dal fascino incomparabile per la sua bellezza naturale, le sue spiagge e calette, e le sue acque cristalline, che ti faranno desiderare di...\" \/>\n<meta property=\"og:url\" content=\"https:\/\/www.vibrahotels.com\/blog\/it\/las-5-mejores-playas-y-calas-de-ibiza\/\" \/>\n<meta property=\"og:site_name\" content=\"Islander by Vibra Hotels\" \/>\n<meta property=\"article:published_time\" content=\"2024-03-27T10:55:30+00:00\" \/>\n<meta property=\"article:modified_time\" content=\"2025-04-03T14:11:23+00:00\" \/>\n<meta property=\"og:image\" content=\"https:\/\/www.vibrahotels.com\/blog\/wp-content\/uploads\/2024\/03\/shutterstock_1457216219-scaled.jpg\" \/>\n\t<meta property=\"og:image:width\" content=\"2560\" \/>\n\t<meta property=\"og:image:height\" content=\"1708\" \/>\n\t<meta property=\"og:image:type\" content=\"image\/jpeg\" \/>\n<meta name=\"author\" content=\"The Ibiza Blog\" \/>\n<meta name=\"twitter:card\" content=\"summary_large_image\" \/>\n<meta name=\"twitter:label1\" content=\"Scritto da\" \/>\n\t<meta name=\"twitter:data1\" content=\"The Ibiza Blog\" \/>\n\t<meta name=\"twitter:label2\" content=\"Tempo di lettura stimato\" \/>\n\t<meta name=\"twitter:data2\" content=\"3 minuti\" \/>\n<script type=\"application\/ld+json\" class=\"yoast-schema-graph\">{\"@context\":\"https:\\\/\\\/schema.org\",\"@graph\":[{\"@type\":\"Article\",\"@id\":\"https:\\\/\\\/www.vibrahotels.com\\\/blog\\\/it\\\/las-5-mejores-playas-y-calas-de-ibiza\\\/#article\",\"isPartOf\":{\"@id\":\"https:\\\/\\\/www.vibrahotels.com\\\/blog\\\/it\\\/las-5-mejores-playas-y-calas-de-ibiza\\\/\"},\"author\":{\"name\":\"The Ibiza Blog\",\"@id\":\"https:\\\/\\\/www.vibrahotels.com\\\/blog\\\/it\\\/#\\\/schema\\\/person\\\/ad74f13df6e44e7081ef65424f668972\"},\"headline\":\"Le 5 migliori calette e spiagge di Ibiza\",\"datePublished\":\"2024-03-27T10:55:30+00:00\",\"dateModified\":\"2025-04-03T14:11:23+00:00\",\"mainEntityOfPage\":{\"@id\":\"https:\\\/\\\/www.vibrahotels.com\\\/blog\\\/it\\\/las-5-mejores-playas-y-calas-de-ibiza\\\/\"},\"wordCount\":615,\"commentCount\":0,\"image\":{\"@id\":\"https:\\\/\\\/www.vibrahotels.com\\\/blog\\\/it\\\/las-5-mejores-playas-y-calas-de-ibiza\\\/#primaryimage\"},\"thumbnailUrl\":\"https:\\\/\\\/www.vibrahotels.com\\\/blog\\\/wp-content\\\/uploads\\\/2024\\\/03\\\/shutterstock_1457216219-scaled.jpg\",\"articleSection\":[\"Piani Ibiza\",\"Travel\"],\"inLanguage\":\"it-IT\",\"potentialAction\":[{\"@type\":\"CommentAction\",\"name\":\"Comment\",\"target\":[\"https:\\\/\\\/www.vibrahotels.com\\\/blog\\\/it\\\/las-5-mejores-playas-y-calas-de-ibiza\\\/#respond\"]}]},{\"@type\":\"WebPage\",\"@id\":\"https:\\\/\\\/www.vibrahotels.com\\\/blog\\\/it\\\/las-5-mejores-playas-y-calas-de-ibiza\\\/\",\"url\":\"https:\\\/\\\/www.vibrahotels.com\\\/blog\\\/it\\\/las-5-mejores-playas-y-calas-de-ibiza\\\/\",\"name\":\"Le 5 migliori calette e spiagge di Ibiza - Islander by Vibra Hotels\",\"isPartOf\":{\"@id\":\"https:\\\/\\\/www.vibrahotels.com\\\/blog\\\/it\\\/#website\"},\"primaryImageOfPage\":{\"@id\":\"https:\\\/\\\/www.vibrahotels.com\\\/blog\\\/it\\\/las-5-mejores-playas-y-calas-de-ibiza\\\/#primaryimage\"},\"image\":{\"@id\":\"https:\\\/\\\/www.vibrahotels.com\\\/blog\\\/it\\\/las-5-mejores-playas-y-calas-de-ibiza\\\/#primaryimage\"},\"thumbnailUrl\":\"https:\\\/\\\/www.vibrahotels.com\\\/blog\\\/wp-content\\\/uploads\\\/2024\\\/03\\\/shutterstock_1457216219-scaled.jpg\",\"datePublished\":\"2024-03-27T10:55:30+00:00\",\"dateModified\":\"2025-04-03T14:11:23+00:00\",\"author\":{\"@id\":\"https:\\\/\\\/www.vibrahotels.com\\\/blog\\\/it\\\/#\\\/schema\\\/person\\\/ad74f13df6e44e7081ef65424f668972\"},\"breadcrumb\":{\"@id\":\"https:\\\/\\\/www.vibrahotels.com\\\/blog\\\/it\\\/las-5-mejores-playas-y-calas-de-ibiza\\\/#breadcrumb\"},\"inLanguage\":\"it-IT\",\"potentialAction\":[{\"@type\":\"ReadAction\",\"target\":[\"https:\\\/\\\/www.vibrahotels.com\\\/blog\\\/it\\\/las-5-mejores-playas-y-calas-de-ibiza\\\/\"]}]},{\"@type\":\"ImageObject\",\"inLanguage\":\"it-IT\",\"@id\":\"https:\\\/\\\/www.vibrahotels.com\\\/blog\\\/it\\\/las-5-mejores-playas-y-calas-de-ibiza\\\/#primaryimage\",\"url\":\"https:\\\/\\\/www.vibrahotels.com\\\/blog\\\/wp-content\\\/uploads\\\/2024\\\/03\\\/shutterstock_1457216219-scaled.jpg\",\"contentUrl\":\"https:\\\/\\\/www.vibrahotels.com\\\/blog\\\/wp-content\\\/uploads\\\/2024\\\/03\\\/shutterstock_1457216219-scaled.jpg\",\"width\":2560,\"height\":1708},{\"@type\":\"BreadcrumbList\",\"@id\":\"https:\\\/\\\/www.vibrahotels.com\\\/blog\\\/it\\\/las-5-mejores-playas-y-calas-de-ibiza\\\/#breadcrumb\",\"itemListElement\":[{\"@type\":\"ListItem\",\"position\":1,\"name\":\"Portada\",\"item\":\"https:\\\/\\\/www.vibrahotels.com\\\/blog\\\/it\\\/\"},{\"@type\":\"ListItem\",\"position\":2,\"name\":\"Le 5 migliori calette e spiagge di Ibiza\"}]},{\"@type\":\"WebSite\",\"@id\":\"https:\\\/\\\/www.vibrahotels.com\\\/blog\\\/it\\\/#website\",\"url\":\"https:\\\/\\\/www.vibrahotels.com\\\/blog\\\/it\\\/\",\"name\":\"Islander by Vibra Hotels\",\"description\":\"\",\"potentialAction\":[{\"@type\":\"SearchAction\",\"target\":{\"@type\":\"EntryPoint\",\"urlTemplate\":\"https:\\\/\\\/www.vibrahotels.com\\\/blog\\\/it\\\/?s={search_term_string}\"},\"query-input\":{\"@type\":\"PropertyValueSpecification\",\"valueRequired\":true,\"valueName\":\"search_term_string\"}}],\"inLanguage\":\"it-IT\"},{\"@type\":\"Person\",\"@id\":\"https:\\\/\\\/www.vibrahotels.com\\\/blog\\\/it\\\/#\\\/schema\\\/person\\\/ad74f13df6e44e7081ef65424f668972\",\"name\":\"The Ibiza Blog\",\"image\":{\"@type\":\"ImageObject\",\"inLanguage\":\"it-IT\",\"@id\":\"https:\\\/\\\/secure.gravatar.com\\\/avatar\\\/d172713df318fe4ba11547ee4a70ab1eae0206026db57d7a5920186b9f5ee855?s=96&d=mm&r=g\",\"url\":\"https:\\\/\\\/secure.gravatar.com\\\/avatar\\\/d172713df318fe4ba11547ee4a70ab1eae0206026db57d7a5920186b9f5ee855?s=96&d=mm&r=g\",\"contentUrl\":\"https:\\\/\\\/secure.gravatar.com\\\/avatar\\\/d172713df318fe4ba11547ee4a70ab1eae0206026db57d7a5920186b9f5ee855?s=96&d=mm&r=g\",\"caption\":\"The Ibiza Blog\"},\"url\":\"https:\\\/\\\/www.vibrahotels.com\\\/blog\\\/it\\\/author\\\/the-ibiza-blog\\\/\"}]}<\/script>\n<!-- \/ Yoast SEO plugin. -->","yoast_head_json":{"title":"Le 5 migliori calette e spiagge di Ibiza - Islander by Vibra Hotels","robots":{"index":"index","follow":"follow","max-snippet":"max-snippet:-1","max-image-preview":"max-image-preview:large","max-video-preview":"max-video-preview:-1"},"canonical":"https:\/\/www.vibrahotels.com\/blog\/it\/las-5-mejores-playas-y-calas-de-ibiza\/","og_locale":"it_IT","og_type":"article","og_title":"Le 5 migliori calette e spiagge di Ibiza - Islander by Vibra Hotels","og_description":"Le 5 migliori calette e spiagge di Ibiza Hai gi\u00e0 visto che Ibiza \u00e8 un paradiso, un&#8217;isola dal fascino incomparabile per la sua bellezza naturale, le sue spiagge e calette, e le sue acque cristalline, che ti faranno desiderare di...","og_url":"https:\/\/www.vibrahotels.com\/blog\/it\/las-5-mejores-playas-y-calas-de-ibiza\/","og_site_name":"Islander by Vibra Hotels","article_published_time":"2024-03-27T10:55:30+00:00","article_modified_time":"2025-04-03T14:11:23+00:00","og_image":[{"width":2560,"height":1708,"url":"https:\/\/www.vibrahotels.com\/blog\/wp-content\/uploads\/2024\/03\/shutterstock_1457216219-scaled.jpg","type":"image\/jpeg"}],"author":"The Ibiza Blog","twitter_card":"summary_large_image","twitter_misc":{"Scritto da":"The Ibiza Blog","Tempo di lettura stimato":"3 minuti"},"schema":{"@context":"https:\/\/schema.org","@graph":[{"@type":"Article","@id":"https:\/\/www.vibrahotels.com\/blog\/it\/las-5-mejores-playas-y-calas-de-ibiza\/#article","isPartOf":{"@id":"https:\/\/www.vibrahotels.com\/blog\/it\/las-5-mejores-playas-y-calas-de-ibiza\/"},"author":{"name":"The Ibiza Blog","@id":"https:\/\/www.vibrahotels.com\/blog\/it\/#\/schema\/person\/ad74f13df6e44e7081ef65424f668972"},"headline":"Le 5 migliori calette e spiagge di Ibiza","datePublished":"2024-03-27T10:55:30+00:00","dateModified":"2025-04-03T14:11:23+00:00","mainEntityOfPage":{"@id":"https:\/\/www.vibrahotels.com\/blog\/it\/las-5-mejores-playas-y-calas-de-ibiza\/"},"wordCount":615,"commentCount":0,"image":{"@id":"https:\/\/www.vibrahotels.com\/blog\/it\/las-5-mejores-playas-y-calas-de-ibiza\/#primaryimage"},"thumbnailUrl":"https:\/\/www.vibrahotels.com\/blog\/wp-content\/uploads\/2024\/03\/shutterstock_1457216219-scaled.jpg","articleSection":["Piani Ibiza","Travel"],"inLanguage":"it-IT","potentialAction":[{"@type":"CommentAction","name":"Comment","target":["https:\/\/www.vibrahotels.com\/blog\/it\/las-5-mejores-playas-y-calas-de-ibiza\/#respond"]}]},{"@type":"WebPage","@id":"https:\/\/www.vibrahotels.com\/blog\/it\/las-5-mejores-playas-y-calas-de-ibiza\/","url":"https:\/\/www.vibrahotels.com\/blog\/it\/las-5-mejores-playas-y-calas-de-ibiza\/","name":"Le 5 migliori calette e spiagge di Ibiza - Islander by Vibra Hotels","isPartOf":{"@id":"https:\/\/www.vibrahotels.com\/blog\/it\/#website"},"primaryImageOfPage":{"@id":"https:\/\/www.vibrahotels.com\/blog\/it\/las-5-mejores-playas-y-calas-de-ibiza\/#primaryimage"},"image":{"@id":"https:\/\/www.vibrahotels.com\/blog\/it\/las-5-mejores-playas-y-calas-de-ibiza\/#primaryimage"},"thumbnailUrl":"https:\/\/www.vibrahotels.com\/blog\/wp-content\/uploads\/2024\/03\/shutterstock_1457216219-scaled.jpg","datePublished":"2024-03-27T10:55:30+00:00","dateModified":"2025-04-03T14:11:23+00:00","author":{"@id":"https:\/\/www.vibrahotels.com\/blog\/it\/#\/schema\/person\/ad74f13df6e44e7081ef65424f668972"},"breadcrumb":{"@id":"https:\/\/www.vibrahotels.com\/blog\/it\/las-5-mejores-playas-y-calas-de-ibiza\/#breadcrumb"},"inLanguage":"it-IT","potentialAction":[{"@type":"ReadAction","target":["https:\/\/www.vibrahotels.com\/blog\/it\/las-5-mejores-playas-y-calas-de-ibiza\/"]}]},{"@type":"ImageObject","inLanguage":"it-IT","@id":"https:\/\/www.vibrahotels.com\/blog\/it\/las-5-mejores-playas-y-calas-de-ibiza\/#primaryimage","url":"https:\/\/www.vibrahotels.com\/blog\/wp-content\/uploads\/2024\/03\/shutterstock_1457216219-scaled.jpg","contentUrl":"https:\/\/www.vibrahotels.com\/blog\/wp-content\/uploads\/2024\/03\/shutterstock_1457216219-scaled.jpg","width":2560,"height":1708},{"@type":"BreadcrumbList","@id":"https:\/\/www.vibrahotels.com\/blog\/it\/las-5-mejores-playas-y-calas-de-ibiza\/#breadcrumb","itemListElement":[{"@type":"ListItem","position":1,"name":"Portada","item":"https:\/\/www.vibrahotels.com\/blog\/it\/"},{"@type":"ListItem","position":2,"name":"Le 5 migliori calette e spiagge di Ibiza"}]},{"@type":"WebSite","@id":"https:\/\/www.vibrahotels.com\/blog\/it\/#website","url":"https:\/\/www.vibrahotels.com\/blog\/it\/","name":"Islander by Vibra Hotels","description":"","potentialAction":[{"@type":"SearchAction","target":{"@type":"EntryPoint","urlTemplate":"https:\/\/www.vibrahotels.com\/blog\/it\/?s={search_term_string}"},"query-input":{"@type":"PropertyValueSpecification","valueRequired":true,"valueName":"search_term_string"}}],"inLanguage":"it-IT"},{"@type":"Person","@id":"https:\/\/www.vibrahotels.com\/blog\/it\/#\/schema\/person\/ad74f13df6e44e7081ef65424f668972","name":"The Ibiza Blog","image":{"@type":"ImageObject","inLanguage":"it-IT","@id":"https:\/\/secure.gravatar.com\/avatar\/d172713df318fe4ba11547ee4a70ab1eae0206026db57d7a5920186b9f5ee855?s=96&d=mm&r=g","url":"https:\/\/secure.gravatar.com\/avatar\/d172713df318fe4ba11547ee4a70ab1eae0206026db57d7a5920186b9f5ee855?s=96&d=mm&r=g","contentUrl":"https:\/\/secure.gravatar.com\/avatar\/d172713df318fe4ba11547ee4a70ab1eae0206026db57d7a5920186b9f5ee855?s=96&d=mm&r=g","caption":"The Ibiza Blog"},"url":"https:\/\/www.vibrahotels.com\/blog\/it\/author\/the-ibiza-blog\/"}]}},"_links":{"self":[{"href":"https:\/\/www.vibrahotels.com\/blog\/it\/wp-json\/wp\/v2\/posts\/9355","targetHints":{"allow":["GET"]}}],"collection":[{"href":"https:\/\/www.vibrahotels.com\/blog\/it\/wp-json\/wp\/v2\/posts"}],"about":[{"href":"https:\/\/www.vibrahotels.com\/blog\/it\/wp-json\/wp\/v2\/types\/post"}],"author":[{"embeddable":true,"href":"https:\/\/www.vibrahotels.com\/blog\/it\/wp-json\/wp\/v2\/users\/1"}],"replies":[{"embeddable":true,"href":"https:\/\/www.vibrahotels.com\/blog\/it\/wp-json\/wp\/v2\/comments?post=9355"}],"version-history":[{"count":1,"href":"https:\/\/www.vibrahotels.com\/blog\/it\/wp-json\/wp\/v2\/posts\/9355\/revisions"}],"predecessor-version":[{"id":9361,"href":"https:\/\/www.vibrahotels.com\/blog\/it\/wp-json\/wp\/v2\/posts\/9355\/revisions\/9361"}],"wp:featuredmedia":[{"embeddable":true,"href":"https:\/\/www.vibrahotels.com\/blog\/it\/wp-json\/wp\/v2\/media\/9357"}],"wp:attachment":[{"href":"https:\/\/www.vibrahotels.com\/blog\/it\/wp-json\/wp\/v2\/media?parent=9355"}],"wp:term":[{"taxonomy":"category","embeddable":true,"href":"https:\/\/www.vibrahotels.com\/blog\/it\/wp-json\/wp\/v2\/categories?post=9355"},{"taxonomy":"post_tag","embeddable":true,"href":"https:\/\/www.vibrahotels.com\/blog\/it\/wp-json\/wp\/v2\/tags?post=9355"}],"curies":[{"name":"wp","href":"https:\/\/api.w.org\/{rel}","templated":true}]}}