{"id":9342,"date":"2024-08-23T11:00:42","date_gmt":"2024-08-23T09:00:42","guid":{"rendered":"https:\/\/www.vibrahotels.com\/blog\/descubre-la-magia-de-menorca-en-temporada-baja\/"},"modified":"2025-04-03T15:46:45","modified_gmt":"2025-04-03T13:46:45","slug":"descubre-la-magia-de-menorca-en-temporada-baja","status":"publish","type":"post","link":"https:\/\/www.vibrahotels.com\/blog\/it\/descubre-la-magia-de-menorca-en-temporada-baja\/","title":{"rendered":"Scopri la magia di Minorca in bassa stagione"},"content":{"rendered":"<p><strong>Sappiamo che stai sognando la luce e la tranquillit\u00e0 di Minorca per la tua prossima fuga!<\/strong> Ecco i migliori consigli per sfruttare al massimo la tua visita a Minorca.<\/p>\n<p>Le Isole Baleari sono conosciute per essere una delle destinazioni pi\u00f9 ambite durante i mesi estivi, e l&#8217;isola di Minorca non fa eccezione. Per questo motivo, ti consigliamo di visitarla quando le spiagge sono pi\u00f9 tranquille e puoi davvero apprezzare la magia di questa destinazione dopo la fine dell&#8217;alta stagione, nel mese di settembre.<\/p>\n<p>L&#8217;esempio perfetto di questo effetto \u201cpost-stagione\u201d \u00e8 l&#8217;iconica <a href=\"https:\/\/www.vibrahotels.com\/menorca\">Ciutadella di Minorca<\/a>, uno dei quartieri tipici dell&#8217;isola che si apprezza completamente in questo periodo dell&#8217;anno. E se cerchi un alloggio a pochi passi da Ciutadella e con un eccellente rapporto qualit\u00e0-prezzo, il nostro consiglio \u00e8 di andare ai Vibra Hotels, che offrono tre opzioni di soggiorno in questa zona emblematica della cultura minorchina. Il <a href=\"https:\/\/www.vibrahotels.com\/menorca\/ciudadela\/aparthotel-vibra-blanc-palace\">Vibra Blanc Palace<\/a>, <a href=\"https:\/\/www.vibrahotels.com\/menorca\/ciudadela\/apartamentos-vibra-caleta-playa\">Vibra Caleta Playa<\/a> e <a href=\"https:\/\/www.vibrahotels.com\/menorca\/ciudadela\/apartamentos-vibra-blanc-cottage\">Vibra Blanc Cottage<\/a> sono un insieme di appartamenti situati sulla spiaggia di Sa Caleta, ideali per accoglierti in queste vacanze, con ampie e luminose camere e bellissime aree con piscine circondate da una vegetazione lussureggiante. Prenota il tuo posto ora!<\/p>\n<p><img loading=\"lazy\" decoding=\"async\" src=\"https:\/\/www.vibrahotels.com\/blog\/wp-content\/uploads\/2024\/08\/thumb_2048x1536_b8d19a4b-6fe1-4693-8bf5-04f5ddb4f0bb.jpg\" alt=\"\" width=\"1024\" height=\"683\" class=\"alignnone size-full wp-image-7421\" srcset=\"https:\/\/www.vibrahotels.com\/blog\/wp-content\/uploads\/2024\/08\/thumb_2048x1536_b8d19a4b-6fe1-4693-8bf5-04f5ddb4f0bb.jpg 1024w, https:\/\/www.vibrahotels.com\/blog\/wp-content\/uploads\/2024\/08\/thumb_2048x1536_b8d19a4b-6fe1-4693-8bf5-04f5ddb4f0bb-300x200.jpg 300w, https:\/\/www.vibrahotels.com\/blog\/wp-content\/uploads\/2024\/08\/thumb_2048x1536_b8d19a4b-6fe1-4693-8bf5-04f5ddb4f0bb-768x512.jpg 768w\" sizes=\"auto, (max-width: 1024px) 100vw, 1024px\" \/><\/p>\n<p><strong>Quali sono le migliori spiagge e calette di Minorca?<\/strong><\/p>\n<p>Se desideri trascorrere del tempo in famiglia, <strong>Cala Galdana<\/strong> \u00e8 la scelta migliore nel mese di settembre. Questa cala, che sembra uscita da una cartolina, offre ogni tipo di servizio per trascorrere il tempo con la famiglia. Dalle sdraio e ombrelloni fino agli equipaggiamenti per lo snorkeling, questo paradiso di sabbia e mare ti garantir\u00e0 una giornata indimenticabile.<\/p>\n<p><strong>Cala Turqueta<\/strong> \u00e8 conosciuta come uno dei luoghi pi\u00f9 affollati durante l&#8217;alta stagione, per questo ti consigliamo di approfittare della calma dell&#8217;isola per apprezzare la vera bellezza di questo luogo. I pini e le rocce decorano il paesaggio, dividendo la cala in due spiagge di sabbia bianca, con una vista perfetta per ricaricare le energie durante la vacanza.<\/p>\n<p>Nonostante Minorca offra una grande variet\u00e0 di spiagge e calette da scoprire, <strong>Cala Macarelleta<\/strong> \u00e8 sicuramente la numero uno da vedere durante la bassa stagione. Questa cala, considerata la pi\u00f9 bella dell&#8217;isola, \u00e8 pi\u00f9 facile da apprezzare nei mesi con meno afflusso di turisti. Per questo motivo, ti suggeriamo di mettere nella tua valigia la crema solare e il costume, perch\u00e9 Cala Macarelleta ti aspetta!<\/p>\n<p>Infine, <strong>Playa de Sa Caleta<\/strong> \u00e8 la combinazione perfetta di tranquillit\u00e0 e svago, a soli due chilometri dalla citt\u00e0 di Minorca. Nonostante sia una zona circondata da scogli bassi e abbondante vegetazione, l&#8217;area \u00e8 dotata di servizi di base per trascorrere la giornata. Sa Caleta \u00e8 una delle destinazioni pi\u00f9 popolari dell&#8217;isola, quindi ti consigliamo di soggiornare in uno dei <a href=\"https:\/\/www.vibrahotels.com\/menorca\">tre hotel Vibra<\/a> situati in questo paradiso minorchino per sfruttare al massimo la spiaggia.<\/p>\n<p><img loading=\"lazy\" decoding=\"async\" src=\"https:\/\/www.vibrahotels.com\/blog\/wp-content\/uploads\/2024\/08\/shutterstock_2194054827.jpg\" alt=\"\" width=\"1000\" height=\"546\" class=\"alignnone size-full wp-image-7419\" srcset=\"https:\/\/www.vibrahotels.com\/blog\/wp-content\/uploads\/2024\/08\/shutterstock_2194054827.jpg 1000w, https:\/\/www.vibrahotels.com\/blog\/wp-content\/uploads\/2024\/08\/shutterstock_2194054827-300x164.jpg 300w, https:\/\/www.vibrahotels.com\/blog\/wp-content\/uploads\/2024\/08\/shutterstock_2194054827-768x419.jpg 768w\" sizes=\"auto, (max-width: 1000px) 100vw, 1000px\" \/><\/p>\n<p><strong>Fortezza di la Mola<\/strong><\/p>\n<p>Minorca ospita una delle fortificazioni pi\u00f9 grandi d&#8217;Europa. La Fortezza di la Mola offre una vista spettacolare sul porto di <strong>Mah\u00f3n<\/strong> ed \u00e8 un&#8217;area di conservazione della fauna, perfetta per osservare la natura quando l&#8217;isola \u00e8 pi\u00f9 tranquilla.<\/p>\n<p>Questa struttura storica offre anche accesso a gallerie sotterranee, un piano perfetto per sfuggire al caldo e immergersi nella cultura minorchina. Da <a href=\"https:\/\/www.vibrahotels.com\/\">Vibra Hotels<\/a> ti consigliamo di prenotare una visita notturna per ammirare la bellezza dell&#8217;architettura illuminata sotto il cielo stellato.<\/p>\n<p><img loading=\"lazy\" decoding=\"async\" src=\"https:\/\/www.vibrahotels.com\/blog\/wp-content\/uploads\/2024\/08\/shutterstock_1637117134.jpg\" alt=\"\" width=\"1000\" height=\"668\" class=\"alignnone size-full wp-image-7417\" srcset=\"https:\/\/www.vibrahotels.com\/blog\/wp-content\/uploads\/2024\/08\/shutterstock_1637117134.jpg 1000w, https:\/\/www.vibrahotels.com\/blog\/wp-content\/uploads\/2024\/08\/shutterstock_1637117134-300x200.jpg 300w, https:\/\/www.vibrahotels.com\/blog\/wp-content\/uploads\/2024\/08\/shutterstock_1637117134-768x513.jpg 768w\" sizes=\"auto, (max-width: 1000px) 100vw, 1000px\" \/><\/p>\n<p><strong>Il quartiere di Fornells<\/strong><\/p>\n<p>Questo affascinante villaggio di pescatori \u00e8 pieno di vita a settembre, offrendoti un&#8217;urbanistica mediterranea con una baia naturale. La zona di Fornells \u00e8 conosciuta principalmente per la sua gastronomia a base di prodotti del mare, in particolare per la sua caldereta di aragosta, che ha diverse varianti a seconda del ristorante che scegli.<\/p>\n<p>In questo luogo potrai anche visitare il <strong>Castello di San Antonio<\/strong> o il <strong>Cabo de Cavaller\u00eda<\/strong>, uno spazio completamente naturale tra due scogliere che caratterizza il nord dell&#8217;isola. Ricorda che <a href=\"https:\/\/www.vibrahotels.com\/menorca\">Vibra Hotels<\/a> ti offre l&#8217;alloggio ideale per esplorare il fascino di Minorca. <a href=\"http:\/\/El barrio de Fornells\">Gestisci la tua prenotazione!<\/a><\/p>\n<p><img loading=\"lazy\" decoding=\"async\" src=\"https:\/\/www.vibrahotels.com\/blog\/wp-content\/uploads\/2024\/08\/shutterstock_162355889_edited.jpg\" alt=\"\" width=\"1000\" height=\"667\" class=\"size-full wp-image-7423\" srcset=\"https:\/\/www.vibrahotels.com\/blog\/wp-content\/uploads\/2024\/08\/shutterstock_162355889_edited.jpg 1000w, https:\/\/www.vibrahotels.com\/blog\/wp-content\/uploads\/2024\/08\/shutterstock_162355889_edited-300x200.jpg 300w, https:\/\/www.vibrahotels.com\/blog\/wp-content\/uploads\/2024\/08\/shutterstock_162355889_edited-768x512.jpg 768w\" sizes=\"auto, (max-width: 1000px) 100vw, 1000px\" \/><\/p>\n","protected":false},"excerpt":{"rendered":"<p>Sappiamo che stai sognando la luce e la tranquillit\u00e0 di Minorca per la tua prossima fuga! Ecco i migliori consigli per sfruttare al massimo la tua visita a Minorca. Le Isole Baleari sono conosciute per essere una delle destinazioni pi\u00f9&#8230;<\/p>\n","protected":false},"author":1,"featured_media":9344,"comment_status":"closed","ping_status":"open","sticky":false,"template":"","format":"standard","meta":{"footnotes":""},"categories":[1556],"tags":[],"class_list":["post-9342","post","type-post","status-publish","format-standard","has-post-thumbnail","hentry","category-piani-minorca-it"],"yoast_head":"<!-- This site is optimized with the Yoast SEO plugin v27.4 - https:\/\/yoast.com\/product\/yoast-seo-wordpress\/ -->\n<title>Scopri la magia di Minorca in bassa stagione - Islander by Vibra Hotels<\/title>\n<meta name=\"robots\" content=\"index, follow, max-snippet:-1, max-image-preview:large, max-video-preview:-1\" \/>\n<link rel=\"canonical\" href=\"https:\/\/www.vibrahotels.com\/blog\/it\/descubre-la-magia-de-menorca-en-temporada-baja\/\" \/>\n<meta property=\"og:locale\" content=\"it_IT\" \/>\n<meta property=\"og:type\" content=\"article\" \/>\n<meta property=\"og:title\" content=\"Scopri la magia di Minorca in bassa stagione - Islander by Vibra Hotels\" \/>\n<meta property=\"og:description\" content=\"Sappiamo che stai sognando la luce e la tranquillit\u00e0 di Minorca per la tua prossima fuga! Ecco i migliori consigli per sfruttare al massimo la tua visita a Minorca. Le Isole Baleari sono conosciute per essere una delle destinazioni pi\u00f9...\" \/>\n<meta property=\"og:url\" content=\"https:\/\/www.vibrahotels.com\/blog\/it\/descubre-la-magia-de-menorca-en-temporada-baja\/\" \/>\n<meta property=\"og:site_name\" content=\"Islander by Vibra Hotels\" \/>\n<meta property=\"article:published_time\" content=\"2024-08-23T09:00:42+00:00\" \/>\n<meta property=\"article:modified_time\" content=\"2025-04-03T13:46:45+00:00\" \/>\n<meta property=\"og:image\" content=\"https:\/\/www.vibrahotels.com\/blog\/wp-content\/uploads\/2024\/08\/shutterstock_162355889_edited.jpg\" \/>\n\t<meta property=\"og:image:width\" content=\"1000\" \/>\n\t<meta property=\"og:image:height\" content=\"667\" \/>\n\t<meta property=\"og:image:type\" content=\"image\/jpeg\" \/>\n<meta name=\"author\" content=\"The Ibiza Blog\" \/>\n<meta name=\"twitter:card\" content=\"summary_large_image\" \/>\n<meta name=\"twitter:label1\" content=\"Scritto da\" \/>\n\t<meta name=\"twitter:data1\" content=\"The Ibiza Blog\" \/>\n\t<meta name=\"twitter:label2\" content=\"Tempo di lettura stimato\" \/>\n\t<meta name=\"twitter:data2\" content=\"3 minuti\" \/>\n<script type=\"application\/ld+json\" class=\"yoast-schema-graph\">{\"@context\":\"https:\\\/\\\/schema.org\",\"@graph\":[{\"@type\":\"Article\",\"@id\":\"https:\\\/\\\/www.vibrahotels.com\\\/blog\\\/it\\\/descubre-la-magia-de-menorca-en-temporada-baja\\\/#article\",\"isPartOf\":{\"@id\":\"https:\\\/\\\/www.vibrahotels.com\\\/blog\\\/it\\\/descubre-la-magia-de-menorca-en-temporada-baja\\\/\"},\"author\":{\"name\":\"The Ibiza Blog\",\"@id\":\"https:\\\/\\\/www.vibrahotels.com\\\/blog\\\/it\\\/#\\\/schema\\\/person\\\/ad74f13df6e44e7081ef65424f668972\"},\"headline\":\"Scopri la magia di Minorca in bassa stagione\",\"datePublished\":\"2024-08-23T09:00:42+00:00\",\"dateModified\":\"2025-04-03T13:46:45+00:00\",\"mainEntityOfPage\":{\"@id\":\"https:\\\/\\\/www.vibrahotels.com\\\/blog\\\/it\\\/descubre-la-magia-de-menorca-en-temporada-baja\\\/\"},\"wordCount\":641,\"image\":{\"@id\":\"https:\\\/\\\/www.vibrahotels.com\\\/blog\\\/it\\\/descubre-la-magia-de-menorca-en-temporada-baja\\\/#primaryimage\"},\"thumbnailUrl\":\"https:\\\/\\\/www.vibrahotels.com\\\/blog\\\/wp-content\\\/uploads\\\/2024\\\/08\\\/shutterstock_162355889_edited.jpg\",\"articleSection\":[\"Piani Minorca\"],\"inLanguage\":\"it-IT\"},{\"@type\":\"WebPage\",\"@id\":\"https:\\\/\\\/www.vibrahotels.com\\\/blog\\\/it\\\/descubre-la-magia-de-menorca-en-temporada-baja\\\/\",\"url\":\"https:\\\/\\\/www.vibrahotels.com\\\/blog\\\/it\\\/descubre-la-magia-de-menorca-en-temporada-baja\\\/\",\"name\":\"Scopri la magia di Minorca in bassa stagione - Islander by Vibra Hotels\",\"isPartOf\":{\"@id\":\"https:\\\/\\\/www.vibrahotels.com\\\/blog\\\/it\\\/#website\"},\"primaryImageOfPage\":{\"@id\":\"https:\\\/\\\/www.vibrahotels.com\\\/blog\\\/it\\\/descubre-la-magia-de-menorca-en-temporada-baja\\\/#primaryimage\"},\"image\":{\"@id\":\"https:\\\/\\\/www.vibrahotels.com\\\/blog\\\/it\\\/descubre-la-magia-de-menorca-en-temporada-baja\\\/#primaryimage\"},\"thumbnailUrl\":\"https:\\\/\\\/www.vibrahotels.com\\\/blog\\\/wp-content\\\/uploads\\\/2024\\\/08\\\/shutterstock_162355889_edited.jpg\",\"datePublished\":\"2024-08-23T09:00:42+00:00\",\"dateModified\":\"2025-04-03T13:46:45+00:00\",\"author\":{\"@id\":\"https:\\\/\\\/www.vibrahotels.com\\\/blog\\\/it\\\/#\\\/schema\\\/person\\\/ad74f13df6e44e7081ef65424f668972\"},\"breadcrumb\":{\"@id\":\"https:\\\/\\\/www.vibrahotels.com\\\/blog\\\/it\\\/descubre-la-magia-de-menorca-en-temporada-baja\\\/#breadcrumb\"},\"inLanguage\":\"it-IT\",\"potentialAction\":[{\"@type\":\"ReadAction\",\"target\":[\"https:\\\/\\\/www.vibrahotels.com\\\/blog\\\/it\\\/descubre-la-magia-de-menorca-en-temporada-baja\\\/\"]}]},{\"@type\":\"ImageObject\",\"inLanguage\":\"it-IT\",\"@id\":\"https:\\\/\\\/www.vibrahotels.com\\\/blog\\\/it\\\/descubre-la-magia-de-menorca-en-temporada-baja\\\/#primaryimage\",\"url\":\"https:\\\/\\\/www.vibrahotels.com\\\/blog\\\/wp-content\\\/uploads\\\/2024\\\/08\\\/shutterstock_162355889_edited.jpg\",\"contentUrl\":\"https:\\\/\\\/www.vibrahotels.com\\\/blog\\\/wp-content\\\/uploads\\\/2024\\\/08\\\/shutterstock_162355889_edited.jpg\",\"width\":1000,\"height\":667,\"caption\":\"Menorca Ciutadella red grunge facade wit bicycle at Balearic islands\"},{\"@type\":\"BreadcrumbList\",\"@id\":\"https:\\\/\\\/www.vibrahotels.com\\\/blog\\\/it\\\/descubre-la-magia-de-menorca-en-temporada-baja\\\/#breadcrumb\",\"itemListElement\":[{\"@type\":\"ListItem\",\"position\":1,\"name\":\"Portada\",\"item\":\"https:\\\/\\\/www.vibrahotels.com\\\/blog\\\/it\\\/\"},{\"@type\":\"ListItem\",\"position\":2,\"name\":\"Scopri la magia di Minorca in bassa stagione\"}]},{\"@type\":\"WebSite\",\"@id\":\"https:\\\/\\\/www.vibrahotels.com\\\/blog\\\/it\\\/#website\",\"url\":\"https:\\\/\\\/www.vibrahotels.com\\\/blog\\\/it\\\/\",\"name\":\"Islander by Vibra Hotels\",\"description\":\"\",\"potentialAction\":[{\"@type\":\"SearchAction\",\"target\":{\"@type\":\"EntryPoint\",\"urlTemplate\":\"https:\\\/\\\/www.vibrahotels.com\\\/blog\\\/it\\\/?s={search_term_string}\"},\"query-input\":{\"@type\":\"PropertyValueSpecification\",\"valueRequired\":true,\"valueName\":\"search_term_string\"}}],\"inLanguage\":\"it-IT\"},{\"@type\":\"Person\",\"@id\":\"https:\\\/\\\/www.vibrahotels.com\\\/blog\\\/it\\\/#\\\/schema\\\/person\\\/ad74f13df6e44e7081ef65424f668972\",\"name\":\"The Ibiza Blog\",\"image\":{\"@type\":\"ImageObject\",\"inLanguage\":\"it-IT\",\"@id\":\"https:\\\/\\\/secure.gravatar.com\\\/avatar\\\/d172713df318fe4ba11547ee4a70ab1eae0206026db57d7a5920186b9f5ee855?s=96&d=mm&r=g\",\"url\":\"https:\\\/\\\/secure.gravatar.com\\\/avatar\\\/d172713df318fe4ba11547ee4a70ab1eae0206026db57d7a5920186b9f5ee855?s=96&d=mm&r=g\",\"contentUrl\":\"https:\\\/\\\/secure.gravatar.com\\\/avatar\\\/d172713df318fe4ba11547ee4a70ab1eae0206026db57d7a5920186b9f5ee855?s=96&d=mm&r=g\",\"caption\":\"The Ibiza Blog\"},\"url\":\"https:\\\/\\\/www.vibrahotels.com\\\/blog\\\/it\\\/author\\\/the-ibiza-blog\\\/\"}]}<\/script>\n<!-- \/ Yoast SEO plugin. -->","yoast_head_json":{"title":"Scopri la magia di Minorca in bassa stagione - Islander by Vibra Hotels","robots":{"index":"index","follow":"follow","max-snippet":"max-snippet:-1","max-image-preview":"max-image-preview:large","max-video-preview":"max-video-preview:-1"},"canonical":"https:\/\/www.vibrahotels.com\/blog\/it\/descubre-la-magia-de-menorca-en-temporada-baja\/","og_locale":"it_IT","og_type":"article","og_title":"Scopri la magia di Minorca in bassa stagione - Islander by Vibra Hotels","og_description":"Sappiamo che stai sognando la luce e la tranquillit\u00e0 di Minorca per la tua prossima fuga! Ecco i migliori consigli per sfruttare al massimo la tua visita a Minorca. Le Isole Baleari sono conosciute per essere una delle destinazioni pi\u00f9...","og_url":"https:\/\/www.vibrahotels.com\/blog\/it\/descubre-la-magia-de-menorca-en-temporada-baja\/","og_site_name":"Islander by Vibra Hotels","article_published_time":"2024-08-23T09:00:42+00:00","article_modified_time":"2025-04-03T13:46:45+00:00","og_image":[{"width":1000,"height":667,"url":"https:\/\/www.vibrahotels.com\/blog\/wp-content\/uploads\/2024\/08\/shutterstock_162355889_edited.jpg","type":"image\/jpeg"}],"author":"The Ibiza Blog","twitter_card":"summary_large_image","twitter_misc":{"Scritto da":"The Ibiza Blog","Tempo di lettura stimato":"3 minuti"},"schema":{"@context":"https:\/\/schema.org","@graph":[{"@type":"Article","@id":"https:\/\/www.vibrahotels.com\/blog\/it\/descubre-la-magia-de-menorca-en-temporada-baja\/#article","isPartOf":{"@id":"https:\/\/www.vibrahotels.com\/blog\/it\/descubre-la-magia-de-menorca-en-temporada-baja\/"},"author":{"name":"The Ibiza Blog","@id":"https:\/\/www.vibrahotels.com\/blog\/it\/#\/schema\/person\/ad74f13df6e44e7081ef65424f668972"},"headline":"Scopri la magia di Minorca in bassa stagione","datePublished":"2024-08-23T09:00:42+00:00","dateModified":"2025-04-03T13:46:45+00:00","mainEntityOfPage":{"@id":"https:\/\/www.vibrahotels.com\/blog\/it\/descubre-la-magia-de-menorca-en-temporada-baja\/"},"wordCount":641,"image":{"@id":"https:\/\/www.vibrahotels.com\/blog\/it\/descubre-la-magia-de-menorca-en-temporada-baja\/#primaryimage"},"thumbnailUrl":"https:\/\/www.vibrahotels.com\/blog\/wp-content\/uploads\/2024\/08\/shutterstock_162355889_edited.jpg","articleSection":["Piani Minorca"],"inLanguage":"it-IT"},{"@type":"WebPage","@id":"https:\/\/www.vibrahotels.com\/blog\/it\/descubre-la-magia-de-menorca-en-temporada-baja\/","url":"https:\/\/www.vibrahotels.com\/blog\/it\/descubre-la-magia-de-menorca-en-temporada-baja\/","name":"Scopri la magia di Minorca in bassa stagione - Islander by Vibra Hotels","isPartOf":{"@id":"https:\/\/www.vibrahotels.com\/blog\/it\/#website"},"primaryImageOfPage":{"@id":"https:\/\/www.vibrahotels.com\/blog\/it\/descubre-la-magia-de-menorca-en-temporada-baja\/#primaryimage"},"image":{"@id":"https:\/\/www.vibrahotels.com\/blog\/it\/descubre-la-magia-de-menorca-en-temporada-baja\/#primaryimage"},"thumbnailUrl":"https:\/\/www.vibrahotels.com\/blog\/wp-content\/uploads\/2024\/08\/shutterstock_162355889_edited.jpg","datePublished":"2024-08-23T09:00:42+00:00","dateModified":"2025-04-03T13:46:45+00:00","author":{"@id":"https:\/\/www.vibrahotels.com\/blog\/it\/#\/schema\/person\/ad74f13df6e44e7081ef65424f668972"},"breadcrumb":{"@id":"https:\/\/www.vibrahotels.com\/blog\/it\/descubre-la-magia-de-menorca-en-temporada-baja\/#breadcrumb"},"inLanguage":"it-IT","potentialAction":[{"@type":"ReadAction","target":["https:\/\/www.vibrahotels.com\/blog\/it\/descubre-la-magia-de-menorca-en-temporada-baja\/"]}]},{"@type":"ImageObject","inLanguage":"it-IT","@id":"https:\/\/www.vibrahotels.com\/blog\/it\/descubre-la-magia-de-menorca-en-temporada-baja\/#primaryimage","url":"https:\/\/www.vibrahotels.com\/blog\/wp-content\/uploads\/2024\/08\/shutterstock_162355889_edited.jpg","contentUrl":"https:\/\/www.vibrahotels.com\/blog\/wp-content\/uploads\/2024\/08\/shutterstock_162355889_edited.jpg","width":1000,"height":667,"caption":"Menorca Ciutadella red grunge facade wit bicycle at Balearic islands"},{"@type":"BreadcrumbList","@id":"https:\/\/www.vibrahotels.com\/blog\/it\/descubre-la-magia-de-menorca-en-temporada-baja\/#breadcrumb","itemListElement":[{"@type":"ListItem","position":1,"name":"Portada","item":"https:\/\/www.vibrahotels.com\/blog\/it\/"},{"@type":"ListItem","position":2,"name":"Scopri la magia di Minorca in bassa stagione"}]},{"@type":"WebSite","@id":"https:\/\/www.vibrahotels.com\/blog\/it\/#website","url":"https:\/\/www.vibrahotels.com\/blog\/it\/","name":"Islander by Vibra Hotels","description":"","potentialAction":[{"@type":"SearchAction","target":{"@type":"EntryPoint","urlTemplate":"https:\/\/www.vibrahotels.com\/blog\/it\/?s={search_term_string}"},"query-input":{"@type":"PropertyValueSpecification","valueRequired":true,"valueName":"search_term_string"}}],"inLanguage":"it-IT"},{"@type":"Person","@id":"https:\/\/www.vibrahotels.com\/blog\/it\/#\/schema\/person\/ad74f13df6e44e7081ef65424f668972","name":"The Ibiza Blog","image":{"@type":"ImageObject","inLanguage":"it-IT","@id":"https:\/\/secure.gravatar.com\/avatar\/d172713df318fe4ba11547ee4a70ab1eae0206026db57d7a5920186b9f5ee855?s=96&d=mm&r=g","url":"https:\/\/secure.gravatar.com\/avatar\/d172713df318fe4ba11547ee4a70ab1eae0206026db57d7a5920186b9f5ee855?s=96&d=mm&r=g","contentUrl":"https:\/\/secure.gravatar.com\/avatar\/d172713df318fe4ba11547ee4a70ab1eae0206026db57d7a5920186b9f5ee855?s=96&d=mm&r=g","caption":"The Ibiza Blog"},"url":"https:\/\/www.vibrahotels.com\/blog\/it\/author\/the-ibiza-blog\/"}]}},"_links":{"self":[{"href":"https:\/\/www.vibrahotels.com\/blog\/it\/wp-json\/wp\/v2\/posts\/9342","targetHints":{"allow":["GET"]}}],"collection":[{"href":"https:\/\/www.vibrahotels.com\/blog\/it\/wp-json\/wp\/v2\/posts"}],"about":[{"href":"https:\/\/www.vibrahotels.com\/blog\/it\/wp-json\/wp\/v2\/types\/post"}],"author":[{"embeddable":true,"href":"https:\/\/www.vibrahotels.com\/blog\/it\/wp-json\/wp\/v2\/users\/1"}],"replies":[{"embeddable":true,"href":"https:\/\/www.vibrahotels.com\/blog\/it\/wp-json\/wp\/v2\/comments?post=9342"}],"version-history":[{"count":1,"href":"https:\/\/www.vibrahotels.com\/blog\/it\/wp-json\/wp\/v2\/posts\/9342\/revisions"}],"predecessor-version":[{"id":9347,"href":"https:\/\/www.vibrahotels.com\/blog\/it\/wp-json\/wp\/v2\/posts\/9342\/revisions\/9347"}],"wp:featuredmedia":[{"embeddable":true,"href":"https:\/\/www.vibrahotels.com\/blog\/it\/wp-json\/wp\/v2\/media\/9344"}],"wp:attachment":[{"href":"https:\/\/www.vibrahotels.com\/blog\/it\/wp-json\/wp\/v2\/media?parent=9342"}],"wp:term":[{"taxonomy":"category","embeddable":true,"href":"https:\/\/www.vibrahotels.com\/blog\/it\/wp-json\/wp\/v2\/categories?post=9342"},{"taxonomy":"post_tag","embeddable":true,"href":"https:\/\/www.vibrahotels.com\/blog\/it\/wp-json\/wp\/v2\/tags?post=9342"}],"curies":[{"name":"wp","href":"https:\/\/api.w.org\/{rel}","templated":true}]}}