{"id":9212,"date":"2025-02-21T09:00:54","date_gmt":"2025-02-21T08:00:54","guid":{"rendered":"https:\/\/www.vibrahotels.com\/blog\/pasa-tu-semana-santa-en-familia-en-ibiza\/"},"modified":"2025-04-03T12:53:46","modified_gmt":"2025-04-03T10:53:46","slug":"pasa-tu-semana-santa-en-familia-en-ibiza","status":"publish","type":"post","link":"https:\/\/www.vibrahotels.com\/blog\/it\/pasa-tu-semana-santa-en-familia-en-ibiza\/","title":{"rendered":"Settimana Santa a Ibiza: viaggia in famiglia sull&#8217;isola"},"content":{"rendered":"<p>Arrivano le vacanze di <strong>Settimana Santa<\/strong>, il periodo perfetto per visitare l&#8217;idilliaca isola bianca con maggiore tranquillit\u00e0 e godere di un bel clima in famiglia. Le Isole Baleari sono una grande opzione per viaggiare in famiglia in questo periodo dell\u2019anno. Rivediamo le attivit\u00e0 e i programmi da fare durante le vacanze pasquali sull\u2019isola di Ibiza. Inoltre, ti consigliamo di prenotare subito il tuo soggiorno se vuoi goderti un viaggio comodo e piacevole. Ti suggeriamo gli alloggi di <a href=\"https:\/\/www.vibrahotels.com\/es\">Vibra Hotels<\/a>. \u00c8 il momento ideale per prenotare e ottenere il miglior prezzo possibile. Ora s\u00ec, segna la lista delle attivit\u00e0 da fare in famiglia!<\/p>\n<h2><strong>Ibiza e natura: Ses Salines, Bibo Park ed Es Vedr\u00e0<\/strong><\/h2>\n<p><strong>Ibiza<\/strong> \u00e8 un grande paradiso naturale e puoi godere di diverse attivit\u00e0 che includono la natura e paesaggi mozzafiato. Il parco naturale di <strong>Ses Salines<\/strong> \u00e8 stato riconosciuto come Patrimonio dell&#8217;Umanit\u00e0 dal 2001 e si estende dal sud di Ibiza fino al nord di Formentera. \u00c8 un territorio terrestre e marino dove puoi godere di spiagge turchesi, sistemi dunari, scogliere e laghi salini.<\/p>\n<p><img loading=\"lazy\" decoding=\"async\" src=\"https:\/\/www.vibrahotels.com\/blog\/wp-content\/uploads\/2024\/10\/shutterstock_708212992.jpg\" alt=\"Semana Santa en Ibiza: viaja en familia a la isla\" width=\"1000\" height=\"665\" class=\"alignnone size-full wp-image-7817\" srcset=\"https:\/\/www.vibrahotels.com\/blog\/wp-content\/uploads\/2024\/10\/shutterstock_708212992.jpg 1000w, https:\/\/www.vibrahotels.com\/blog\/wp-content\/uploads\/2024\/10\/shutterstock_708212992-300x200.jpg 300w, https:\/\/www.vibrahotels.com\/blog\/wp-content\/uploads\/2024\/10\/shutterstock_708212992-768x511.jpg 768w\" sizes=\"auto, (max-width: 1000px) 100vw, 1000px\" \/><\/p>\n<p>Un altro piano per fare in famiglia e godere della natura sull\u2019isola di Ibiza \u00e8 visitare il Bibo Park, un parco botanico biotecnologico dove troverai dalle zone rocciose, scogliere e spiagge fino alla pianta di Aloe Vera.<\/p>\n<p><strong>Es Vedr\u00e0<\/strong> e la sua riserva naturale \u00e8 un altro dei luoghi da non perdere durante la tua visita sull&#8217;isola. \u00c8 uno dei luoghi pi\u00f9 mistici dell&#8217;isola a causa delle leggende che circolano su questo posto. Inoltre, potrai ammirare uno dei tramonti pi\u00f9 belli di tutta Ibiza.<\/p>\n<h2><strong>Affitta una barca a Ibiza<\/strong><\/h2>\n<p>Una grande attivit\u00e0 da fare in famiglia \u00e8 una passeggiata in barca lungo la costa mediterranea che bagna l\u2019isola di Ibiza. Durante la Settimana Santa a Ibiza, il clima \u00e8 davvero buono e ammirare il mare da una barca \u00e8 diventato il piano perfetto. Trascorrere la mattina o il pomeriggio ammirando le meravigliose spiagge e calette che offre l\u2019isola in barca \u00e8 un\u2019opzione ideale per passare del tempo in famiglia e far divertire i bambini in mare.<\/p>\n<p><img loading=\"lazy\" decoding=\"async\" src=\"https:\/\/www.vibrahotels.com\/blog\/wp-content\/uploads\/2024\/10\/shutterstock_2158249721.jpg\" alt=\"Semana Santa en Ibiza: viaja en familia a la isla\" width=\"1000\" height=\"667\" class=\"alignnone size-full wp-image-7819\" srcset=\"https:\/\/www.vibrahotels.com\/blog\/wp-content\/uploads\/2024\/10\/shutterstock_2158249721.jpg 1000w, https:\/\/www.vibrahotels.com\/blog\/wp-content\/uploads\/2024\/10\/shutterstock_2158249721-300x200.jpg 300w, https:\/\/www.vibrahotels.com\/blog\/wp-content\/uploads\/2024\/10\/shutterstock_2158249721-768x512.jpg 768w\" sizes=\"auto, (max-width: 1000px) 100vw, 1000px\" \/><\/p>\n<h2><strong>Escursione alle calette dell\u2019isola di Ibiza<\/strong><\/h2>\n<p>Ibiza ha una grande variet\u00e0 di spiagge e calette con acque cristalline, ideali per godersi in famiglia durante questi giorni di Settimana Santa. Una delle pi\u00f9 conosciute e grandi di tutta l&#8217;isola \u00e8 la <strong>Playa d\u2019en Bossa<\/strong>, dove potrai prenotare attivit\u00e0 acquatiche per i pi\u00f9 piccoli e gustare la gastronomia mediterranea nei suoi numerosi ristoranti.<\/p>\n<p>Una delle calette pi\u00f9 belle dell&#8217;isola \u00e8 <strong>Sa Caleta<\/strong>, lunga appena 100 metri, situata nel sud dell\u2019isola. \u00c8 considerata uno dei migliori luoghi per trascorrere del tempo in famiglia grazie alla sua tranquillit\u00e0. Da menzionare anche Cala Tarida, una grande spiaggia familiare con acque cristalline e turchesi.<\/p>\n<p>Vicino al villaggio di San Miguel, troverai una delle migliori calette di Ibiza, la <strong>cala Benirr\u00e1s<\/strong>. Si tratta di una cala circondata da colline, pini e rocce. Il tramonto qui \u00e8 molto speciale ed \u00e8 uno dei pi\u00f9 popolari.<\/p>\n<p><img loading=\"lazy\" decoding=\"async\" src=\"https:\/\/www.vibrahotels.com\/blog\/wp-content\/uploads\/2024\/10\/shutterstock_1527803825.jpg\" alt=\"Semana Santa en Ibiza: viaja en familia a la isla\" width=\"1000\" height=\"667\" class=\"alignnone size-full wp-image-7822\" srcset=\"https:\/\/www.vibrahotels.com\/blog\/wp-content\/uploads\/2024\/10\/shutterstock_1527803825.jpg 1000w, https:\/\/www.vibrahotels.com\/blog\/wp-content\/uploads\/2024\/10\/shutterstock_1527803825-300x200.jpg 300w, https:\/\/www.vibrahotels.com\/blog\/wp-content\/uploads\/2024\/10\/shutterstock_1527803825-768x512.jpg 768w\" sizes=\"auto, (max-width: 1000px) 100vw, 1000px\" \/><\/p>\n<h2><strong>Processioni di Settimana Santa a Ibiza<\/strong><\/h2>\n<p>Durante questi giorni si svolgono le processioni di Settimana Santa sull\u2019isola, dove diverse confraternite portano le statue di Ges\u00f9 e altri santi. Il tutto al ritmo delle bande musicali e dei ceri pasquali.<\/p>\n<p>Nella citt\u00e0 di Ibiza, la processione parte dalla cattedrale nel pomeriggio e si dirige verso il Portal de ses Taules, fino a Vara de Rey. Puoi anche visitare altre processioni in localit\u00e0 come Santa Eulalia.<\/p>\n<p>Le processioni si svolgono il Gioved\u00ec Santo, il Venerd\u00ec Santo e la Domenica di Resurrezione al mattino. Altri paesi come Puig d&#8217;en Valls, San Miguel, San Mateo e Sant Jordi organizzano anche atti religiosi come messe o piccole processioni.<\/p>\n<p><img loading=\"lazy\" decoding=\"async\" src=\"https:\/\/www.vibrahotels.com\/blog\/wp-content\/uploads\/2024\/10\/shutterstock_605326313.jpg\" alt=\"Semana Santa en Ibiza: viaja en familia a la isla\" width=\"1000\" height=\"667\" class=\"alignnone size-full wp-image-7824\" srcset=\"https:\/\/www.vibrahotels.com\/blog\/wp-content\/uploads\/2024\/10\/shutterstock_605326313.jpg 1000w, https:\/\/www.vibrahotels.com\/blog\/wp-content\/uploads\/2024\/10\/shutterstock_605326313-300x200.jpg 300w, https:\/\/www.vibrahotels.com\/blog\/wp-content\/uploads\/2024\/10\/shutterstock_605326313-768x512.jpg 768w\" sizes=\"auto, (max-width: 1000px) 100vw, 1000px\" \/><\/p>\n<p>Per il tuo soggiorno a Ibiza, ti proponiamo un hotel vicino a tutti gli eventi di <strong>Settimana Santa<\/strong> e con una posizione eccellente, come l&#8217;hotel <a href=\"https:\/\/www.vibrahotels.com\/es\/ibiza\/ciudad\/hotel-vibra-maritimo\">Vibra Mar\u00edtimo<\/a>. In prima linea di spiaggia, a soli 15 minuti a piedi dal centro storico di Ibiza e dalla zona del porto, dove passeggiare al tramonto tra le sue strade pedonali o nell&#8217;area di Dalt Vila, piena di piccoli negozi e ristoranti affascinanti. Inoltre, puoi gustare la gastronomia mediterranea al <a href=\"https:\/\/www.vibrahotels.com\/es\/gastronomia\/blavos\">Ristorante Blav\u00f3s<\/a>, situato nello stesso hotel, dove assaporare risotti, carne e pesce alla griglia, cos\u00ec come deliziosi dolci e cocktail.<\/p>\n<p><img loading=\"lazy\" decoding=\"async\" src=\"https:\/\/www.vibrahotels.com\/blog\/wp-content\/uploads\/2024\/10\/Imagen1-1.jpg\" alt=\"Semana Santa en Ibiza: viaja en familia a la isla\" width=\"1093\" height=\"729\" class=\"alignnone size-full wp-image-7813\" srcset=\"https:\/\/www.vibrahotels.com\/blog\/wp-content\/uploads\/2024\/10\/Imagen1-1.jpg 1093w, https:\/\/www.vibrahotels.com\/blog\/wp-content\/uploads\/2024\/10\/Imagen1-1-300x200.jpg 300w, https:\/\/www.vibrahotels.com\/blog\/wp-content\/uploads\/2024\/10\/Imagen1-1-1024x683.jpg 1024w, https:\/\/www.vibrahotels.com\/blog\/wp-content\/uploads\/2024\/10\/Imagen1-1-768x512.jpg 768w\" sizes=\"auto, (max-width: 1093px) 100vw, 1093px\" \/><\/p>\n<p>Se preferisci un alloggio a Ibiza dove poter cucinare&#8230; non preoccuparti, <a href=\"https:\/\/www.vibrahotels.com\/es\">Vibra Hotels<\/a> ti offre tre opzioni di aparthotel ideali per trascorrere qualche giorno in famiglia. Alloggi come <a href=\"https:\/\/www.vibrahotels.com\/es\/ibiza\/ciudad\/aparthotel-vibra-lux-mar\">Aparthotel Vibra Lux Mar<\/a>, <a href=\"https:\/\/www.vibrahotels.com\/es\/ibiza\/ciudad\/apartamentos-vibra-panoramic\">Vibra Panoramic<\/a> o <a href=\"https:\/\/www.vibrahotels.com\/es\/ibiza\/ciudad\/apartamentos-vibra-tropical-garden\">Vibra Tropical Garden<\/a>. A 300 metri dalla spiaggia Ses Figueretes e a 15 minuti a piedi dal centro di Ibiza. Alcune delle camere offrono splendide viste su Formentera.<\/p>\n<p><img loading=\"lazy\" decoding=\"async\" src=\"https:\/\/www.vibrahotels.com\/blog\/wp-content\/uploads\/2024\/10\/Imagen2-1.jpg\" alt=\"Semana Santa en Ibiza: viaja en familia a la isla\" width=\"1210\" height=\"804\" class=\"alignnone size-full wp-image-7815\" srcset=\"https:\/\/www.vibrahotels.com\/blog\/wp-content\/uploads\/2024\/10\/Imagen2-1.jpg 1210w, https:\/\/www.vibrahotels.com\/blog\/wp-content\/uploads\/2024\/10\/Imagen2-1-300x199.jpg 300w, https:\/\/www.vibrahotels.com\/blog\/wp-content\/uploads\/2024\/10\/Imagen2-1-1024x680.jpg 1024w, https:\/\/www.vibrahotels.com\/blog\/wp-content\/uploads\/2024\/10\/Imagen2-1-768x510.jpg 768w\" sizes=\"auto, (max-width: 1210px) 100vw, 1210px\" \/><\/p>\n<p>Trascorrere le vacanze in famiglia a Ibiza \u00e8 una scelta ideale se desideri godere di un buon clima e goderti la natura, le spiagge e le attivit\u00e0 per bambini con maggiore tranquillit\u00e0. E ricorda, se hai intenzione di venire, non esitare a soggiornare presso <a href=\"https:\/\/www.vibrahotels.com\/es\">Vibra Hotels<\/a> e ottenere il miglior prezzo.<\/p>\n","protected":false},"excerpt":{"rendered":"<p>Arrivano le vacanze di Settimana Santa, il periodo perfetto per visitare l&#8217;idilliaca isola bianca con maggiore tranquillit\u00e0 e godere di un bel clima in famiglia. Le Isole Baleari sono una grande opzione per viaggiare in famiglia in questo periodo dell\u2019anno&#8230;.<\/p>\n","protected":false},"author":1,"featured_media":9214,"comment_status":"closed","ping_status":"open","sticky":false,"template":"","format":"standard","meta":{"footnotes":""},"categories":[1532,1552],"tags":[],"class_list":["post-9212","post","type-post","status-publish","format-standard","has-post-thumbnail","hentry","category-piani-ibiza","category-travel-it"],"yoast_head":"<!-- This site is optimized with the Yoast SEO plugin v27.4 - https:\/\/yoast.com\/product\/yoast-seo-wordpress\/ -->\n<title>Settimana Santa a Ibiza: viaggia in famiglia sull&#039;isola - Islander by Vibra Hotels<\/title>\n<meta name=\"robots\" content=\"index, follow, max-snippet:-1, max-image-preview:large, max-video-preview:-1\" \/>\n<link rel=\"canonical\" href=\"https:\/\/www.vibrahotels.com\/blog\/it\/pasa-tu-semana-santa-en-familia-en-ibiza\/\" \/>\n<meta property=\"og:locale\" content=\"it_IT\" \/>\n<meta property=\"og:type\" content=\"article\" \/>\n<meta property=\"og:title\" content=\"Settimana Santa a Ibiza: viaggia in famiglia sull&#039;isola - Islander by Vibra Hotels\" \/>\n<meta property=\"og:description\" content=\"Arrivano le vacanze di Settimana Santa, il periodo perfetto per visitare l&#8217;idilliaca isola bianca con maggiore tranquillit\u00e0 e godere di un bel clima in famiglia. Le Isole Baleari sono una grande opzione per viaggiare in famiglia in questo periodo dell\u2019anno....\" \/>\n<meta property=\"og:url\" content=\"https:\/\/www.vibrahotels.com\/blog\/it\/pasa-tu-semana-santa-en-familia-en-ibiza\/\" \/>\n<meta property=\"og:site_name\" content=\"Islander by Vibra Hotels\" \/>\n<meta property=\"article:published_time\" content=\"2025-02-21T08:00:54+00:00\" \/>\n<meta property=\"article:modified_time\" content=\"2025-04-03T10:53:46+00:00\" \/>\n<meta property=\"og:image\" content=\"https:\/\/www.vibrahotels.com\/blog\/wp-content\/uploads\/2024\/10\/shutterstock_1527803825.jpg\" \/>\n\t<meta property=\"og:image:width\" content=\"1000\" \/>\n\t<meta property=\"og:image:height\" content=\"667\" \/>\n\t<meta property=\"og:image:type\" content=\"image\/jpeg\" \/>\n<meta name=\"author\" content=\"The Ibiza Blog\" \/>\n<meta name=\"twitter:card\" content=\"summary_large_image\" \/>\n<meta name=\"twitter:label1\" content=\"Scritto da\" \/>\n\t<meta name=\"twitter:data1\" content=\"The Ibiza Blog\" \/>\n\t<meta name=\"twitter:label2\" content=\"Tempo di lettura stimato\" \/>\n\t<meta name=\"twitter:data2\" content=\"4 minuti\" \/>\n<script type=\"application\/ld+json\" class=\"yoast-schema-graph\">{\"@context\":\"https:\\\/\\\/schema.org\",\"@graph\":[{\"@type\":\"Article\",\"@id\":\"https:\\\/\\\/www.vibrahotels.com\\\/blog\\\/it\\\/pasa-tu-semana-santa-en-familia-en-ibiza\\\/#article\",\"isPartOf\":{\"@id\":\"https:\\\/\\\/www.vibrahotels.com\\\/blog\\\/it\\\/pasa-tu-semana-santa-en-familia-en-ibiza\\\/\"},\"author\":{\"name\":\"The Ibiza Blog\",\"@id\":\"https:\\\/\\\/www.vibrahotels.com\\\/blog\\\/it\\\/#\\\/schema\\\/person\\\/ad74f13df6e44e7081ef65424f668972\"},\"headline\":\"Settimana Santa a Ibiza: viaggia in famiglia sull&#8217;isola\",\"datePublished\":\"2025-02-21T08:00:54+00:00\",\"dateModified\":\"2025-04-03T10:53:46+00:00\",\"mainEntityOfPage\":{\"@id\":\"https:\\\/\\\/www.vibrahotels.com\\\/blog\\\/it\\\/pasa-tu-semana-santa-en-familia-en-ibiza\\\/\"},\"wordCount\":810,\"image\":{\"@id\":\"https:\\\/\\\/www.vibrahotels.com\\\/blog\\\/it\\\/pasa-tu-semana-santa-en-familia-en-ibiza\\\/#primaryimage\"},\"thumbnailUrl\":\"https:\\\/\\\/www.vibrahotels.com\\\/blog\\\/wp-content\\\/uploads\\\/2024\\\/10\\\/shutterstock_1527803825.jpg\",\"articleSection\":[\"Piani Ibiza\",\"Travel\"],\"inLanguage\":\"it-IT\"},{\"@type\":\"WebPage\",\"@id\":\"https:\\\/\\\/www.vibrahotels.com\\\/blog\\\/it\\\/pasa-tu-semana-santa-en-familia-en-ibiza\\\/\",\"url\":\"https:\\\/\\\/www.vibrahotels.com\\\/blog\\\/it\\\/pasa-tu-semana-santa-en-familia-en-ibiza\\\/\",\"name\":\"Settimana Santa a Ibiza: viaggia in famiglia sull'isola - Islander by Vibra Hotels\",\"isPartOf\":{\"@id\":\"https:\\\/\\\/www.vibrahotels.com\\\/blog\\\/it\\\/#website\"},\"primaryImageOfPage\":{\"@id\":\"https:\\\/\\\/www.vibrahotels.com\\\/blog\\\/it\\\/pasa-tu-semana-santa-en-familia-en-ibiza\\\/#primaryimage\"},\"image\":{\"@id\":\"https:\\\/\\\/www.vibrahotels.com\\\/blog\\\/it\\\/pasa-tu-semana-santa-en-familia-en-ibiza\\\/#primaryimage\"},\"thumbnailUrl\":\"https:\\\/\\\/www.vibrahotels.com\\\/blog\\\/wp-content\\\/uploads\\\/2024\\\/10\\\/shutterstock_1527803825.jpg\",\"datePublished\":\"2025-02-21T08:00:54+00:00\",\"dateModified\":\"2025-04-03T10:53:46+00:00\",\"author\":{\"@id\":\"https:\\\/\\\/www.vibrahotels.com\\\/blog\\\/it\\\/#\\\/schema\\\/person\\\/ad74f13df6e44e7081ef65424f668972\"},\"breadcrumb\":{\"@id\":\"https:\\\/\\\/www.vibrahotels.com\\\/blog\\\/it\\\/pasa-tu-semana-santa-en-familia-en-ibiza\\\/#breadcrumb\"},\"inLanguage\":\"it-IT\",\"potentialAction\":[{\"@type\":\"ReadAction\",\"target\":[\"https:\\\/\\\/www.vibrahotels.com\\\/blog\\\/it\\\/pasa-tu-semana-santa-en-familia-en-ibiza\\\/\"]}]},{\"@type\":\"ImageObject\",\"inLanguage\":\"it-IT\",\"@id\":\"https:\\\/\\\/www.vibrahotels.com\\\/blog\\\/it\\\/pasa-tu-semana-santa-en-familia-en-ibiza\\\/#primaryimage\",\"url\":\"https:\\\/\\\/www.vibrahotels.com\\\/blog\\\/wp-content\\\/uploads\\\/2024\\\/10\\\/shutterstock_1527803825.jpg\",\"contentUrl\":\"https:\\\/\\\/www.vibrahotels.com\\\/blog\\\/wp-content\\\/uploads\\\/2024\\\/10\\\/shutterstock_1527803825.jpg\",\"width\":1000,\"height\":667},{\"@type\":\"BreadcrumbList\",\"@id\":\"https:\\\/\\\/www.vibrahotels.com\\\/blog\\\/it\\\/pasa-tu-semana-santa-en-familia-en-ibiza\\\/#breadcrumb\",\"itemListElement\":[{\"@type\":\"ListItem\",\"position\":1,\"name\":\"Portada\",\"item\":\"https:\\\/\\\/www.vibrahotels.com\\\/blog\\\/it\\\/\"},{\"@type\":\"ListItem\",\"position\":2,\"name\":\"Settimana Santa a Ibiza: viaggia in famiglia sull&#8217;isola\"}]},{\"@type\":\"WebSite\",\"@id\":\"https:\\\/\\\/www.vibrahotels.com\\\/blog\\\/it\\\/#website\",\"url\":\"https:\\\/\\\/www.vibrahotels.com\\\/blog\\\/it\\\/\",\"name\":\"Islander by Vibra Hotels\",\"description\":\"\",\"potentialAction\":[{\"@type\":\"SearchAction\",\"target\":{\"@type\":\"EntryPoint\",\"urlTemplate\":\"https:\\\/\\\/www.vibrahotels.com\\\/blog\\\/it\\\/?s={search_term_string}\"},\"query-input\":{\"@type\":\"PropertyValueSpecification\",\"valueRequired\":true,\"valueName\":\"search_term_string\"}}],\"inLanguage\":\"it-IT\"},{\"@type\":\"Person\",\"@id\":\"https:\\\/\\\/www.vibrahotels.com\\\/blog\\\/it\\\/#\\\/schema\\\/person\\\/ad74f13df6e44e7081ef65424f668972\",\"name\":\"The Ibiza Blog\",\"image\":{\"@type\":\"ImageObject\",\"inLanguage\":\"it-IT\",\"@id\":\"https:\\\/\\\/secure.gravatar.com\\\/avatar\\\/d172713df318fe4ba11547ee4a70ab1eae0206026db57d7a5920186b9f5ee855?s=96&d=mm&r=g\",\"url\":\"https:\\\/\\\/secure.gravatar.com\\\/avatar\\\/d172713df318fe4ba11547ee4a70ab1eae0206026db57d7a5920186b9f5ee855?s=96&d=mm&r=g\",\"contentUrl\":\"https:\\\/\\\/secure.gravatar.com\\\/avatar\\\/d172713df318fe4ba11547ee4a70ab1eae0206026db57d7a5920186b9f5ee855?s=96&d=mm&r=g\",\"caption\":\"The Ibiza Blog\"},\"url\":\"https:\\\/\\\/www.vibrahotels.com\\\/blog\\\/it\\\/author\\\/the-ibiza-blog\\\/\"}]}<\/script>\n<!-- \/ Yoast SEO plugin. -->","yoast_head_json":{"title":"Settimana Santa a Ibiza: viaggia in famiglia sull'isola - Islander by Vibra Hotels","robots":{"index":"index","follow":"follow","max-snippet":"max-snippet:-1","max-image-preview":"max-image-preview:large","max-video-preview":"max-video-preview:-1"},"canonical":"https:\/\/www.vibrahotels.com\/blog\/it\/pasa-tu-semana-santa-en-familia-en-ibiza\/","og_locale":"it_IT","og_type":"article","og_title":"Settimana Santa a Ibiza: viaggia in famiglia sull'isola - Islander by Vibra Hotels","og_description":"Arrivano le vacanze di Settimana Santa, il periodo perfetto per visitare l&#8217;idilliaca isola bianca con maggiore tranquillit\u00e0 e godere di un bel clima in famiglia. Le Isole Baleari sono una grande opzione per viaggiare in famiglia in questo periodo dell\u2019anno....","og_url":"https:\/\/www.vibrahotels.com\/blog\/it\/pasa-tu-semana-santa-en-familia-en-ibiza\/","og_site_name":"Islander by Vibra Hotels","article_published_time":"2025-02-21T08:00:54+00:00","article_modified_time":"2025-04-03T10:53:46+00:00","og_image":[{"width":1000,"height":667,"url":"https:\/\/www.vibrahotels.com\/blog\/wp-content\/uploads\/2024\/10\/shutterstock_1527803825.jpg","type":"image\/jpeg"}],"author":"The Ibiza Blog","twitter_card":"summary_large_image","twitter_misc":{"Scritto da":"The Ibiza Blog","Tempo di lettura stimato":"4 minuti"},"schema":{"@context":"https:\/\/schema.org","@graph":[{"@type":"Article","@id":"https:\/\/www.vibrahotels.com\/blog\/it\/pasa-tu-semana-santa-en-familia-en-ibiza\/#article","isPartOf":{"@id":"https:\/\/www.vibrahotels.com\/blog\/it\/pasa-tu-semana-santa-en-familia-en-ibiza\/"},"author":{"name":"The Ibiza Blog","@id":"https:\/\/www.vibrahotels.com\/blog\/it\/#\/schema\/person\/ad74f13df6e44e7081ef65424f668972"},"headline":"Settimana Santa a Ibiza: viaggia in famiglia sull&#8217;isola","datePublished":"2025-02-21T08:00:54+00:00","dateModified":"2025-04-03T10:53:46+00:00","mainEntityOfPage":{"@id":"https:\/\/www.vibrahotels.com\/blog\/it\/pasa-tu-semana-santa-en-familia-en-ibiza\/"},"wordCount":810,"image":{"@id":"https:\/\/www.vibrahotels.com\/blog\/it\/pasa-tu-semana-santa-en-familia-en-ibiza\/#primaryimage"},"thumbnailUrl":"https:\/\/www.vibrahotels.com\/blog\/wp-content\/uploads\/2024\/10\/shutterstock_1527803825.jpg","articleSection":["Piani Ibiza","Travel"],"inLanguage":"it-IT"},{"@type":"WebPage","@id":"https:\/\/www.vibrahotels.com\/blog\/it\/pasa-tu-semana-santa-en-familia-en-ibiza\/","url":"https:\/\/www.vibrahotels.com\/blog\/it\/pasa-tu-semana-santa-en-familia-en-ibiza\/","name":"Settimana Santa a Ibiza: viaggia in famiglia sull'isola - Islander by Vibra Hotels","isPartOf":{"@id":"https:\/\/www.vibrahotels.com\/blog\/it\/#website"},"primaryImageOfPage":{"@id":"https:\/\/www.vibrahotels.com\/blog\/it\/pasa-tu-semana-santa-en-familia-en-ibiza\/#primaryimage"},"image":{"@id":"https:\/\/www.vibrahotels.com\/blog\/it\/pasa-tu-semana-santa-en-familia-en-ibiza\/#primaryimage"},"thumbnailUrl":"https:\/\/www.vibrahotels.com\/blog\/wp-content\/uploads\/2024\/10\/shutterstock_1527803825.jpg","datePublished":"2025-02-21T08:00:54+00:00","dateModified":"2025-04-03T10:53:46+00:00","author":{"@id":"https:\/\/www.vibrahotels.com\/blog\/it\/#\/schema\/person\/ad74f13df6e44e7081ef65424f668972"},"breadcrumb":{"@id":"https:\/\/www.vibrahotels.com\/blog\/it\/pasa-tu-semana-santa-en-familia-en-ibiza\/#breadcrumb"},"inLanguage":"it-IT","potentialAction":[{"@type":"ReadAction","target":["https:\/\/www.vibrahotels.com\/blog\/it\/pasa-tu-semana-santa-en-familia-en-ibiza\/"]}]},{"@type":"ImageObject","inLanguage":"it-IT","@id":"https:\/\/www.vibrahotels.com\/blog\/it\/pasa-tu-semana-santa-en-familia-en-ibiza\/#primaryimage","url":"https:\/\/www.vibrahotels.com\/blog\/wp-content\/uploads\/2024\/10\/shutterstock_1527803825.jpg","contentUrl":"https:\/\/www.vibrahotels.com\/blog\/wp-content\/uploads\/2024\/10\/shutterstock_1527803825.jpg","width":1000,"height":667},{"@type":"BreadcrumbList","@id":"https:\/\/www.vibrahotels.com\/blog\/it\/pasa-tu-semana-santa-en-familia-en-ibiza\/#breadcrumb","itemListElement":[{"@type":"ListItem","position":1,"name":"Portada","item":"https:\/\/www.vibrahotels.com\/blog\/it\/"},{"@type":"ListItem","position":2,"name":"Settimana Santa a Ibiza: viaggia in famiglia sull&#8217;isola"}]},{"@type":"WebSite","@id":"https:\/\/www.vibrahotels.com\/blog\/it\/#website","url":"https:\/\/www.vibrahotels.com\/blog\/it\/","name":"Islander by Vibra Hotels","description":"","potentialAction":[{"@type":"SearchAction","target":{"@type":"EntryPoint","urlTemplate":"https:\/\/www.vibrahotels.com\/blog\/it\/?s={search_term_string}"},"query-input":{"@type":"PropertyValueSpecification","valueRequired":true,"valueName":"search_term_string"}}],"inLanguage":"it-IT"},{"@type":"Person","@id":"https:\/\/www.vibrahotels.com\/blog\/it\/#\/schema\/person\/ad74f13df6e44e7081ef65424f668972","name":"The Ibiza Blog","image":{"@type":"ImageObject","inLanguage":"it-IT","@id":"https:\/\/secure.gravatar.com\/avatar\/d172713df318fe4ba11547ee4a70ab1eae0206026db57d7a5920186b9f5ee855?s=96&d=mm&r=g","url":"https:\/\/secure.gravatar.com\/avatar\/d172713df318fe4ba11547ee4a70ab1eae0206026db57d7a5920186b9f5ee855?s=96&d=mm&r=g","contentUrl":"https:\/\/secure.gravatar.com\/avatar\/d172713df318fe4ba11547ee4a70ab1eae0206026db57d7a5920186b9f5ee855?s=96&d=mm&r=g","caption":"The Ibiza Blog"},"url":"https:\/\/www.vibrahotels.com\/blog\/it\/author\/the-ibiza-blog\/"}]}},"_links":{"self":[{"href":"https:\/\/www.vibrahotels.com\/blog\/it\/wp-json\/wp\/v2\/posts\/9212","targetHints":{"allow":["GET"]}}],"collection":[{"href":"https:\/\/www.vibrahotels.com\/blog\/it\/wp-json\/wp\/v2\/posts"}],"about":[{"href":"https:\/\/www.vibrahotels.com\/blog\/it\/wp-json\/wp\/v2\/types\/post"}],"author":[{"embeddable":true,"href":"https:\/\/www.vibrahotels.com\/blog\/it\/wp-json\/wp\/v2\/users\/1"}],"replies":[{"embeddable":true,"href":"https:\/\/www.vibrahotels.com\/blog\/it\/wp-json\/wp\/v2\/comments?post=9212"}],"version-history":[{"count":1,"href":"https:\/\/www.vibrahotels.com\/blog\/it\/wp-json\/wp\/v2\/posts\/9212\/revisions"}],"predecessor-version":[{"id":9220,"href":"https:\/\/www.vibrahotels.com\/blog\/it\/wp-json\/wp\/v2\/posts\/9212\/revisions\/9220"}],"wp:featuredmedia":[{"embeddable":true,"href":"https:\/\/www.vibrahotels.com\/blog\/it\/wp-json\/wp\/v2\/media\/9214"}],"wp:attachment":[{"href":"https:\/\/www.vibrahotels.com\/blog\/it\/wp-json\/wp\/v2\/media?parent=9212"}],"wp:term":[{"taxonomy":"category","embeddable":true,"href":"https:\/\/www.vibrahotels.com\/blog\/it\/wp-json\/wp\/v2\/categories?post=9212"},{"taxonomy":"post_tag","embeddable":true,"href":"https:\/\/www.vibrahotels.com\/blog\/it\/wp-json\/wp\/v2\/tags?post=9212"}],"curies":[{"name":"wp","href":"https:\/\/api.w.org\/{rel}","templated":true}]}}